{"id":93881,"date":"2019-05-27T22:30:10","date_gmt":"2019-05-28T01:30:10","guid":{"rendered":"http:\/\/www.hoymercedes.com.ar\/principal\/?p=93881"},"modified":"2019-05-28T08:38:01","modified_gmt":"2019-05-28T11:38:01","slug":"paso-el-primer-dia-de-juicio-por-jurado-por-femicidio","status":"publish","type":"post","link":"https:\/\/www.hoymercedes.com.ar\/principal\/2019\/05\/27\/paso-el-primer-dia-de-juicio-por-jurado-por-femicidio\/","title":{"rendered":"Pas\u00f3 el primer d\u00eda de juicio por jurado por femicidio"},"content":{"rendered":"\n<p>Desde la ma\u00f1ana temprano y hasta las cuatro de la tarde, en la esquina de 21 y 20 se llev\u00f3 adelante la primera jornada del juicio por jurado por un caso de femicidio en Paso del Rey. <\/p>\n\n\n\n<p>Durante el primer d\u00eda, se entrevist\u00f3 a cada uno de los jurados para seleccionar a los doce que tendr\u00e1n la funci\u00f3n de decidir la culpabilidad o no del acusado. Se decidieron qui\u00e9nes ser\u00e1n los doce jurados titulares y los seis suplentes del jurados. Continuar\u00e1n ma\u00f1ana a primera hora. <\/p>\n\n\n\n<p>El fiscal de juicio es Eduardo Lennard, mientras que el acusado tiene a un abogado particular. <\/p>\n\n\n\n<p>Se espera que desde el d\u00eda martes comiencen a dar sus testimonios algunos de los 40 testigos convocados por ambas partes. <\/p>\n\n\n\n<p><strong>Causa<\/strong><\/p>\n\n\n\n<p>En noviembre de 2015 mor\u00eda Daniela Rutherford en Paso del Rey (Moreno) tras haber sido degollada y con 16 pu\u00f1aladas en el cuerpo. Unos meses hab\u00eda denunciado a Alan Viale por amenazas. Por la muerte de Daniela, Viale fue detenido por la Gendarmer\u00eda, en Misiones, luego de haber permanecido varios d\u00edas pr\u00f3fugo tras el hallazgo del cuerpo de la joven.<\/p>\n\n\n\n<p>Tras varias instancias, se lleg\u00f3 al Tribunal Oral en lo Criminal N\u00b0 1 de Mercedes y este lunes comenz\u00f3 el juicio bajo la modalidad de Juicio por Jurados. Por las amenazas previas, Viale ya tiene una condena de 4 a\u00f1os y 5 meses.  <\/p>\n\n\n\n<p>La causa toma notoriedad nacional porque el acusado es el hijo del ex agente de la SIDE, Pedro \u201cEl Lauch\u00f3n\u201d Viale, asesinado en 2013.  Adem\u00e1s se supo en el listado de testigos a favor del acusado aportados por la defensa estar\u00edan Elisa \u201cLilita\u201d Carrio, y Antonio \u201cJaime\u201d Stiuso, ex jefe de Contrainteligencia de la antigua SIDE (Servicio de Inteligencia Del Estado)  <\/p>\n\n\n\n<p>Cabe recordar que mientras dure el juicio, una cuadra a la redonda de la intersecci\u00f3n de las calles 21 y 20 est\u00e1n cerradas al tr\u00e1nsito. Solo los vecinos de la zona y personas autorizadas podr\u00e1n ingresar al sector cercado. <\/p>\n","protected":false},"excerpt":{"rendered":"<p>Desde la ma\u00f1ana temprano y hasta las cuatro de la tarde, en la esquina de 21 y 20 se llev\u00f3 &#8230; <a title=\"Pas\u00f3 el primer d\u00eda de juicio por jurado por femicidio\" class=\"read-more\" href=\"https:\/\/www.hoymercedes.com.ar\/principal\/2019\/05\/27\/paso-el-primer-dia-de-juicio-por-jurado-por-femicidio\/\" aria-label=\"Leer m\u00e1s sobre Pas\u00f3 el primer d\u00eda de juicio por jurado por femicidio\">Leer m\u00e1s<\/a><\/p>\n","protected":false},"author":1,"featured_media":93883,"comment_status":"closed","ping_status":"open","sticky":false,"template":"","format":"standard","meta":{"_monsterinsights_skip_tracking":false,"_monsterinsights_sitenote_active":false,"_monsterinsights_sitenote_note":"","_monsterinsights_sitenote_category":0,"jetpack_post_was_ever_published":false,"_jetpack_newsletter_access":"","_jetpack_dont_email_post_to_subs":false,"_jetpack_newsletter_tier_id":0,"_jetpack_memberships_contains_paywalled_content":false,"_jetpack_memberships_contains_paid_content":false,"footnotes":"","jetpack_publicize_message":"","jetpack_publicize_feature_enabled":true,"jetpack_social_post_already_shared":true,"jetpack_social_options":{"image_generator_settings":{"template":"highway","default_image_id":0,"font":"","enabled":false},"version":2},"_wpas_customize_per_network":false},"categories":[85],"tags":[10435,5398,325],"class_list":["post-93881","post","type-post","status-publish","format-standard","has-post-thumbnail","hentry","category-policial","tag-femicidio","tag-juicio-por-jurado","tag-justicia","generate-columns","tablet-grid-50","mobile-grid-100","grid-parent","grid-50"],"jetpack_publicize_connections":[],"jetpack_featured_media_url":"https:\/\/www.hoymercedes.com.ar\/principal\/wp-content\/uploads\/2019\/05\/27-juicio-por-jurado.jpg","wps_subtitle":"Largo juicio","jetpack_sharing_enabled":true,"_links":{"self":[{"href":"https:\/\/www.hoymercedes.com.ar\/principal\/wp-json\/wp\/v2\/posts\/93881","targetHints":{"allow":["GET"]}}],"collection":[{"href":"https:\/\/www.hoymercedes.com.ar\/principal\/wp-json\/wp\/v2\/posts"}],"about":[{"href":"https:\/\/www.hoymercedes.com.ar\/principal\/wp-json\/wp\/v2\/types\/post"}],"author":[{"embeddable":true,"href":"https:\/\/www.hoymercedes.com.ar\/principal\/wp-json\/wp\/v2\/users\/1"}],"replies":[{"embeddable":true,"href":"https:\/\/www.hoymercedes.com.ar\/principal\/wp-json\/wp\/v2\/comments?post=93881"}],"version-history":[{"count":0,"href":"https:\/\/www.hoymercedes.com.ar\/principal\/wp-json\/wp\/v2\/posts\/93881\/revisions"}],"wp:featuredmedia":[{"embeddable":true,"href":"https:\/\/www.hoymercedes.com.ar\/principal\/wp-json\/wp\/v2\/media\/93883"}],"wp:attachment":[{"href":"https:\/\/www.hoymercedes.com.ar\/principal\/wp-json\/wp\/v2\/media?parent=93881"}],"wp:term":[{"taxonomy":"category","embeddable":true,"href":"https:\/\/www.hoymercedes.com.ar\/principal\/wp-json\/wp\/v2\/categories?post=93881"},{"taxonomy":"post_tag","embeddable":true,"href":"https:\/\/www.hoymercedes.com.ar\/principal\/wp-json\/wp\/v2\/tags?post=93881"}],"curies":[{"name":"wp","href":"https:\/\/api.w.org\/{rel}","templated":true}]}}