{"id":93889,"date":"2019-05-27T20:46:25","date_gmt":"2019-05-27T23:46:25","guid":{"rendered":"http:\/\/www.hoymercedes.com.ar\/principal\/?p=93889"},"modified":"2019-05-27T20:46:28","modified_gmt":"2019-05-27T23:46:28","slug":"en-primera-holanda-sorprendio-a-el-fronton-talleres-a-estudiantes-ganaron-todos-los-de-la-zona-b-y-perdieron-todos-los-de-la-d","status":"publish","type":"post","link":"https:\/\/www.hoymercedes.com.ar\/principal\/2019\/05\/27\/en-primera-holanda-sorprendio-a-el-fronton-talleres-a-estudiantes-ganaron-todos-los-de-la-zona-b-y-perdieron-todos-los-de-la-d\/","title":{"rendered":"En Primera, Holanda sorprendi\u00f3 a El Front\u00f3n, Talleres a Estudiantes, ganaron todos los de la Zona B y perdieron todos los de la D"},"content":{"rendered":"\n<p>En este certamen de Primera Divisi\u00f3n particular que tiene la Liga Mercedina, se dio la casualidad que todos los equipos que juegan la Zona B, la m\u00e1s complicada de las cuatro, ganaron sus partidos interzonales, mientras que todos los que est\u00e1n en la D, perdieron, lo que hace que no haya modificaciones posicionales en estos casos.<\/p>\n\n\n\n<p>Por otra parte, En la Zona A, Estudiantes sigue perdiendo terreno ante Pabell\u00f3n, ya que le empat\u00f3 con lo justo a un Talleres que sum\u00f3 su primer punto en la historia de la Liga en Primera Divisi\u00f3n, pero los de Marcos Paz ganaron y con tres partidos pendientes, ya le sacaron seis puntos de ventaja a un Pincha que ilusion\u00f3 al principio del torneo pero que luego se diluy\u00f3. El que se le acerc\u00f3 fue Holanda, que este domingo derrot\u00f3 a El Front\u00f3n en cancha de la Liga, en lo que fue el primer triunfo del campeonato.<\/p>\n\n\n\n<p>En la Zona C, Quilmes se escap\u00f3 en la punta tras golear a un Uni\u00f3n que va de mal en peor y Defensores, tras vencer a La Diego Armando, ahora qued\u00f3 tercero y quiere pelear el segundo pelda\u00f1o a Los Carteros.<\/p>\n\n\n\n<p>El torneo lleg\u00f3 a la mitad en esta duod\u00e9cima fecha y empieza a mostrar la injusticia en su forma de juego, ya que la Zona B, que tiene a cinco equipos que suelen pelear en la Liguilla, alguno se va a quedar afuera con una cantidad de puntos que le permita en otro grupo clasificar en la segunda posici\u00f3n. Si el torneo finalizara hoy, Col\u00f3n, con 16 puntos, ser\u00eda el eliminado, mientras que en la Zona A clasificar\u00eda segundo, en la C, tercero por diferencia de gol, y en la D cuarto. Cosas de este torneo pensado por la dirigencia de un club y aprobado por el resto. Sin dudas, para el pr\u00f3ximo a\u00f1o, la soluci\u00f3n ser\u00e1 dividir en dos categor\u00edas y que ascienda el que realmente lo merece, y no dar tanto premio a equipos nuevos que est\u00e1n muy lejos del nivel de Primera Divisi\u00f3n local.<\/p>\n\n\n\n<p><strong>Club Mercedes 2:<\/strong>&nbsp;Germ\u00e1n Puliti y Santiago Selva.<br><strong>Juventud de Suipacha 1:<\/strong>&nbsp;Tom\u00e1s Rosetti.<\/p>\n\n\n\n<p><strong>La Diego Armando 0.<br>Defensores Juniors 1:<\/strong>&nbsp;Ferrero.<\/p>\n\n\n\n<p><strong>Los Carteros 0.<br>Pabell\u00f3n Argentino 1:<\/strong>&nbsp;Ezequiel Lacroutz.<\/p>\n\n\n\n<p><strong>El Tim\u00f3n 1:<\/strong>&nbsp;Federico Monz\u00f3n.<br><strong>Col\u00f3n 2:<\/strong>&nbsp;Araujo y L\u00f3pez.<\/p>\n\n\n\n<p><strong>Estudiantes 1:<\/strong>&nbsp;Axel Reyne.<br><strong>Talleres 1:<\/strong>&nbsp;Lucas Basualdo.<\/p>\n\n\n\n<p><strong>Quilmes 5:&nbsp;<\/strong>Jonathan L\u00f3pez 3, Alejandro Cardozo y Nicol\u00e1s Paniagua.<br><strong>Uni\u00f3n 0.<\/strong><\/p>\n\n\n\n<p><strong>Holanda 1:<\/strong>&nbsp;Rodrigo Colicigno.<br><strong>El Front\u00f3n 0.<\/strong><\/p>\n\n\n\n<p><strong>AMEFIP San Mart\u00edn 0.<br>Ateneo 4:<\/strong>&nbsp;Nicol\u00e1s Ram\u00edrez, Angel Pucheta, Ger\u00f3nimo Purcelli 2.<\/p>\n\n\n\n<p><strong>Costa Brava 0.<br>Trocha 3:&nbsp;<\/strong>Santiago Yasky 2 y Juan Giorgione.<\/p>\n\n\n\n<p><strong>Atl\u00e9tico Marcos Paz 2:<\/strong>\u00a0Facundo Heredia y Sebasti\u00e1n Avalos.<br><strong>V\u00e9lez Sarsfield 1.<\/strong><\/p>\n\n\n\n<figure class=\"wp-block-image\"><img loading=\"lazy\" decoding=\"async\" width=\"652\" height=\"793\" data-attachment-id=\"93890\" data-permalink=\"https:\/\/www.hoymercedes.com.ar\/principal\/2019\/05\/27\/en-primera-holanda-sorprendio-a-el-fronton-talleres-a-estudiantes-ganaron-todos-los-de-la-zona-b-y-perdieron-todos-los-de-la-d\/primera-liga-pos-9-2\/#main\" data-orig-file=\"https:\/\/www.hoymercedes.com.ar\/principal\/wp-content\/uploads\/2019\/05\/PRIMERA-LIGA-POS-9.png\" data-orig-size=\"652,793\" data-comments-opened=\"0\" data-image-meta=\"{&quot;aperture&quot;:&quot;0&quot;,&quot;credit&quot;:&quot;&quot;,&quot;camera&quot;:&quot;&quot;,&quot;caption&quot;:&quot;&quot;,&quot;created_timestamp&quot;:&quot;0&quot;,&quot;copyright&quot;:&quot;&quot;,&quot;focal_length&quot;:&quot;0&quot;,&quot;iso&quot;:&quot;0&quot;,&quot;shutter_speed&quot;:&quot;0&quot;,&quot;title&quot;:&quot;&quot;,&quot;orientation&quot;:&quot;0&quot;}\" data-image-title=\"PRIMERA-LIGA-POS-9\" data-image-description=\"\" data-image-caption=\"\" data-large-file=\"https:\/\/www.hoymercedes.com.ar\/principal\/wp-content\/uploads\/2019\/05\/PRIMERA-LIGA-POS-9.png\" src=\"https:\/\/www.hoymercedes.com.ar\/principal\/wp-content\/uploads\/2019\/05\/PRIMERA-LIGA-POS-9.png\" alt=\"\" class=\"wp-image-93890\" srcset=\"https:\/\/www.hoymercedes.com.ar\/principal\/wp-content\/uploads\/2019\/05\/PRIMERA-LIGA-POS-9.png 652w, https:\/\/www.hoymercedes.com.ar\/principal\/wp-content\/uploads\/2019\/05\/PRIMERA-LIGA-POS-9-123x150.png 123w, https:\/\/www.hoymercedes.com.ar\/principal\/wp-content\/uploads\/2019\/05\/PRIMERA-LIGA-POS-9-510x620.png 510w\" sizes=\"auto, (max-width: 652px) 100vw, 652px\" \/><\/figure>\n\n\n\n<div class=\"wp-block-image\"><figure class=\"aligncenter\"><img loading=\"lazy\" decoding=\"async\" width=\"330\" height=\"450\" data-attachment-id=\"93891\" data-permalink=\"https:\/\/www.hoymercedes.com.ar\/principal\/2019\/05\/27\/en-primera-holanda-sorprendio-a-el-fronton-talleres-a-estudiantes-ganaron-todos-los-de-la-zona-b-y-perdieron-todos-los-de-la-d\/goles-liga-pri-4-2\/#main\" data-orig-file=\"https:\/\/www.hoymercedes.com.ar\/principal\/wp-content\/uploads\/2019\/05\/Goles-LIGA-PRI-4.png\" data-orig-size=\"330,450\" data-comments-opened=\"0\" data-image-meta=\"{&quot;aperture&quot;:&quot;0&quot;,&quot;credit&quot;:&quot;&quot;,&quot;camera&quot;:&quot;&quot;,&quot;caption&quot;:&quot;&quot;,&quot;created_timestamp&quot;:&quot;0&quot;,&quot;copyright&quot;:&quot;&quot;,&quot;focal_length&quot;:&quot;0&quot;,&quot;iso&quot;:&quot;0&quot;,&quot;shutter_speed&quot;:&quot;0&quot;,&quot;title&quot;:&quot;&quot;,&quot;orientation&quot;:&quot;0&quot;}\" data-image-title=\"Goles-LIGA-PRI-4\" data-image-description=\"\" data-image-caption=\"\" data-large-file=\"https:\/\/www.hoymercedes.com.ar\/principal\/wp-content\/uploads\/2019\/05\/Goles-LIGA-PRI-4.png\" src=\"https:\/\/www.hoymercedes.com.ar\/principal\/wp-content\/uploads\/2019\/05\/Goles-LIGA-PRI-4.png\" alt=\"\" class=\"wp-image-93891\" srcset=\"https:\/\/www.hoymercedes.com.ar\/principal\/wp-content\/uploads\/2019\/05\/Goles-LIGA-PRI-4.png 330w, https:\/\/www.hoymercedes.com.ar\/principal\/wp-content\/uploads\/2019\/05\/Goles-LIGA-PRI-4-110x150.png 110w\" sizes=\"auto, (max-width: 330px) 100vw, 330px\" \/><\/figure><\/div>\n","protected":false},"excerpt":{"rendered":"<p>En este certamen de Primera Divisi\u00f3n particular que tiene la Liga Mercedina, se dio la casualidad que todos los equipos &#8230; <a title=\"En Primera, Holanda sorprendi\u00f3 a El Front\u00f3n, Talleres a Estudiantes, ganaron todos los de la Zona B y perdieron todos los de la D\" class=\"read-more\" href=\"https:\/\/www.hoymercedes.com.ar\/principal\/2019\/05\/27\/en-primera-holanda-sorprendio-a-el-fronton-talleres-a-estudiantes-ganaron-todos-los-de-la-zona-b-y-perdieron-todos-los-de-la-d\/\" aria-label=\"Leer m\u00e1s sobre En Primera, Holanda sorprendi\u00f3 a El Front\u00f3n, Talleres a Estudiantes, ganaron todos los de la Zona B y perdieron todos los de la D\">Leer m\u00e1s<\/a><\/p>\n","protected":false},"author":1,"featured_media":93890,"comment_status":"closed","ping_status":"open","sticky":false,"template":"","format":"standard","meta":{"_monsterinsights_skip_tracking":false,"_monsterinsights_sitenote_active":false,"_monsterinsights_sitenote_note":"","_monsterinsights_sitenote_category":0,"jetpack_post_was_ever_published":false,"_jetpack_newsletter_access":"","_jetpack_dont_email_post_to_subs":false,"_jetpack_newsletter_tier_id":0,"_jetpack_memberships_contains_paywalled_content":false,"_jetpack_memberships_contains_paid_content":false,"footnotes":"","jetpack_publicize_message":"","jetpack_publicize_feature_enabled":true,"jetpack_social_post_already_shared":true,"jetpack_social_options":{"image_generator_settings":{"template":"highway","default_image_id":0,"font":"","enabled":false},"version":2},"_wpas_customize_per_network":false},"categories":[21],"tags":[1901,8996],"class_list":["post-93889","post","type-post","status-publish","format-standard","has-post-thumbnail","hentry","category-deportes","tag-liga-mercedina","tag-primera-division","generate-columns","tablet-grid-50","mobile-grid-100","grid-parent","grid-50"],"jetpack_publicize_connections":[],"jetpack_featured_media_url":"https:\/\/www.hoymercedes.com.ar\/principal\/wp-content\/uploads\/2019\/05\/PRIMERA-LIGA-POS-9.png","wps_subtitle":"Liga Mercedina","jetpack_sharing_enabled":true,"_links":{"self":[{"href":"https:\/\/www.hoymercedes.com.ar\/principal\/wp-json\/wp\/v2\/posts\/93889","targetHints":{"allow":["GET"]}}],"collection":[{"href":"https:\/\/www.hoymercedes.com.ar\/principal\/wp-json\/wp\/v2\/posts"}],"about":[{"href":"https:\/\/www.hoymercedes.com.ar\/principal\/wp-json\/wp\/v2\/types\/post"}],"author":[{"embeddable":true,"href":"https:\/\/www.hoymercedes.com.ar\/principal\/wp-json\/wp\/v2\/users\/1"}],"replies":[{"embeddable":true,"href":"https:\/\/www.hoymercedes.com.ar\/principal\/wp-json\/wp\/v2\/comments?post=93889"}],"version-history":[{"count":0,"href":"https:\/\/www.hoymercedes.com.ar\/principal\/wp-json\/wp\/v2\/posts\/93889\/revisions"}],"wp:featuredmedia":[{"embeddable":true,"href":"https:\/\/www.hoymercedes.com.ar\/principal\/wp-json\/wp\/v2\/media\/93890"}],"wp:attachment":[{"href":"https:\/\/www.hoymercedes.com.ar\/principal\/wp-json\/wp\/v2\/media?parent=93889"}],"wp:term":[{"taxonomy":"category","embeddable":true,"href":"https:\/\/www.hoymercedes.com.ar\/principal\/wp-json\/wp\/v2\/categories?post=93889"},{"taxonomy":"post_tag","embeddable":true,"href":"https:\/\/www.hoymercedes.com.ar\/principal\/wp-json\/wp\/v2\/tags?post=93889"}],"curies":[{"name":"wp","href":"https:\/\/api.w.org\/{rel}","templated":true}]}}