{"id":93894,"date":"2019-05-27T20:54:01","date_gmt":"2019-05-27T23:54:01","guid":{"rendered":"http:\/\/www.hoymercedes.com.ar\/principal\/?p=93894"},"modified":"2019-05-27T21:38:55","modified_gmt":"2019-05-28T00:38:55","slug":"en-reserva-mercedes-vencio-a-juventud-y-alcanzo-a-ateneo-que-empato-ante-san-martin","status":"publish","type":"post","link":"https:\/\/www.hoymercedes.com.ar\/principal\/2019\/05\/27\/en-reserva-mercedes-vencio-a-juventud-y-alcanzo-a-ateneo-que-empato-ante-san-martin\/","title":{"rendered":"En Reserva, Mercedes venci\u00f3 a Juventud y alcanz\u00f3 a Ateneo, que empat\u00f3 ante San Mart\u00edn"},"content":{"rendered":"\n<p>Con los resultados del fin de semana, el torneo de Reserva de la Liga Mercedina no tuvo mayores cambios en Reserva. Sin embargo, en la Zona B, Ateneo no pudo sostenerse en soledad en la punta y fue alcanzado por Mercedes, mientras que Trocha empat\u00f3 y no pudo acercarse.<\/p>\n\n\n\n<p>Holanda sigue siendo l\u00edder, pero se acerc\u00f3 Pabell\u00f3n, que gan\u00f3 y que todav\u00eda debe tres partidos. En la Zona C, Quilmes sigue siendo el \u00fanico l\u00edder, y lo ser\u00e1 por algunas jornadas m\u00e1s, mientras que la D tampoco cambi\u00f3 porque ning\u00fan equipo gan\u00f3.<\/p>\n\n\n\n<p><strong>La Diego Armando 3:&nbsp;<\/strong>Federico Denis, Rodrigo Montenegro y Lautaro Grizusich.<br><strong>Defensores Juniors 0<\/strong>.<\/p>\n\n\n\n<p><strong>Club Mercedes 3:<\/strong>&nbsp;Francisco Silvestre, Juli\u00e1n Lussello y Juan Luza.<br><strong>Juventud 1:<\/strong>&nbsp;Vicente Bernal.<\/p>\n\n\n\n<p><strong>El Tim\u00f3n 0.<br>Col\u00f3n 1:<\/strong>\u00a0Sebasti\u00e1n Lusardi.<\/p>\n\n\n\n<p><strong>Quilmes 4:<\/strong>&nbsp;Joaqu\u00edn Dabove, Braian Flores, Alejandro Cardozo y Lucas Nocetti.<br><strong>Uni\u00f3n 0<\/strong>.<\/p>\n\n\n\n<p><strong>Holanda 1:<\/strong>&nbsp;Pablo Monz\u00f3n.<br><strong>El Front\u00f3n 1:<\/strong>&nbsp;Sergio G\u00f3mez.<\/p>\n\n\n\n<p><strong>Los Carteros 1:<\/strong>&nbsp;Mat\u00edn Zuleta.<br><strong>Pabell\u00f3n Argentino 3:<\/strong>&nbsp;Juan Castelano, Facundo Molinari 2.<\/p>\n\n\n\n<p><strong>Estudiantes 1:<\/strong>&nbsp;Ariel Ballesteros.<br><strong>Talleres 0<\/strong>.<\/p>\n\n\n\n<p><strong>AMEFIIP San Mart\u00edn 1:<\/strong>&nbsp;Diego Benedetti.<br><strong>Ateneo 1:<\/strong>&nbsp;Claudio Carrizo.<\/p>\n\n\n\n<p><strong>Costa Brava 2:<\/strong>\u00a0Augusto Mansilla 2.<br><strong>Trocha 2:<\/strong>\u00a0N\u00e9stor Curima y Francisco Bavastro.<br><strong><br>Atl\u00e9tico Marcos Paz 3:<\/strong>\u00a0Pablo Mires, Erik Morales y Gabriel Ram\u00edrez.<br><strong>V\u00e9lez Sarsfield 1:<\/strong>\u00a0Lucas Cuello.<\/p>\n\n\n\n<figure class=\"wp-block-image\"><img loading=\"lazy\" decoding=\"async\" width=\"652\" height=\"788\" data-attachment-id=\"93895\" data-permalink=\"https:\/\/www.hoymercedes.com.ar\/principal\/2019\/05\/27\/en-reserva-mercedes-vencio-a-juventud-y-alcanzo-a-ateneo-que-empato-ante-san-martin\/reserva-liga-pos-5-2\/#main\" data-orig-file=\"https:\/\/www.hoymercedes.com.ar\/principal\/wp-content\/uploads\/2019\/05\/RESERVA-LIGA-POS-5.png\" data-orig-size=\"652,788\" data-comments-opened=\"0\" data-image-meta=\"{&quot;aperture&quot;:&quot;0&quot;,&quot;credit&quot;:&quot;&quot;,&quot;camera&quot;:&quot;&quot;,&quot;caption&quot;:&quot;&quot;,&quot;created_timestamp&quot;:&quot;0&quot;,&quot;copyright&quot;:&quot;&quot;,&quot;focal_length&quot;:&quot;0&quot;,&quot;iso&quot;:&quot;0&quot;,&quot;shutter_speed&quot;:&quot;0&quot;,&quot;title&quot;:&quot;&quot;,&quot;orientation&quot;:&quot;0&quot;}\" data-image-title=\"RESERVA-LIGA-POS-5\" data-image-description=\"\" data-image-caption=\"\" data-large-file=\"https:\/\/www.hoymercedes.com.ar\/principal\/wp-content\/uploads\/2019\/05\/RESERVA-LIGA-POS-5.png\" src=\"https:\/\/www.hoymercedes.com.ar\/principal\/wp-content\/uploads\/2019\/05\/RESERVA-LIGA-POS-5.png\" alt=\"\" class=\"wp-image-93895\" srcset=\"https:\/\/www.hoymercedes.com.ar\/principal\/wp-content\/uploads\/2019\/05\/RESERVA-LIGA-POS-5.png 652w, https:\/\/www.hoymercedes.com.ar\/principal\/wp-content\/uploads\/2019\/05\/RESERVA-LIGA-POS-5-124x150.png 124w, https:\/\/www.hoymercedes.com.ar\/principal\/wp-content\/uploads\/2019\/05\/RESERVA-LIGA-POS-5-513x620.png 513w\" sizes=\"auto, (max-width: 652px) 100vw, 652px\" \/><\/figure>\n\n\n\n<div class=\"wp-block-image\"><figure class=\"aligncenter\"><img loading=\"lazy\" decoding=\"async\" width=\"332\" height=\"558\" data-attachment-id=\"93896\" data-permalink=\"https:\/\/www.hoymercedes.com.ar\/principal\/2019\/05\/27\/en-reserva-mercedes-vencio-a-juventud-y-alcanzo-a-ateneo-que-empato-ante-san-martin\/goles-liga-res-4-2\/#main\" data-orig-file=\"https:\/\/www.hoymercedes.com.ar\/principal\/wp-content\/uploads\/2019\/05\/GOLES-LIGA-RES-4.png\" data-orig-size=\"332,558\" data-comments-opened=\"0\" data-image-meta=\"{&quot;aperture&quot;:&quot;0&quot;,&quot;credit&quot;:&quot;&quot;,&quot;camera&quot;:&quot;&quot;,&quot;caption&quot;:&quot;&quot;,&quot;created_timestamp&quot;:&quot;0&quot;,&quot;copyright&quot;:&quot;&quot;,&quot;focal_length&quot;:&quot;0&quot;,&quot;iso&quot;:&quot;0&quot;,&quot;shutter_speed&quot;:&quot;0&quot;,&quot;title&quot;:&quot;&quot;,&quot;orientation&quot;:&quot;0&quot;}\" data-image-title=\"GOLES-LIGA-RES-4\" data-image-description=\"\" data-image-caption=\"\" data-large-file=\"https:\/\/www.hoymercedes.com.ar\/principal\/wp-content\/uploads\/2019\/05\/GOLES-LIGA-RES-4.png\" src=\"https:\/\/www.hoymercedes.com.ar\/principal\/wp-content\/uploads\/2019\/05\/GOLES-LIGA-RES-4.png\" alt=\"\" class=\"wp-image-93896\" srcset=\"https:\/\/www.hoymercedes.com.ar\/principal\/wp-content\/uploads\/2019\/05\/GOLES-LIGA-RES-4.png 332w, https:\/\/www.hoymercedes.com.ar\/principal\/wp-content\/uploads\/2019\/05\/GOLES-LIGA-RES-4-89x150.png 89w\" sizes=\"auto, (max-width: 332px) 100vw, 332px\" \/><\/figure><\/div>\n","protected":false},"excerpt":{"rendered":"<p>Con los resultados del fin de semana, el torneo de Reserva de la Liga Mercedina no tuvo mayores cambios en &#8230; <a title=\"En Reserva, Mercedes venci\u00f3 a Juventud y alcanz\u00f3 a Ateneo, que empat\u00f3 ante San Mart\u00edn\" class=\"read-more\" href=\"https:\/\/www.hoymercedes.com.ar\/principal\/2019\/05\/27\/en-reserva-mercedes-vencio-a-juventud-y-alcanzo-a-ateneo-que-empato-ante-san-martin\/\" aria-label=\"Leer m\u00e1s sobre En Reserva, Mercedes venci\u00f3 a Juventud y alcanz\u00f3 a Ateneo, que empat\u00f3 ante San Mart\u00edn\">Leer m\u00e1s<\/a><\/p>\n","protected":false},"author":1,"featured_media":93895,"comment_status":"closed","ping_status":"open","sticky":false,"template":"","format":"standard","meta":{"_monsterinsights_skip_tracking":false,"_monsterinsights_sitenote_active":false,"_monsterinsights_sitenote_note":"","_monsterinsights_sitenote_category":0,"jetpack_post_was_ever_published":false,"_jetpack_newsletter_access":"","_jetpack_dont_email_post_to_subs":false,"_jetpack_newsletter_tier_id":0,"_jetpack_memberships_contains_paywalled_content":false,"_jetpack_memberships_contains_paid_content":false,"footnotes":"","jetpack_publicize_message":"","jetpack_publicize_feature_enabled":true,"jetpack_social_post_already_shared":true,"jetpack_social_options":{"image_generator_settings":{"template":"highway","default_image_id":0,"font":"","enabled":false},"version":2},"_wpas_customize_per_network":false},"categories":[21],"tags":[1901],"class_list":["post-93894","post","type-post","status-publish","format-standard","has-post-thumbnail","hentry","category-deportes","tag-liga-mercedina","generate-columns","tablet-grid-50","mobile-grid-100","grid-parent","grid-50"],"jetpack_publicize_connections":[],"jetpack_featured_media_url":"https:\/\/www.hoymercedes.com.ar\/principal\/wp-content\/uploads\/2019\/05\/RESERVA-LIGA-POS-5.png","wps_subtitle":"Liga Mercedina","jetpack_sharing_enabled":true,"_links":{"self":[{"href":"https:\/\/www.hoymercedes.com.ar\/principal\/wp-json\/wp\/v2\/posts\/93894","targetHints":{"allow":["GET"]}}],"collection":[{"href":"https:\/\/www.hoymercedes.com.ar\/principal\/wp-json\/wp\/v2\/posts"}],"about":[{"href":"https:\/\/www.hoymercedes.com.ar\/principal\/wp-json\/wp\/v2\/types\/post"}],"author":[{"embeddable":true,"href":"https:\/\/www.hoymercedes.com.ar\/principal\/wp-json\/wp\/v2\/users\/1"}],"replies":[{"embeddable":true,"href":"https:\/\/www.hoymercedes.com.ar\/principal\/wp-json\/wp\/v2\/comments?post=93894"}],"version-history":[{"count":0,"href":"https:\/\/www.hoymercedes.com.ar\/principal\/wp-json\/wp\/v2\/posts\/93894\/revisions"}],"wp:featuredmedia":[{"embeddable":true,"href":"https:\/\/www.hoymercedes.com.ar\/principal\/wp-json\/wp\/v2\/media\/93895"}],"wp:attachment":[{"href":"https:\/\/www.hoymercedes.com.ar\/principal\/wp-json\/wp\/v2\/media?parent=93894"}],"wp:term":[{"taxonomy":"category","embeddable":true,"href":"https:\/\/www.hoymercedes.com.ar\/principal\/wp-json\/wp\/v2\/categories?post=93894"},{"taxonomy":"post_tag","embeddable":true,"href":"https:\/\/www.hoymercedes.com.ar\/principal\/wp-json\/wp\/v2\/tags?post=93894"}],"curies":[{"name":"wp","href":"https:\/\/api.w.org\/{rel}","templated":true}]}}