{"id":9391,"date":"2011-11-27T01:49:08","date_gmt":"2011-11-27T01:49:08","guid":{"rendered":"http:\/\/www.hoymercedes.com.ar\/principal\/?p=9391"},"modified":"2011-11-29T01:27:12","modified_gmt":"2011-11-29T01:27:12","slug":"el-conejo-envio-a-la-comision-de-economia-y-hacienda-el-proyecto-de-presupuesto-2012","status":"publish","type":"post","link":"https:\/\/www.hoymercedes.com.ar\/principal\/2011\/11\/27\/el-conejo-envio-a-la-comision-de-economia-y-hacienda-el-proyecto-de-presupuesto-2012\/","title":{"rendered":"El Concejo envi\u00f3 a la Comisi\u00f3n de Econom\u00eda y Hacienda el proyecto de presupuesto 2012"},"content":{"rendered":"<p>Este a\u00f1o no habr\u00e1 reuniones programadas con funcionarios pero si estos estar\u00e1n a disposici\u00f3n del edil que los convoque para hacer las precisiones correspondientes. Buscan aprobar el c\u00e1lculo de recursos y gastos con la actual composici\u00f3n del Cuerpo es decir antes del 10 de diciembre<\/p>\n<p>A menos de 24 horas de haber sido entregado en la Secretar\u00eda del Concejo Deliberante el proyecto de Ordenanza relacionado con el C\u00e1lculo de Gastos y recursos para el 2012, el presidente del mismo Dr. Mart\u00edn Zubeld\u00eda convoc\u00f3 a los integrantes del Cuerpo a sesi\u00f3n extraordinaria para dar oficialmente ingreso al mismo y as\u00ed poder girarlo a la Comisi\u00f3n de econom\u00eda y Hacienda seg\u00fan lo manifestado en horas de la ma\u00f1ana de ayer el presidente del Bloque de Concejales del Frente para la Victoria, Ingeniero Marcelo Den\u00e1pole qui\u00e9n sostuvo \u201ctal como lo dieran a conocer ustedes a trav\u00e9s del diario, el jueves casi a la hora de cierre de la secretar\u00eda del Concejo, los integrantes nos entregaron el proyecto de ordenanza sobre el presupuesto para el 2012 y nos informaron que posiblemente al concluir la semana pr\u00f3xima estar\u00e1n haciendo algo similar con la propuesta Fisca General e Impositiva, es decir la que marca los valores de las tasas y servicios que presta la comuna.<\/p>\n<p>Para ganar tiempo el presidente Mart\u00edn Zubeld\u00eda acord\u00f3 con los prsidentes de los blqoues hace esta ma\u00f1ana (por ayer9 una extraordinaria para dar ingreso a la propuesta y de esa manera poder girarla a la Comisi\u00f3n de Econom\u00eda y Hacienda para que sus integrantes comiencen a efectuar el an\u00e1lisis correspondiente y emitir los dict\u00e1menes que crean convenientes para poder trata en sesi\u00f3n plenaria la norma antes del 10 de diciembre, es decir con la actual composici\u00f3n del Concejo.<\/p>\n<p>Nosotros en la sesi\u00f3n que realizamos hoy tambi\u00e9n aprovechamos para tratar otro expediente dando ingreso al mismo que tiene que ver con la firma por parte del Intendente Carlos Selva de un convenio con el Ministerio de Desarrollo Humano de la Provincia de Buenos Aires permitiendo de esa manera la aplicaci\u00f3n de nuevas variante que se presentan en el marco de la ejecuci\u00f3n del Programa Envi\u00f3n, que es el que trabajan con los adolescentes en riesgo tratando de darles una ocupaci\u00f3n en el tiempo, el uso productovo del mismo y tambi\u00e9n facilitar la concreci\u00f3n de tareas recreativas.<\/p>\n<p>Ahora en la sesi\u00f3n ordinaria que estaremos realizando el martes ya que como se sabe el lunes es feriado nacional, se van a tratar los detalles relacionados con el estudio del presupuesto y la manera en que los integrantes de los diferentes bloques de concejales puedan encontrarse con los distintos funcionarios del Departamento Ejecutivo y hacerles las preguntas aclaratorias que estimen convenientes.<\/p>\n<p>En tal sentido, hasta ahora al menos, no se llevar\u00e1n a cabo como ocurriera hasta el a\u00f1o pasado, las reuniones por \u00e1reas sino que los concejales dispondremos de una serie de horarios y de d\u00edas para poder hablar directamente con el funcionario si es que lo consideramos necesarios\u201d<\/p>\n<p>Por \u00faltimo Denapole record\u00f3 \u201cla del martes ser\u00e1 la ultima Sesi\u00f3n Ordinaria del a\u00f1o 2012 debido a que como lo indica la Ley Org\u00e1nica de las Municipalidades el 30 de noviembre se clausura el Periodo Ordinario de Sesiones del a\u00f1o, lo cual no implica que en forma extraordinaria sigamos a lo largo de diciembre formalizando dichos encuentros\u201d.<\/p>\n","protected":false},"excerpt":{"rendered":"<p>Este a\u00f1o no habr\u00e1 reuniones programadas con funcionarios pero si estos estar\u00e1n a disposici\u00f3n del edil que los convoque para &#8230; <a title=\"El Concejo envi\u00f3 a la Comisi\u00f3n de Econom\u00eda y Hacienda el proyecto de presupuesto 2012\" class=\"read-more\" href=\"https:\/\/www.hoymercedes.com.ar\/principal\/2011\/11\/27\/el-conejo-envio-a-la-comision-de-economia-y-hacienda-el-proyecto-de-presupuesto-2012\/\" aria-label=\"Leer m\u00e1s sobre El Concejo envi\u00f3 a la Comisi\u00f3n de Econom\u00eda y Hacienda el proyecto de presupuesto 2012\">Leer m\u00e1s<\/a><\/p>\n","protected":false},"author":1,"featured_media":0,"comment_status":"open","ping_status":"open","sticky":false,"template":"","format":"standard","meta":{"_monsterinsights_skip_tracking":false,"_monsterinsights_sitenote_active":false,"_monsterinsights_sitenote_note":"","_monsterinsights_sitenote_category":0,"jetpack_post_was_ever_published":false,"_jetpack_newsletter_access":"","_jetpack_dont_email_post_to_subs":false,"_jetpack_newsletter_tier_id":0,"_jetpack_memberships_contains_paywalled_content":false,"_jetpack_memberships_contains_paid_content":false,"footnotes":"","jetpack_publicize_message":"","jetpack_publicize_feature_enabled":true,"jetpack_social_post_already_shared":false,"jetpack_social_options":{"image_generator_settings":{"template":"highway","default_image_id":0,"font":"","enabled":false},"version":2},"_wpas_customize_per_network":false},"categories":[5],"tags":[1633],"class_list":["post-9391","post","type-post","status-publish","format-standard","hentry","category-politica","tag-presupuesto-2012-mercedes","generate-columns","tablet-grid-50","mobile-grid-100","grid-parent","grid-50"],"jetpack_publicize_connections":[],"jetpack_featured_media_url":"","wps_subtitle":"","jetpack_sharing_enabled":true,"_links":{"self":[{"href":"https:\/\/www.hoymercedes.com.ar\/principal\/wp-json\/wp\/v2\/posts\/9391","targetHints":{"allow":["GET"]}}],"collection":[{"href":"https:\/\/www.hoymercedes.com.ar\/principal\/wp-json\/wp\/v2\/posts"}],"about":[{"href":"https:\/\/www.hoymercedes.com.ar\/principal\/wp-json\/wp\/v2\/types\/post"}],"author":[{"embeddable":true,"href":"https:\/\/www.hoymercedes.com.ar\/principal\/wp-json\/wp\/v2\/users\/1"}],"replies":[{"embeddable":true,"href":"https:\/\/www.hoymercedes.com.ar\/principal\/wp-json\/wp\/v2\/comments?post=9391"}],"version-history":[{"count":0,"href":"https:\/\/www.hoymercedes.com.ar\/principal\/wp-json\/wp\/v2\/posts\/9391\/revisions"}],"wp:attachment":[{"href":"https:\/\/www.hoymercedes.com.ar\/principal\/wp-json\/wp\/v2\/media?parent=9391"}],"wp:term":[{"taxonomy":"category","embeddable":true,"href":"https:\/\/www.hoymercedes.com.ar\/principal\/wp-json\/wp\/v2\/categories?post=9391"},{"taxonomy":"post_tag","embeddable":true,"href":"https:\/\/www.hoymercedes.com.ar\/principal\/wp-json\/wp\/v2\/tags?post=9391"}],"curies":[{"name":"wp","href":"https:\/\/api.w.org\/{rel}","templated":true}]}}