{"id":93931,"date":"2019-05-28T10:00:21","date_gmt":"2019-05-28T13:00:21","guid":{"rendered":"http:\/\/www.hoymercedes.com.ar\/principal\/?p=93931"},"modified":"2019-05-28T16:09:34","modified_gmt":"2019-05-28T19:09:34","slug":"cuarto-ano-de-la-feria-ambiental","status":"publish","type":"post","link":"https:\/\/www.hoymercedes.com.ar\/principal\/2019\/05\/28\/cuarto-ano-de-la-feria-ambiental\/","title":{"rendered":"Cuarto a\u00f1o de la Feria Ambiental"},"content":{"rendered":"\n<p>Con el objetivo de celebrar el d\u00eda del ambiente (celebrado el d\u00eda 5 de junio), el venidero domingo 2 de junio, 14:30 hs. Plaza San Luis, se llevar\u00e1 adelante la cuarta edici\u00f3n de la Feria Ambiental que la Asociaci\u00f3n Civil S.O.S. H\u00e1bitat organiza cada a\u00f1o. En esta oportunidad, referentes del Mercado  Sustentable de La Trocha se mudar\u00e1n a la plaza para celebrar el d\u00eda. <\/p>\n\n\n\n<p>El domingo por la tarde, entonces, productores de verduras agroecol\u00f3gicas y org\u00e1nicas, productores de jabones artesanales, alimentos saludables, art\u00edculos realizados con material reciclado, entre otros, con m\u00fasicos locales <\/p>\n\n\n\n<p>Es una oportunidad tambi\u00e9n para llevar residuos\u00a0 reciclables, secos y limpios, como botellas pl\u00e1sticas y de vidrio, papeles, cartones y envases de aluminio ya que habr\u00e1 contenedores para disponer de estos materiales que el Movimiento de trabajadores est\u00e1 clasificando en nuestra ciudad.<\/p>\n\n\n\n<p>La cita es en la plaza San Luis a partir de las 14.30 del d\u00eda domingo 2 de junio. <\/p>\n\n\n\n<figure class=\"wp-block-image\"><img loading=\"lazy\" decoding=\"async\" width=\"480\" height=\"672\" data-attachment-id=\"93932\" data-permalink=\"https:\/\/www.hoymercedes.com.ar\/principal\/2019\/05\/28\/cuarto-ano-de-la-feria-ambiental\/28-feria-ambiental\/#main\" data-orig-file=\"https:\/\/www.hoymercedes.com.ar\/principal\/wp-content\/uploads\/2019\/05\/28-feria-ambiental.png\" data-orig-size=\"480,672\" data-comments-opened=\"0\" data-image-meta=\"{&quot;aperture&quot;:&quot;0&quot;,&quot;credit&quot;:&quot;&quot;,&quot;camera&quot;:&quot;&quot;,&quot;caption&quot;:&quot;&quot;,&quot;created_timestamp&quot;:&quot;0&quot;,&quot;copyright&quot;:&quot;&quot;,&quot;focal_length&quot;:&quot;0&quot;,&quot;iso&quot;:&quot;0&quot;,&quot;shutter_speed&quot;:&quot;0&quot;,&quot;title&quot;:&quot;&quot;,&quot;orientation&quot;:&quot;0&quot;}\" data-image-title=\"28 feria ambiental\" data-image-description=\"\" data-image-caption=\"\" data-large-file=\"https:\/\/www.hoymercedes.com.ar\/principal\/wp-content\/uploads\/2019\/05\/28-feria-ambiental.png\" src=\"https:\/\/www.hoymercedes.com.ar\/principal\/wp-content\/uploads\/2019\/05\/28-feria-ambiental.png\" alt=\"\" class=\"wp-image-93932\" srcset=\"https:\/\/www.hoymercedes.com.ar\/principal\/wp-content\/uploads\/2019\/05\/28-feria-ambiental.png 480w, https:\/\/www.hoymercedes.com.ar\/principal\/wp-content\/uploads\/2019\/05\/28-feria-ambiental-107x150.png 107w, https:\/\/www.hoymercedes.com.ar\/principal\/wp-content\/uploads\/2019\/05\/28-feria-ambiental-443x620.png 443w\" sizes=\"auto, (max-width: 480px) 100vw, 480px\" \/><\/figure>\n","protected":false},"excerpt":{"rendered":"<p>Con el objetivo de celebrar el d\u00eda del ambiente (celebrado el d\u00eda 5 de junio), el venidero domingo 2 de &#8230; <a title=\"Cuarto a\u00f1o de la Feria Ambiental\" class=\"read-more\" href=\"https:\/\/www.hoymercedes.com.ar\/principal\/2019\/05\/28\/cuarto-ano-de-la-feria-ambiental\/\" aria-label=\"Leer m\u00e1s sobre Cuarto a\u00f1o de la Feria Ambiental\">Leer m\u00e1s<\/a><\/p>\n","protected":false},"author":1,"featured_media":93932,"comment_status":"closed","ping_status":"open","sticky":false,"template":"","format":"standard","meta":{"_monsterinsights_skip_tracking":false,"_monsterinsights_sitenote_active":false,"_monsterinsights_sitenote_note":"","_monsterinsights_sitenote_category":0,"jetpack_post_was_ever_published":false,"_jetpack_newsletter_access":"","_jetpack_dont_email_post_to_subs":false,"_jetpack_newsletter_tier_id":0,"_jetpack_memberships_contains_paywalled_content":false,"_jetpack_memberships_contains_paid_content":false,"footnotes":"","jetpack_publicize_message":"","jetpack_publicize_feature_enabled":true,"jetpack_social_post_already_shared":true,"jetpack_social_options":{"image_generator_settings":{"template":"highway","default_image_id":0,"font":"","enabled":false},"version":2},"_wpas_customize_per_network":false},"categories":[11],"tags":[9390,11255,887],"class_list":["post-93931","post","type-post","status-publish","format-standard","has-post-thumbnail","hentry","category-ciudad","tag-dia-del-ambiente","tag-feria-ambiental","tag-sos-habitat","generate-columns","tablet-grid-50","mobile-grid-100","grid-parent","grid-50"],"jetpack_publicize_connections":[],"jetpack_featured_media_url":"https:\/\/www.hoymercedes.com.ar\/principal\/wp-content\/uploads\/2019\/05\/28-feria-ambiental.png","wps_subtitle":"","jetpack_sharing_enabled":true,"_links":{"self":[{"href":"https:\/\/www.hoymercedes.com.ar\/principal\/wp-json\/wp\/v2\/posts\/93931","targetHints":{"allow":["GET"]}}],"collection":[{"href":"https:\/\/www.hoymercedes.com.ar\/principal\/wp-json\/wp\/v2\/posts"}],"about":[{"href":"https:\/\/www.hoymercedes.com.ar\/principal\/wp-json\/wp\/v2\/types\/post"}],"author":[{"embeddable":true,"href":"https:\/\/www.hoymercedes.com.ar\/principal\/wp-json\/wp\/v2\/users\/1"}],"replies":[{"embeddable":true,"href":"https:\/\/www.hoymercedes.com.ar\/principal\/wp-json\/wp\/v2\/comments?post=93931"}],"version-history":[{"count":0,"href":"https:\/\/www.hoymercedes.com.ar\/principal\/wp-json\/wp\/v2\/posts\/93931\/revisions"}],"wp:featuredmedia":[{"embeddable":true,"href":"https:\/\/www.hoymercedes.com.ar\/principal\/wp-json\/wp\/v2\/media\/93932"}],"wp:attachment":[{"href":"https:\/\/www.hoymercedes.com.ar\/principal\/wp-json\/wp\/v2\/media?parent=93931"}],"wp:term":[{"taxonomy":"category","embeddable":true,"href":"https:\/\/www.hoymercedes.com.ar\/principal\/wp-json\/wp\/v2\/categories?post=93931"},{"taxonomy":"post_tag","embeddable":true,"href":"https:\/\/www.hoymercedes.com.ar\/principal\/wp-json\/wp\/v2\/tags?post=93931"}],"curies":[{"name":"wp","href":"https:\/\/api.w.org\/{rel}","templated":true}]}}