{"id":93934,"date":"2019-05-28T11:30:08","date_gmt":"2019-05-28T14:30:08","guid":{"rendered":"http:\/\/www.hoymercedes.com.ar\/principal\/?p=93934"},"modified":"2019-05-28T16:08:51","modified_gmt":"2019-05-28T19:08:51","slug":"firman-nuevo-convenio-ambiental-con-caidim","status":"publish","type":"post","link":"https:\/\/www.hoymercedes.com.ar\/principal\/2019\/05\/28\/firman-nuevo-convenio-ambiental-con-caidim\/","title":{"rendered":"Firman nuevo convenio ambiental con CAIDIM"},"content":{"rendered":"\n<p>El intendente&nbsp;&nbsp;Juan Ignacio Ustarroz firm\u00f3 un nuevo convenio que apunta a la recolecci\u00f3n del Aceite Vegetal Usado (AVU) y su posterior reciclado. El Municipio de Mercedes, a trav\u00e9s del Departamento de Ambiente, lleva adelante este programa que cuenta con la participaci\u00f3n de comercios del sector gastron\u00f3mico, la empresa RBA Ambiental (responsable del retiro del aceite vegetal usado generado en los comercios para su posterior transformaci\u00f3n en Biocombustibles) y el taller protegido CAIDIM que funciona como centro de acopio primario del AVU y accede tambi\u00e9n a un beneficio econ\u00f3mico derivado de la venta del aceite.<\/p>\n\n\n\n<p>En primera instancia el intendente Ustarroz agradeci\u00f3 \u201cel acompa\u00f1amiento de CAIDIM que es una de las pioneras en nuestra ciudad de realizar separaci\u00f3n en origen y en generar trabajo desde una perspectiva de inclusi\u00f3n\u201d y subray\u00f3 \u201cconocemos la calidez, la seriedad y el compromiso con el cual trabajan, motivo por el cual, para nosotros como municipio, estar permanentemente trabajando, apoyando y articulando con CAIDIM es algo realmente muy positivo\u201d<\/p>\n\n\n\n<p>Asimismo, el Dr. Ustarroz se\u00f1al\u00f3 \u201ctener una conciencia ambiental y sustentable para nuestra ciudad es sumamente valioso\u201d y puntualiz\u00f3 \u201cestamos llevando adelante much\u00edsimas pol\u00edticas ambientales que impulsan y tienen como objetivo tener una ciudad m\u00e1s sustentable a nivel ambiental\u201d.<\/p>\n\n\n\n<p>\u201cAgradecemos a todos los vecinos que se sumaron e invitamos a los que faltan, como as\u00ed tambi\u00e9n esperamos que m\u00e1s comercios se sumen a esta iniciativa que beneficia a esta querida instituci\u00f3n y a toda la ciudad\u201d impuls\u00f3 el Dr. Ustarroz.&nbsp;<\/p>\n\n\n\n<p>Desde enero del 2018 hasta este momento hemos recolectado 20 mil litros de aceite vegetal usado en la ciudad \u201ccada litro de aceite contamina mil litros de agua y obstruye las ca\u00f1er\u00edas\u201d inform\u00f3 Ustarroz.<\/p>\n\n\n\n<p>Recalc\u00f3 Agust\u00edn Lasala. \u201chemos logrado que cada 15 d\u00edas el cami\u00f3n recolector por diferentes lugares de la ciudad\u201d y agreg\u00f3 \u201calrededor de 45 establecimientos gastron\u00f3micos se encuentran subscriptos dentro de esta iniciativa\u201d.<\/p>\n\n\n\n<p>\u201cEsto es un beneficio para una entidad como CAIDIM como as\u00ed tambi\u00e9n para la ciudad ya que no se obstruyen las napas y los canales de agua\u201d asegur\u00f3 Lasala.&nbsp;&nbsp;&nbsp;<\/p>\n\n\n\n<p>Por su parte, Mar\u00eda Silva, responsable de CAIDIM, expres\u00f3: muy contenta porque se siga con este tema de la recolecci\u00f3n de aceite\u201d y apunt\u00f3 \u201calrededor de 500 familias que llevan su aceite a CAIDIM, y que la gente tome conciencia que no debe tirarlo a las cloacas, por el perjuicio que ocasiona, es muy importante\u201d.<\/p>\n\n\n\n<p>Adem\u00e1s, afirm\u00f3 \u201cde esta manera no s\u00f3lo favorecemos a la instituci\u00f3n sino tambi\u00e9n a que la ciudad no se contamine\u201d y alent\u00f3 \u201caquellos que a\u00fan no se han sumado, que lo hagan porque cuidamos el medio ambiente y reconvertimos ese aceite en trabajo y en un ingreso para la instituci\u00f3n\u201d.&nbsp;&nbsp;&nbsp;&nbsp;<\/p>\n\n\n\n<p>Tambi\u00e9n se hizo presente Flavio Porcille, Pte RBA Ambiental, qui\u00e9n subray\u00f3 \u201cvenimos trabajando muy bien con el Municipio de Mercedes, el apoyo es total\u201d y agreg\u00f3 \u201cla gante d\u00eda a d\u00eda va comprendiendo lo que estamos haciendo y va entendiendo que es una ayuda para la ciudadan\u00eda\u201d.<\/p>\n\n\n\n<p>\u201cEl esfuerzo es entre todos, ac\u00e1 participamos dentro de una cadena de valor y se ve materializado todos los d\u00edas en el esfuerzo que pone el Municipio y CAIDIM en lograr un ambiente mejor\u201d destac\u00f3 Porcille. Se cont\u00f3, adem\u00e1s, con la presencia de Juan Cruz Mend\u00eda, responsable de medio ambiente y de Tatiana L\u00f3pez, responsable de Discapacidad.<\/p>\n\n\n\n<p>La recolecci\u00f3n de AVUs permite preservar la salud de la poblaci\u00f3n evitando que estos aceites puedan ser reutilizados para el consumo humano, concientizar a la comunidad sobre la importancia de preservar el ambiente en que vivimos, evitar la contaminaci\u00f3n de agua y suelo y propiciar la generaci\u00f3n de biocombustibles, favoreciendo un desarrollo sustentable.<\/p>\n\n\n\n<p>Fuente: Prensa Municipal<br><\/p>\n","protected":false},"excerpt":{"rendered":"<p>El intendente&nbsp;&nbsp;Juan Ignacio Ustarroz firm\u00f3 un nuevo convenio que apunta a la recolecci\u00f3n del Aceite Vegetal Usado (AVU) y su &#8230; <a title=\"Firman nuevo convenio ambiental con CAIDIM\" class=\"read-more\" href=\"https:\/\/www.hoymercedes.com.ar\/principal\/2019\/05\/28\/firman-nuevo-convenio-ambiental-con-caidim\/\" aria-label=\"Leer m\u00e1s sobre Firman nuevo convenio ambiental con CAIDIM\">Leer m\u00e1s<\/a><\/p>\n","protected":false},"author":1,"featured_media":93935,"comment_status":"closed","ping_status":"open","sticky":false,"template":"","format":"standard","meta":{"_monsterinsights_skip_tracking":false,"_monsterinsights_sitenote_active":false,"_monsterinsights_sitenote_note":"","_monsterinsights_sitenote_category":0,"jetpack_post_was_ever_published":false,"_jetpack_newsletter_access":"","_jetpack_dont_email_post_to_subs":false,"_jetpack_newsletter_tier_id":0,"_jetpack_memberships_contains_paywalled_content":false,"_jetpack_memberships_contains_paid_content":false,"footnotes":"","jetpack_publicize_message":"","jetpack_publicize_feature_enabled":true,"jetpack_social_post_already_shared":true,"jetpack_social_options":{"image_generator_settings":{"template":"highway","default_image_id":0,"font":"","enabled":false},"version":2},"_wpas_customize_per_network":false},"categories":[30],"tags":[2483,43,244],"class_list":["post-93934","post","type-post","status-publish","format-standard","has-post-thumbnail","hentry","category-municipio","tag-caidim","tag-medio-ambiente","tag-municipio-2","generate-columns","tablet-grid-50","mobile-grid-100","grid-parent","grid-50"],"jetpack_publicize_connections":[],"jetpack_featured_media_url":"https:\/\/www.hoymercedes.com.ar\/principal\/wp-content\/uploads\/2019\/05\/28-Firma-Caidim-2.jpg","wps_subtitle":"","jetpack_sharing_enabled":true,"_links":{"self":[{"href":"https:\/\/www.hoymercedes.com.ar\/principal\/wp-json\/wp\/v2\/posts\/93934","targetHints":{"allow":["GET"]}}],"collection":[{"href":"https:\/\/www.hoymercedes.com.ar\/principal\/wp-json\/wp\/v2\/posts"}],"about":[{"href":"https:\/\/www.hoymercedes.com.ar\/principal\/wp-json\/wp\/v2\/types\/post"}],"author":[{"embeddable":true,"href":"https:\/\/www.hoymercedes.com.ar\/principal\/wp-json\/wp\/v2\/users\/1"}],"replies":[{"embeddable":true,"href":"https:\/\/www.hoymercedes.com.ar\/principal\/wp-json\/wp\/v2\/comments?post=93934"}],"version-history":[{"count":0,"href":"https:\/\/www.hoymercedes.com.ar\/principal\/wp-json\/wp\/v2\/posts\/93934\/revisions"}],"wp:featuredmedia":[{"embeddable":true,"href":"https:\/\/www.hoymercedes.com.ar\/principal\/wp-json\/wp\/v2\/media\/93935"}],"wp:attachment":[{"href":"https:\/\/www.hoymercedes.com.ar\/principal\/wp-json\/wp\/v2\/media?parent=93934"}],"wp:term":[{"taxonomy":"category","embeddable":true,"href":"https:\/\/www.hoymercedes.com.ar\/principal\/wp-json\/wp\/v2\/categories?post=93934"},{"taxonomy":"post_tag","embeddable":true,"href":"https:\/\/www.hoymercedes.com.ar\/principal\/wp-json\/wp\/v2\/tags?post=93934"}],"curies":[{"name":"wp","href":"https:\/\/api.w.org\/{rel}","templated":true}]}}