{"id":9394,"date":"2011-11-27T01:50:34","date_gmt":"2011-11-27T01:50:34","guid":{"rendered":"http:\/\/www.hoymercedes.com.ar\/principal\/?p=9394"},"modified":"2011-11-27T01:56:17","modified_gmt":"2011-11-27T01:56:17","slug":"las-elecciones-del-club-atletico-boca-juniors-se-viven-en-mercedes","status":"publish","type":"post","link":"https:\/\/www.hoymercedes.com.ar\/principal\/2011\/11\/27\/las-elecciones-del-club-atletico-boca-juniors-se-viven-en-mercedes\/","title":{"rendered":"Las elecciones del Club Atl\u00e9tico Boca Juniors se viven en Mercedes"},"content":{"rendered":"<p><a href=\"https:\/\/www.hoymercedes.com.ar\/principal\/wp-content\/uploads\/2011\/11\/Melo_Ameal.jpg\"><img loading=\"lazy\" decoding=\"async\" data-attachment-id=\"9396\" data-permalink=\"https:\/\/www.hoymercedes.com.ar\/principal\/2011\/11\/27\/las-elecciones-del-club-atletico-boca-juniors-se-viven-en-mercedes\/melo_ameal\/#main\" data-orig-file=\"https:\/\/www.hoymercedes.com.ar\/principal\/wp-content\/uploads\/2011\/11\/Melo_Ameal.jpg\" data-orig-size=\"612,459\" data-comments-opened=\"1\" data-image-meta=\"{&quot;aperture&quot;:&quot;0&quot;,&quot;credit&quot;:&quot;&quot;,&quot;camera&quot;:&quot;&quot;,&quot;caption&quot;:&quot;&quot;,&quot;created_timestamp&quot;:&quot;0&quot;,&quot;copyright&quot;:&quot;&quot;,&quot;focal_length&quot;:&quot;0&quot;,&quot;iso&quot;:&quot;0&quot;,&quot;shutter_speed&quot;:&quot;0&quot;,&quot;title&quot;:&quot;&quot;}\" data-image-title=\"Melo_Ameal\" data-image-description=\"\" data-image-caption=\"\" data-large-file=\"https:\/\/www.hoymercedes.com.ar\/principal\/wp-content\/uploads\/2011\/11\/Melo_Ameal.jpg\" class=\"aligncenter size-full wp-image-9396\" title=\"Melo_Ameal\" src=\"https:\/\/www.hoymercedes.com.ar\/principal\/wp-content\/uploads\/2011\/11\/Melo_Ameal.jpg\" alt=\"\" width=\"612\" height=\"459\" \/><\/a><\/p>\n<p>En los pr\u00f3ximos d\u00edas estar\u00e1n presentes en la ciudad las m\u00e1ximas autoridades del Departamento del Interior de la actual comisi\u00f3n directiva del club Atletico Boca Juniors bajo la conducci\u00f3n de Jorge Amor Ameal.<\/p>\n<p>Seg\u00fan coment\u00f3 el Director de Turismo, Marcelo Melo luego de una reuni\u00f3n que mantuvo con el candidato para un nuevo mandato en la presidencia del Club de la Rivera en Capital Federal: \u201cle brindamos todo el apoyo a la candidatura de Ameal y ya estamos trabajando con los socios del la Pe\u00f1a Diego Armando Maradona para reunirnos la pr\u00f3xima semana con integrantes del Club\u201d.<\/p>\n","protected":false},"excerpt":{"rendered":"<p>En los pr\u00f3ximos d\u00edas estar\u00e1n presentes en la ciudad las m\u00e1ximas autoridades del Departamento del Interior de la actual comisi\u00f3n &#8230; <a title=\"Las elecciones del Club Atl\u00e9tico Boca Juniors se viven en Mercedes\" class=\"read-more\" href=\"https:\/\/www.hoymercedes.com.ar\/principal\/2011\/11\/27\/las-elecciones-del-club-atletico-boca-juniors-se-viven-en-mercedes\/\" aria-label=\"Leer m\u00e1s sobre Las elecciones del Club Atl\u00e9tico Boca Juniors se viven en Mercedes\">Leer m\u00e1s<\/a><\/p>\n","protected":false},"author":1,"featured_media":0,"comment_status":"open","ping_status":"open","sticky":false,"template":"","format":"standard","meta":{"_monsterinsights_skip_tracking":false,"_monsterinsights_sitenote_active":false,"_monsterinsights_sitenote_note":"","_monsterinsights_sitenote_category":0,"jetpack_post_was_ever_published":false,"_jetpack_newsletter_access":"","_jetpack_dont_email_post_to_subs":false,"_jetpack_newsletter_tier_id":0,"_jetpack_memberships_contains_paywalled_content":false,"_jetpack_memberships_contains_paid_content":false,"footnotes":"","jetpack_publicize_message":"","jetpack_publicize_feature_enabled":true,"jetpack_social_post_already_shared":false,"jetpack_social_options":{"image_generator_settings":{"template":"highway","default_image_id":0,"font":"","enabled":false},"version":2},"_wpas_customize_per_network":false},"categories":[21],"tags":[],"class_list":["post-9394","post","type-post","status-publish","format-standard","hentry","category-deportes","generate-columns","tablet-grid-50","mobile-grid-100","grid-parent","grid-50"],"jetpack_publicize_connections":[],"jetpack_featured_media_url":"","wps_subtitle":"","jetpack_sharing_enabled":true,"_links":{"self":[{"href":"https:\/\/www.hoymercedes.com.ar\/principal\/wp-json\/wp\/v2\/posts\/9394","targetHints":{"allow":["GET"]}}],"collection":[{"href":"https:\/\/www.hoymercedes.com.ar\/principal\/wp-json\/wp\/v2\/posts"}],"about":[{"href":"https:\/\/www.hoymercedes.com.ar\/principal\/wp-json\/wp\/v2\/types\/post"}],"author":[{"embeddable":true,"href":"https:\/\/www.hoymercedes.com.ar\/principal\/wp-json\/wp\/v2\/users\/1"}],"replies":[{"embeddable":true,"href":"https:\/\/www.hoymercedes.com.ar\/principal\/wp-json\/wp\/v2\/comments?post=9394"}],"version-history":[{"count":0,"href":"https:\/\/www.hoymercedes.com.ar\/principal\/wp-json\/wp\/v2\/posts\/9394\/revisions"}],"wp:attachment":[{"href":"https:\/\/www.hoymercedes.com.ar\/principal\/wp-json\/wp\/v2\/media?parent=9394"}],"wp:term":[{"taxonomy":"category","embeddable":true,"href":"https:\/\/www.hoymercedes.com.ar\/principal\/wp-json\/wp\/v2\/categories?post=9394"},{"taxonomy":"post_tag","embeddable":true,"href":"https:\/\/www.hoymercedes.com.ar\/principal\/wp-json\/wp\/v2\/tags?post=9394"}],"curies":[{"name":"wp","href":"https:\/\/api.w.org\/{rel}","templated":true}]}}