{"id":94044,"date":"2019-05-29T12:32:14","date_gmt":"2019-05-29T15:32:14","guid":{"rendered":"http:\/\/www.hoymercedes.com.ar\/principal\/?p=94044"},"modified":"2019-05-29T09:41:57","modified_gmt":"2019-05-29T12:41:57","slug":"construir-futuro-certamen-de-robotica-para-estudiantes-secundarios","status":"publish","type":"post","link":"https:\/\/www.hoymercedes.com.ar\/principal\/2019\/05\/29\/construir-futuro-certamen-de-robotica-para-estudiantes-secundarios\/","title":{"rendered":"Construir Futuro: Certamen de rob\u00f3tica para estudiantes secundarios"},"content":{"rendered":"\n<p>En\nconjunto, el Centro de Formaci\u00f3n Laboral N\u00b0 402 y la Municipalidad de Mercedes\nlanzaron el programa \u201cConstruir Futuro\u201d con el objetivo de fortalecer la\nrelaci\u00f3n entre los adolescentes y las nuevas tecnolog\u00edas, la rob\u00f3tica y los\nnuevos usos y avances como herramienta positiva en la sociedad. <\/p>\n\n\n\n<figure class=\"wp-block-image\"><img loading=\"lazy\" decoding=\"async\" width=\"750\" height=\"500\" data-attachment-id=\"94040\" data-permalink=\"https:\/\/www.hoymercedes.com.ar\/principal\/2019\/05\/29\/aniversario-del-jardin-905-en-el-dia-de-la-maestra-jardinera\/29-robotica-1\/#main\" data-orig-file=\"https:\/\/www.hoymercedes.com.ar\/principal\/wp-content\/uploads\/2019\/05\/29-robotica-1.jpg\" data-orig-size=\"750,500\" data-comments-opened=\"0\" data-image-meta=\"{&quot;aperture&quot;:&quot;2&quot;,&quot;credit&quot;:&quot;&quot;,&quot;camera&quot;:&quot;Moto G (5S) Plus&quot;,&quot;caption&quot;:&quot;&quot;,&quot;created_timestamp&quot;:&quot;1559042800&quot;,&quot;copyright&quot;:&quot;&quot;,&quot;focal_length&quot;:&quot;3.59&quot;,&quot;iso&quot;:&quot;859&quot;,&quot;shutter_speed&quot;:&quot;0.058823529411765&quot;,&quot;title&quot;:&quot;&quot;,&quot;orientation&quot;:&quot;1&quot;}\" data-image-title=\"29 robotica 1\" data-image-description=\"\" data-image-caption=\"\" data-large-file=\"https:\/\/www.hoymercedes.com.ar\/principal\/wp-content\/uploads\/2019\/05\/29-robotica-1.jpg\" src=\"https:\/\/www.hoymercedes.com.ar\/principal\/wp-content\/uploads\/2019\/05\/29-robotica-1.jpg\" alt=\"\" class=\"wp-image-94040\" srcset=\"https:\/\/www.hoymercedes.com.ar\/principal\/wp-content\/uploads\/2019\/05\/29-robotica-1.jpg 750w, https:\/\/www.hoymercedes.com.ar\/principal\/wp-content\/uploads\/2019\/05\/29-robotica-1-150x100.jpg 150w, https:\/\/www.hoymercedes.com.ar\/principal\/wp-content\/uploads\/2019\/05\/29-robotica-1-630x420.jpg 630w, https:\/\/www.hoymercedes.com.ar\/principal\/wp-content\/uploads\/2019\/05\/29-robotica-1-720x480.jpg 720w, https:\/\/www.hoymercedes.com.ar\/principal\/wp-content\/uploads\/2019\/05\/29-robotica-1-360x240.jpg 360w\" sizes=\"auto, (max-width: 750px) 100vw, 750px\" \/><\/figure>\n\n\n\n<p>Ante alumnos del nivel secundario de escuelas de gesti\u00f3n p\u00fablica y privada, las autoridades municipales y del CFL N\u00b0 402 explicaron el alcance del programa y el certamen para los estudiantes. Tras una introducci\u00f3n y presentaci\u00f3n dada por la Directora de Ni\u00f1ez y Adolescencia Gabriela Olivella, el Director del Centro de Formaci\u00f3n Laboral N\u00b0 402, Xavier Gando explic\u00f3 los alcances de la propuesta y el programa Construir Futuro. <\/p>\n\n\n\n<p>\u201cHace un\ntiempo que nosotros estamos trabajando con la capacitaci\u00f3n en rob\u00f3tica e\nimpresoras 3D. Es por eso que nos pareci\u00f3 importante empezar con este proyecto.\nPor un lado, la Municipalidad se ha comprometido a donar los kits de rob\u00f3tica a\naquellas escuelas que no lo tengan, y nosotros desde el Centro de Formaci\u00f3n estaremos\nacompa\u00f1ando el proceso de capacitaci\u00f3n\u201d, explic\u00f3 Gando. &nbsp;En un principio se entregar\u00e1n 10 kits a las\nescuelas que lo requieran y sumar\u00e1 m\u00e1s en caso de ser necesario, ya que varias\nson las instituciones educativas, especialmente las t\u00e9cnicas que ya tienen\nestos kits. <\/p>\n\n\n\n<figure class=\"wp-block-image\"><img loading=\"lazy\" decoding=\"async\" width=\"750\" height=\"500\" data-attachment-id=\"94041\" data-permalink=\"https:\/\/www.hoymercedes.com.ar\/principal\/2019\/05\/29\/aniversario-del-jardin-905-en-el-dia-de-la-maestra-jardinera\/29-robotica-2\/#main\" data-orig-file=\"https:\/\/www.hoymercedes.com.ar\/principal\/wp-content\/uploads\/2019\/05\/29-robotica-2.jpg\" data-orig-size=\"750,500\" data-comments-opened=\"0\" data-image-meta=\"{&quot;aperture&quot;:&quot;2&quot;,&quot;credit&quot;:&quot;&quot;,&quot;camera&quot;:&quot;Moto G (5S) Plus&quot;,&quot;caption&quot;:&quot;&quot;,&quot;created_timestamp&quot;:&quot;1559044133&quot;,&quot;copyright&quot;:&quot;&quot;,&quot;focal_length&quot;:&quot;3.59&quot;,&quot;iso&quot;:&quot;790&quot;,&quot;shutter_speed&quot;:&quot;0.02&quot;,&quot;title&quot;:&quot;&quot;,&quot;orientation&quot;:&quot;1&quot;}\" data-image-title=\"29 robotica 2\" data-image-description=\"\" data-image-caption=\"\" data-large-file=\"https:\/\/www.hoymercedes.com.ar\/principal\/wp-content\/uploads\/2019\/05\/29-robotica-2.jpg\" src=\"https:\/\/www.hoymercedes.com.ar\/principal\/wp-content\/uploads\/2019\/05\/29-robotica-2.jpg\" alt=\"\" class=\"wp-image-94041\" srcset=\"https:\/\/www.hoymercedes.com.ar\/principal\/wp-content\/uploads\/2019\/05\/29-robotica-2.jpg 750w, https:\/\/www.hoymercedes.com.ar\/principal\/wp-content\/uploads\/2019\/05\/29-robotica-2-150x100.jpg 150w, https:\/\/www.hoymercedes.com.ar\/principal\/wp-content\/uploads\/2019\/05\/29-robotica-2-630x420.jpg 630w, https:\/\/www.hoymercedes.com.ar\/principal\/wp-content\/uploads\/2019\/05\/29-robotica-2-720x480.jpg 720w, https:\/\/www.hoymercedes.com.ar\/principal\/wp-content\/uploads\/2019\/05\/29-robotica-2-360x240.jpg 360w\" sizes=\"auto, (max-width: 750px) 100vw, 750px\" \/><\/figure>\n\n\n\n<p>\u201cLa segunda\nparte tiene que ver con la capacitaci\u00f3n a los instructores que acompa\u00f1ar\u00e1n a\nlas escuelas en el armado de los robots, la programaci\u00f3n de los robots y\ntambi\u00e9n acompa\u00f1ar\u00e1n en la competencia propiamente dicha con las inscripciones,\nla homologaci\u00f3n de los kits que no existan diferencias tecnol\u00f3gicas entre las\nescuelas. Las escuelas y los alumnos tendr\u00e1n distintas opciones que nosotros\niremos acompa\u00f1ando con los instructores. La competencia en s\u00ed tendr\u00e1 lugar en\nseptiembre, pero ahora empezaremos con el proceso de capacitaci\u00f3n y armado. Se\nintegra rob\u00f3tica y 3D en esta propuesta\u201d, agreg\u00f3 el representante del Centro de\nFormaci\u00f3n N\u00b0 402. <\/p>\n\n\n\n<p>Por su\nparte, el Jefe Comunal Juan Ignacio Ustarroz agreg\u00f3 que el programa viene\ngest\u00e1ndose hace un tiempo y que tiene dos ejes principales el programa. El primero\nque tiene que ver con la rob\u00f3tica y la construcci\u00f3n y comprensi\u00f3n de las nuevas\ntecnolog\u00edas. Y por otro lado, las \u201cimplicancias de las nuevas tecnolog\u00edas en un\naspecto negativo con el uso y abuso de ellas a trav\u00e9s del cyberacoso y el\ngrooming\u201d. Asimismo, adelant\u00f3 que en paralelo habr\u00e1 una capacitaci\u00f3n que\nbrindar\u00e1 la Universidad de Buenos Aires en materia de nuevas tecnolog\u00edas. <\/p>\n","protected":false},"excerpt":{"rendered":"<p>En conjunto, el Centro de Formaci\u00f3n Laboral N\u00b0 402 y la Municipalidad de Mercedes lanzaron el programa \u201cConstruir Futuro\u201d con &#8230; <a title=\"Construir Futuro: Certamen de rob\u00f3tica para estudiantes secundarios\" class=\"read-more\" href=\"https:\/\/www.hoymercedes.com.ar\/principal\/2019\/05\/29\/construir-futuro-certamen-de-robotica-para-estudiantes-secundarios\/\" aria-label=\"Leer m\u00e1s sobre Construir Futuro: Certamen de rob\u00f3tica para estudiantes secundarios\">Leer m\u00e1s<\/a><\/p>\n","protected":false},"author":1,"featured_media":94041,"comment_status":"closed","ping_status":"open","sticky":false,"template":"","format":"standard","meta":{"_monsterinsights_skip_tracking":false,"_monsterinsights_sitenote_active":false,"_monsterinsights_sitenote_note":"","_monsterinsights_sitenote_category":0,"jetpack_post_was_ever_published":false,"_jetpack_newsletter_access":"","_jetpack_dont_email_post_to_subs":false,"_jetpack_newsletter_tier_id":0,"_jetpack_memberships_contains_paywalled_content":false,"_jetpack_memberships_contains_paid_content":false,"footnotes":"","jetpack_publicize_message":"","jetpack_publicize_feature_enabled":true,"jetpack_social_post_already_shared":true,"jetpack_social_options":{"image_generator_settings":{"template":"highway","default_image_id":0,"font":"","enabled":false},"version":2},"_wpas_customize_per_network":false},"categories":[23],"tags":[15194,15192,47,15193],"class_list":["post-94044","post","type-post","status-publish","format-standard","has-post-thumbnail","hentry","category-educacion","tag-certamen","tag-construir-futuro","tag-educacion-2","tag-robotica","generate-columns","tablet-grid-50","mobile-grid-100","grid-parent","grid-50"],"jetpack_publicize_connections":[],"jetpack_featured_media_url":"https:\/\/www.hoymercedes.com.ar\/principal\/wp-content\/uploads\/2019\/05\/29-robotica-2.jpg","wps_subtitle":"NTICs y educaci\u00f3n","jetpack_sharing_enabled":true,"_links":{"self":[{"href":"https:\/\/www.hoymercedes.com.ar\/principal\/wp-json\/wp\/v2\/posts\/94044","targetHints":{"allow":["GET"]}}],"collection":[{"href":"https:\/\/www.hoymercedes.com.ar\/principal\/wp-json\/wp\/v2\/posts"}],"about":[{"href":"https:\/\/www.hoymercedes.com.ar\/principal\/wp-json\/wp\/v2\/types\/post"}],"author":[{"embeddable":true,"href":"https:\/\/www.hoymercedes.com.ar\/principal\/wp-json\/wp\/v2\/users\/1"}],"replies":[{"embeddable":true,"href":"https:\/\/www.hoymercedes.com.ar\/principal\/wp-json\/wp\/v2\/comments?post=94044"}],"version-history":[{"count":0,"href":"https:\/\/www.hoymercedes.com.ar\/principal\/wp-json\/wp\/v2\/posts\/94044\/revisions"}],"wp:featuredmedia":[{"embeddable":true,"href":"https:\/\/www.hoymercedes.com.ar\/principal\/wp-json\/wp\/v2\/media\/94041"}],"wp:attachment":[{"href":"https:\/\/www.hoymercedes.com.ar\/principal\/wp-json\/wp\/v2\/media?parent=94044"}],"wp:term":[{"taxonomy":"category","embeddable":true,"href":"https:\/\/www.hoymercedes.com.ar\/principal\/wp-json\/wp\/v2\/categories?post=94044"},{"taxonomy":"post_tag","embeddable":true,"href":"https:\/\/www.hoymercedes.com.ar\/principal\/wp-json\/wp\/v2\/tags?post=94044"}],"curies":[{"name":"wp","href":"https:\/\/api.w.org\/{rel}","templated":true}]}}