{"id":94115,"date":"2019-05-30T15:50:20","date_gmt":"2019-05-30T18:50:20","guid":{"rendered":"http:\/\/www.hoymercedes.com.ar\/principal\/?p=94115"},"modified":"2019-05-30T15:53:58","modified_gmt":"2019-05-30T18:53:58","slug":"provincia-anuncio-disminucion-en-la-tasa-de-mortalidad-infantil","status":"publish","type":"post","link":"https:\/\/www.hoymercedes.com.ar\/principal\/2019\/05\/30\/provincia-anuncio-disminucion-en-la-tasa-de-mortalidad-infantil\/","title":{"rendered":"Provincia anunci\u00f3 disminuci\u00f3n en la tasa de mortalidad infantil"},"content":{"rendered":"\n<p><em>Se ubic\u00f3 en 8,9 por mil nacidos vivos. El logro consolida la tendencia de los \u00faltimos tres a\u00f1os.<\/em><\/p>\n\n\n\n<figure class=\"wp-block-image\"><img loading=\"lazy\" decoding=\"async\" width=\"700\" height=\"465\" data-attachment-id=\"94116\" data-permalink=\"https:\/\/www.hoymercedes.com.ar\/principal\/2019\/05\/30\/provincia-anuncio-disminucion-en-la-tasa-de-mortalidad-infantil\/30-mortalidad-infantil-foto\/#main\" data-orig-file=\"https:\/\/www.hoymercedes.com.ar\/principal\/wp-content\/uploads\/2019\/05\/30-Mortalidad-infantil-foto.jpeg\" data-orig-size=\"700,465\" data-comments-opened=\"0\" data-image-meta=\"{&quot;aperture&quot;:&quot;0&quot;,&quot;credit&quot;:&quot;&quot;,&quot;camera&quot;:&quot;&quot;,&quot;caption&quot;:&quot;&quot;,&quot;created_timestamp&quot;:&quot;0&quot;,&quot;copyright&quot;:&quot;&quot;,&quot;focal_length&quot;:&quot;0&quot;,&quot;iso&quot;:&quot;0&quot;,&quot;shutter_speed&quot;:&quot;0&quot;,&quot;title&quot;:&quot;&quot;,&quot;orientation&quot;:&quot;0&quot;}\" data-image-title=\"30-Mortalidad-infantil-foto\" data-image-description=\"\" data-image-caption=\"\" data-large-file=\"https:\/\/www.hoymercedes.com.ar\/principal\/wp-content\/uploads\/2019\/05\/30-Mortalidad-infantil-foto.jpeg\" src=\"https:\/\/www.hoymercedes.com.ar\/principal\/wp-content\/uploads\/2019\/05\/30-Mortalidad-infantil-foto.jpeg\" alt=\"\" class=\"wp-image-94116\" srcset=\"https:\/\/www.hoymercedes.com.ar\/principal\/wp-content\/uploads\/2019\/05\/30-Mortalidad-infantil-foto.jpeg 700w, https:\/\/www.hoymercedes.com.ar\/principal\/wp-content\/uploads\/2019\/05\/30-Mortalidad-infantil-foto-150x100.jpeg 150w, https:\/\/www.hoymercedes.com.ar\/principal\/wp-content\/uploads\/2019\/05\/30-Mortalidad-infantil-foto-630x419.jpeg 630w, https:\/\/www.hoymercedes.com.ar\/principal\/wp-content\/uploads\/2019\/05\/30-Mortalidad-infantil-foto-360x240.jpeg 360w\" sizes=\"auto, (max-width: 700px) 100vw, 700px\" \/><\/figure>\n\n\n\n<p>La gobernadora Mar\u00eda Eugenia Vidal junto al ministro de Salud, Andr\u00e9s Scarsi, y sus pares de Desarrollo Social, Santiago L\u00f3pez Medrano, y de Infraestructura, Roberto Gigante, anunciaron hoy un nuevo descenso de tasa de mortalidad infantil, que en 2018 se ubic\u00f3 en 8,9 por mil nacidos vivos, la cifra m\u00e1s baja de la historia. Esto significa que se logr\u00f3 salvar la vida de 217 beb\u00e9s en comparaci\u00f3n con los registros de 2017, cuando el mismo indicador se ubic\u00f3 en 9,5.<\/p>\n\n\n\n<p>\u201cPara nosotros cada vida cuenta, por eso \u00e9ste descenso est\u00e1 entre los mejores logros de estos tres a\u00f1os y medio de gesti\u00f3n\u201d, expres\u00f3 la Gobernadora durante la conferencia que encabez\u00f3 en la sede de la Gobernaci\u00f3n bonaerense.<\/p>\n\n\n\n<p>Los \u00faltimos n\u00fameros indican que la tasa de Mortalidad Infantil en la Provincia fue de 9.9 en 2016, en 2017 registr\u00f3 una baja de 0,4 puntos y en 2018 alcanz\u00f3 8,9 puntos.<\/p>\n\n\n\n<p>\u201cPudimos anunciar este logro que nos llena de orgullo porque es el resultado del trabajo que hacemos todos los que integramos el equipo de salud y el gobierno de la Provincia y que consolida una tendencia&nbsp; de los \u00faltimos tres a\u00f1os\u201d, dijo el ministro Scarsi, y explic\u00f3 tambi\u00e9n que se trata de una reducci\u00f3n acumulada de un punto en tres a\u00f1os.<\/p>\n\n\n\n<p>Detall\u00f3 que la mortalidad infantil es un indicador complejo \u201cporque incluye determinantes relacionados con la salud, el desarrollo social y la infraestructura. Por eso, es muy importante que el descenso sea una tendencia en el trienio\u00bb, agreg\u00f3.<\/p>\n\n\n\n<p>En concreto, la tasa de mortalidad infantil mide las muertes de ni\u00f1os y ni\u00f1as menores de un a\u00f1o cada mil nacidos vivos en el t\u00e9rmino de un a\u00f1o. Sus principales causas son la prematurez y el bajo peso al nacer, las infecciones respiratorias y las malformaciones cong\u00e9nitas, entre otros factores, muchos de ellos vinculados a los controles prenatales.<\/p>\n\n\n\n<p>La reducci\u00f3n es el resultado de un plan integral de trabajo que est\u00e1 llevando adelante el gobierno provincial centrado en mejorar el acceso al sistema de salud en todos sus niveles para brindar una atenci\u00f3n que se adapte a las necesidades de cada bonaerense y en el acompa\u00f1amiento social de los que m\u00e1s lo necesitan.<\/p>\n\n\n\n<p>Al mismo tiempo, se llevan adelante medidas concretas dirigidas a regionalizar las maternidades, ordenar la demanda a partir de los centros de salud de los barrios y a el seguimiento personalizado e integral de embarazadas y reci\u00e9n nacidos.<\/p>\n\n\n\n<figure class=\"wp-block-image\"><img loading=\"lazy\" decoding=\"async\" width=\"750\" height=\"499\" data-attachment-id=\"94120\" data-permalink=\"https:\/\/www.hoymercedes.com.ar\/principal\/2019\/05\/30\/provincia-anuncio-disminucion-en-la-tasa-de-mortalidad-infantil\/30-mortalidad-infantil-2017-jpeg\/#main\" data-orig-file=\"https:\/\/www.hoymercedes.com.ar\/principal\/wp-content\/uploads\/2019\/05\/30-Mortalidad-infantil-2017.jpeg.jpg\" data-orig-size=\"750,499\" data-comments-opened=\"0\" data-image-meta=\"{&quot;aperture&quot;:&quot;0&quot;,&quot;credit&quot;:&quot;&quot;,&quot;camera&quot;:&quot;&quot;,&quot;caption&quot;:&quot;&quot;,&quot;created_timestamp&quot;:&quot;0&quot;,&quot;copyright&quot;:&quot;&quot;,&quot;focal_length&quot;:&quot;0&quot;,&quot;iso&quot;:&quot;0&quot;,&quot;shutter_speed&quot;:&quot;0&quot;,&quot;title&quot;:&quot;&quot;,&quot;orientation&quot;:&quot;0&quot;}\" data-image-title=\"30-Mortalidad-infantil-2017.jpeg\" data-image-description=\"\" data-image-caption=\"\" data-large-file=\"https:\/\/www.hoymercedes.com.ar\/principal\/wp-content\/uploads\/2019\/05\/30-Mortalidad-infantil-2017.jpeg.jpg\" src=\"https:\/\/www.hoymercedes.com.ar\/principal\/wp-content\/uploads\/2019\/05\/30-Mortalidad-infantil-2017.jpeg.jpg\" alt=\"\" class=\"wp-image-94120\" srcset=\"https:\/\/www.hoymercedes.com.ar\/principal\/wp-content\/uploads\/2019\/05\/30-Mortalidad-infantil-2017.jpeg.jpg 750w, https:\/\/www.hoymercedes.com.ar\/principal\/wp-content\/uploads\/2019\/05\/30-Mortalidad-infantil-2017.jpeg-150x100.jpg 150w, https:\/\/www.hoymercedes.com.ar\/principal\/wp-content\/uploads\/2019\/05\/30-Mortalidad-infantil-2017.jpeg-630x419.jpg 630w, https:\/\/www.hoymercedes.com.ar\/principal\/wp-content\/uploads\/2019\/05\/30-Mortalidad-infantil-2017.jpeg-720x480.jpg 720w, https:\/\/www.hoymercedes.com.ar\/principal\/wp-content\/uploads\/2019\/05\/30-Mortalidad-infantil-2017.jpeg-360x240.jpg 360w\" sizes=\"auto, (max-width: 750px) 100vw, 750px\" \/><figcaption>Estad\u00edsticas de la Regi\u00f3n X 2017.<a rel=\"noreferrer noopener\" aria-label=\" La \u00faltimas publicadas (opens in a new tab)\" href=\"http:\/\/www.ms.gba.gov.ar\/sitios\/infoensalud\/estadistica\/hechos-vitales-y-demograficos\/\" target=\"_blank\"> La \u00faltimas publicadas<\/a><\/figcaption><\/figure>\n\n\n\n<p><strong>Ejes centrales<\/strong><\/p>\n\n\n\n<p>&#8211; <span style=\"text-decoration: underline;\">Regionalizaci\u00f3n y accesibilidad de los servicios de maternidad<\/span>: Con el foco puesto en la integraci\u00f3n y el fortalecimiento del sistema, se logr\u00f3 garantizar que haya servicios de maternidad y neonatolog\u00eda en todas las regiones sanitarias. De esta manera se asegura que cada ni\u00f1o nazca en el lugar m\u00e1s adecuado seg\u00fan la complejidad que necesite. La Provincia cuenta con 4 maternidades y 34 servicios de maternidad en hospitales p\u00fablicos del gobierno bonaerense. Adem\u00e1s, 31 de ellos tienen Residencia para Madres que las hospedan en el caso de nacimientos prematuros.<\/p>\n\n\n\n<p>&#8211;\u00a0\u00a0 <span style=\"text-decoration: underline;\">Camino de la Embarazada<\/span>: Este plan integral tambi\u00e9n involucra estar presentes en cada momento del embarazo y en el nacimiento, por eso las autoridades provinciales fortalecieron el denominado \u201cCamino de la embarazada\u201d. El recorrido comienza en los Centros de Atenci\u00f3n Primaria de la Salud (CAPS) que se encuentran en los barrios, donde las mujeres realizan la primera consulta. <br>Por medio de los CAPS se asegura una atenci\u00f3n de calidad, continuidad en los controles (5 como m\u00ednimo), en caso de ser necesario, se realiza una derivaci\u00f3n a un nivel de mayor complejidad y, en \u00faltima instancia, a una maternidad para el parto. Una vez que el beb\u00e9 naci\u00f3, se acompa\u00f1a a la madre desde el hospital a su vuelta a casa y la atenci\u00f3n contin\u00faa en los CAPS, donde se utiliza el Alta Conjunta de la madre y su hijo. En caso de beb\u00e9s prematuros se realiza un seguimiento a lo largo del primer a\u00f1o de vida.<\/p>\n\n\n\n<p>&#8211;\u00a0\u00a0\u00a0 <span style=\"text-decoration: underline;\">Medidas sociales de acompa\u00f1amiento<\/span>: El gobierno provincial acompa\u00f1a a las mujeres embarazadas y a los ni\u00f1os a partir de programas alimentarios para que reciban los nutrientes que necesitan: Un vaso de leche por d\u00eda, Plan M\u00e1s Vida y el Programa de Fortalecimiento a Red de Espacios Comunitarios.<\/p>\n\n\n\n<p>&#8211;\u00a0\u00a0 <span style=\"text-decoration: underline;\">Acceso a servicios b\u00e1sicos<\/span>: Para mejorar las condiciones sanitarias y la calidad de vida, el Gobierno de la Provincia lleva adelante obras que permiten mejorar y ampliar el acceso a servicios b\u00e1sicos para el desarrollo de los chicos, como el agua potable y las cloacas.<\/p>\n\n\n\n<p>Fuente: Ministerio de Salud Bonaerese<\/p>\n","protected":false},"excerpt":{"rendered":"<p>Se ubic\u00f3 en 8,9 por mil nacidos vivos. El logro consolida la tendencia de los \u00faltimos tres a\u00f1os. La gobernadora &#8230; <a title=\"Provincia anunci\u00f3 disminuci\u00f3n en la tasa de mortalidad infantil\" class=\"read-more\" href=\"https:\/\/www.hoymercedes.com.ar\/principal\/2019\/05\/30\/provincia-anuncio-disminucion-en-la-tasa-de-mortalidad-infantil\/\" aria-label=\"Leer m\u00e1s sobre Provincia anunci\u00f3 disminuci\u00f3n en la tasa de mortalidad infantil\">Leer m\u00e1s<\/a><\/p>\n","protected":false},"author":1,"featured_media":94116,"comment_status":"closed","ping_status":"open","sticky":false,"template":"","format":"standard","meta":{"_monsterinsights_skip_tracking":false,"_monsterinsights_sitenote_active":false,"_monsterinsights_sitenote_note":"","_monsterinsights_sitenote_category":0,"jetpack_post_was_ever_published":false,"_jetpack_newsletter_access":"","_jetpack_dont_email_post_to_subs":false,"_jetpack_newsletter_tier_id":0,"_jetpack_memberships_contains_paywalled_content":false,"_jetpack_memberships_contains_paid_content":false,"footnotes":"","jetpack_publicize_message":"","jetpack_publicize_feature_enabled":true,"jetpack_social_post_already_shared":true,"jetpack_social_options":{"image_generator_settings":{"template":"highway","default_image_id":0,"font":"","enabled":false},"version":2},"_wpas_customize_per_network":false},"categories":[8881],"tags":[15206,15205,1803],"class_list":["post-94115","post","type-post","status-publish","format-standard","has-post-thumbnail","hentry","category-provincia","tag-estadisticas","tag-mortalidad-infantil","tag-provincia","generate-columns","tablet-grid-50","mobile-grid-100","grid-parent","grid-50"],"jetpack_publicize_connections":[],"jetpack_featured_media_url":"https:\/\/www.hoymercedes.com.ar\/principal\/wp-content\/uploads\/2019\/05\/30-Mortalidad-infantil-foto.jpeg","wps_subtitle":"Anuncio de gobernaci\u00f3n","jetpack_sharing_enabled":true,"_links":{"self":[{"href":"https:\/\/www.hoymercedes.com.ar\/principal\/wp-json\/wp\/v2\/posts\/94115","targetHints":{"allow":["GET"]}}],"collection":[{"href":"https:\/\/www.hoymercedes.com.ar\/principal\/wp-json\/wp\/v2\/posts"}],"about":[{"href":"https:\/\/www.hoymercedes.com.ar\/principal\/wp-json\/wp\/v2\/types\/post"}],"author":[{"embeddable":true,"href":"https:\/\/www.hoymercedes.com.ar\/principal\/wp-json\/wp\/v2\/users\/1"}],"replies":[{"embeddable":true,"href":"https:\/\/www.hoymercedes.com.ar\/principal\/wp-json\/wp\/v2\/comments?post=94115"}],"version-history":[{"count":0,"href":"https:\/\/www.hoymercedes.com.ar\/principal\/wp-json\/wp\/v2\/posts\/94115\/revisions"}],"wp:featuredmedia":[{"embeddable":true,"href":"https:\/\/www.hoymercedes.com.ar\/principal\/wp-json\/wp\/v2\/media\/94116"}],"wp:attachment":[{"href":"https:\/\/www.hoymercedes.com.ar\/principal\/wp-json\/wp\/v2\/media?parent=94115"}],"wp:term":[{"taxonomy":"category","embeddable":true,"href":"https:\/\/www.hoymercedes.com.ar\/principal\/wp-json\/wp\/v2\/categories?post=94115"},{"taxonomy":"post_tag","embeddable":true,"href":"https:\/\/www.hoymercedes.com.ar\/principal\/wp-json\/wp\/v2\/tags?post=94115"}],"curies":[{"name":"wp","href":"https:\/\/api.w.org\/{rel}","templated":true}]}}