{"id":94123,"date":"2019-05-30T16:59:08","date_gmt":"2019-05-30T19:59:08","guid":{"rendered":"http:\/\/www.hoymercedes.com.ar\/principal\/?p=94123"},"modified":"2019-05-30T16:30:33","modified_gmt":"2019-05-30T19:30:33","slug":"estreno-godzilla-sigue-aladdin-vuelven-las-comadrejas","status":"publish","type":"post","link":"https:\/\/www.hoymercedes.com.ar\/principal\/2019\/05\/30\/estreno-godzilla-sigue-aladdin-vuelven-las-comadrejas\/","title":{"rendered":"Estreno Godzilla, sigue Aladdin vuelven las Comadrejas"},"content":{"rendered":"\n<p>El Cine Mercedes presenta en su pantalla tres pel\u00edculas entre el viernes 31 de mayo y el martes 4 de junio. El estreno de la semana es \u00abGodzilla 2\u00bb (22:30 horas &#8211; 3D castellano), sigue en cartelera \u00abAladdin\u00bb (17:15 horas- 2D castellano) y vuelve el film argentino \u00abEl Cuento de las Comadrejas\u00bb (20 horas). <\/p>\n\n\n\n<figure class=\"wp-block-image\"><img loading=\"lazy\" decoding=\"async\" width=\"800\" height=\"450\" data-attachment-id=\"93657\" data-permalink=\"https:\/\/www.hoymercedes.com.ar\/principal\/2019\/05\/24\/estreno-de-aladdin-en-el-cine-mercedes\/24-aladdin\/#main\" data-orig-file=\"https:\/\/www.hoymercedes.com.ar\/principal\/wp-content\/uploads\/2019\/05\/24-aladdin.jpg\" data-orig-size=\"800,450\" data-comments-opened=\"0\" data-image-meta=\"{&quot;aperture&quot;:&quot;0&quot;,&quot;credit&quot;:&quot;&quot;,&quot;camera&quot;:&quot;&quot;,&quot;caption&quot;:&quot;&quot;,&quot;created_timestamp&quot;:&quot;0&quot;,&quot;copyright&quot;:&quot;&quot;,&quot;focal_length&quot;:&quot;0&quot;,&quot;iso&quot;:&quot;0&quot;,&quot;shutter_speed&quot;:&quot;0&quot;,&quot;title&quot;:&quot;&quot;,&quot;orientation&quot;:&quot;0&quot;}\" data-image-title=\"24 aladdin\" data-image-description=\"\" data-image-caption=\"\" data-large-file=\"https:\/\/www.hoymercedes.com.ar\/principal\/wp-content\/uploads\/2019\/05\/24-aladdin.jpg\" src=\"https:\/\/www.hoymercedes.com.ar\/principal\/wp-content\/uploads\/2019\/05\/24-aladdin.jpg\" alt=\"\" class=\"wp-image-93657\" srcset=\"https:\/\/www.hoymercedes.com.ar\/principal\/wp-content\/uploads\/2019\/05\/24-aladdin.jpg 800w, https:\/\/www.hoymercedes.com.ar\/principal\/wp-content\/uploads\/2019\/05\/24-aladdin-150x84.jpg 150w, https:\/\/www.hoymercedes.com.ar\/principal\/wp-content\/uploads\/2019\/05\/24-aladdin-630x354.jpg 630w\" sizes=\"auto, (max-width: 800px) 100vw, 800px\" \/><\/figure>\n\n\n\n<p><strong>\u00abAladdin\u00bb<\/strong> (ATP) Del viernes 31 de mayo al martes 4 de junio. Funciones: 17.15 hs. (2D &#8211; castellano). Sinopsis: Versi\u00f3n live-action de Aladdin. Una l\u00e1mpara m\u00e1gica cambiar\u00e1 el destino de Aladdin, un joven callejero a trav\u00e9s de los deseos concedidos por el Genio de la l\u00e1mpara. Mientras el malvado Jafar intenta conseguirla para convertirse en el Sult\u00e1n m\u00e1s poderoso de Agrabah. Direcci\u00f3n: Guy Ritchie. G\u00e9nero: Comedia, Aventuras. Elenco: Will Smith, Naomi Scott, Mena Massoud. Origen: Estados Unidos. Duraci\u00f3n: 128 minutos. Calificaci\u00f3n: apta para todo p\u00fablico. <\/p>\n\n\n\n<figure class=\"wp-block-image\"><img loading=\"lazy\" decoding=\"async\" width=\"750\" height=\"499\" data-attachment-id=\"93104\" data-permalink=\"https:\/\/www.hoymercedes.com.ar\/principal\/2019\/05\/16\/estrenan-el-cuento-de-las-comadrejas\/16-el-cuento-de-las-comadrejas-critica\/#main\" data-orig-file=\"https:\/\/www.hoymercedes.com.ar\/principal\/wp-content\/uploads\/2019\/05\/16-el-cuento-de-las-comadrejas-critica.jpg\" data-orig-size=\"750,499\" data-comments-opened=\"0\" data-image-meta=\"{&quot;aperture&quot;:&quot;0&quot;,&quot;credit&quot;:&quot;&quot;,&quot;camera&quot;:&quot;&quot;,&quot;caption&quot;:&quot;&quot;,&quot;created_timestamp&quot;:&quot;1552042567&quot;,&quot;copyright&quot;:&quot;&quot;,&quot;focal_length&quot;:&quot;0&quot;,&quot;iso&quot;:&quot;0&quot;,&quot;shutter_speed&quot;:&quot;0&quot;,&quot;title&quot;:&quot;&quot;,&quot;orientation&quot;:&quot;1&quot;}\" data-image-title=\"16 el-cuento-de-las-comadrejas-critica\" data-image-description=\"\" data-image-caption=\"\" data-large-file=\"https:\/\/www.hoymercedes.com.ar\/principal\/wp-content\/uploads\/2019\/05\/16-el-cuento-de-las-comadrejas-critica.jpg\" src=\"https:\/\/www.hoymercedes.com.ar\/principal\/wp-content\/uploads\/2019\/05\/16-el-cuento-de-las-comadrejas-critica.jpg\" alt=\"\" class=\"wp-image-93104\" srcset=\"https:\/\/www.hoymercedes.com.ar\/principal\/wp-content\/uploads\/2019\/05\/16-el-cuento-de-las-comadrejas-critica.jpg 750w, https:\/\/www.hoymercedes.com.ar\/principal\/wp-content\/uploads\/2019\/05\/16-el-cuento-de-las-comadrejas-critica-150x100.jpg 150w, https:\/\/www.hoymercedes.com.ar\/principal\/wp-content\/uploads\/2019\/05\/16-el-cuento-de-las-comadrejas-critica-630x419.jpg 630w, https:\/\/www.hoymercedes.com.ar\/principal\/wp-content\/uploads\/2019\/05\/16-el-cuento-de-las-comadrejas-critica-720x480.jpg 720w, https:\/\/www.hoymercedes.com.ar\/principal\/wp-content\/uploads\/2019\/05\/16-el-cuento-de-las-comadrejas-critica-360x240.jpg 360w\" sizes=\"auto, (max-width: 750px) 100vw, 750px\" \/><\/figure>\n\n\n\n<p><strong>\u00abEl Cuento de las Comadrejas\u00bb <\/strong>(+13) Del viernes 31 de mayo al martes 4 de junio. Funciones: 20.00 hs. (2D &#8211; castellano). Sinopsis: Una bella estrella de la \u00e9poca dorada del cine, un actor en el ocaso de su vida, un escritor cinematogr\u00e1fico frustrado y un viejo director hacen lo imposible por conservar el mundo que han creado en una vieja mansi\u00f3n ante la llegada de dos j\u00f3venes que presentan una amenaza que lo puede poner todo en peligro. Direcci\u00f3n: Juan Jos\u00e9 Campanella. G\u00e9nero: Drama. Elenco: Oscar Mart\u00ednez, Luis Brandoni, Clara Lago. Origen: Argentina. Duraci\u00f3n: 129 minutos. Calificaci\u00f3n: apta para mayores de 13 a\u00f1os.<\/p>\n\n\n\n<figure class=\"wp-block-image\"><img loading=\"lazy\" decoding=\"async\" width=\"750\" height=\"499\" data-attachment-id=\"94124\" data-permalink=\"https:\/\/www.hoymercedes.com.ar\/principal\/2019\/05\/30\/estreno-godzilla-sigue-aladdin-vuelven-las-comadrejas\/30-godzilla-2\/#main\" data-orig-file=\"https:\/\/www.hoymercedes.com.ar\/principal\/wp-content\/uploads\/2019\/05\/30-godzilla-2.jpg\" data-orig-size=\"750,499\" data-comments-opened=\"0\" data-image-meta=\"{&quot;aperture&quot;:&quot;0&quot;,&quot;credit&quot;:&quot;&quot;,&quot;camera&quot;:&quot;&quot;,&quot;caption&quot;:&quot;&quot;,&quot;created_timestamp&quot;:&quot;0&quot;,&quot;copyright&quot;:&quot;&quot;,&quot;focal_length&quot;:&quot;0&quot;,&quot;iso&quot;:&quot;0&quot;,&quot;shutter_speed&quot;:&quot;0&quot;,&quot;title&quot;:&quot;&quot;,&quot;orientation&quot;:&quot;0&quot;}\" data-image-title=\"30-godzilla-2\" data-image-description=\"\" data-image-caption=\"\" data-large-file=\"https:\/\/www.hoymercedes.com.ar\/principal\/wp-content\/uploads\/2019\/05\/30-godzilla-2.jpg\" src=\"https:\/\/www.hoymercedes.com.ar\/principal\/wp-content\/uploads\/2019\/05\/30-godzilla-2.jpg\" alt=\"\" class=\"wp-image-94124\" srcset=\"https:\/\/www.hoymercedes.com.ar\/principal\/wp-content\/uploads\/2019\/05\/30-godzilla-2.jpg 750w, https:\/\/www.hoymercedes.com.ar\/principal\/wp-content\/uploads\/2019\/05\/30-godzilla-2-150x100.jpg 150w, https:\/\/www.hoymercedes.com.ar\/principal\/wp-content\/uploads\/2019\/05\/30-godzilla-2-630x419.jpg 630w, https:\/\/www.hoymercedes.com.ar\/principal\/wp-content\/uploads\/2019\/05\/30-godzilla-2-720x480.jpg 720w, https:\/\/www.hoymercedes.com.ar\/principal\/wp-content\/uploads\/2019\/05\/30-godzilla-2-360x240.jpg 360w\" sizes=\"auto, (max-width: 750px) 100vw, 750px\" \/><\/figure>\n\n\n\n<p><strong>\u00abGodzilla 2. Rey de los Monstruos\u00bb<\/strong>\u00a0(+13) Del viernes 31 de mayo al martes 4 de junio. Funciones: 22.30 hs. (3D &#8211; castellano). Sinopsis: Secuela de Godzilla. La humanidad est\u00e1 al borde de la extinci\u00f3n luego de que antiguas superespecies, que se creian eran tan s\u00f3lo un mito, resurgen a la superficie para luchar por la supremac\u00eda del planeta. El monstruoso Godzilla se enfrentar\u00e1 a Mothra, Rod\u00e1n y a su m\u00e1ximo enemigo: el Rey Ghidorah de 3 cabezas. Direcci\u00f3n: Michael Dougherty. G\u00e9nero: Ciencia Ficci\u00f3n, Aventuras, Acci\u00f3n. Elenco: Millie Bobby Brown, Sally Hawkins, Vera Farmiga. Origen: Estados Unidos. Duraci\u00f3n: 132 minutos. Calificaci\u00f3n: apta para mayores de 13 a\u00f1os. <\/p>\n\n\n\n<p><\/p>\n","protected":false},"excerpt":{"rendered":"<p>El Cine Mercedes presenta en su pantalla tres pel\u00edculas entre el viernes 31 de mayo y el martes 4 de &#8230; <a title=\"Estreno Godzilla, sigue Aladdin vuelven las Comadrejas\" class=\"read-more\" href=\"https:\/\/www.hoymercedes.com.ar\/principal\/2019\/05\/30\/estreno-godzilla-sigue-aladdin-vuelven-las-comadrejas\/\" aria-label=\"Leer m\u00e1s sobre Estreno Godzilla, sigue Aladdin vuelven las Comadrejas\">Leer m\u00e1s<\/a><\/p>\n","protected":false},"author":1,"featured_media":94124,"comment_status":"closed","ping_status":"open","sticky":false,"template":"","format":"standard","meta":{"_monsterinsights_skip_tracking":false,"_monsterinsights_sitenote_active":false,"_monsterinsights_sitenote_note":"","_monsterinsights_sitenote_category":0,"jetpack_post_was_ever_published":false,"_jetpack_newsletter_access":"","_jetpack_dont_email_post_to_subs":false,"_jetpack_newsletter_tier_id":0,"_jetpack_memberships_contains_paywalled_content":false,"_jetpack_memberships_contains_paid_content":false,"footnotes":"","jetpack_publicize_message":"","jetpack_publicize_feature_enabled":true,"jetpack_social_post_already_shared":true,"jetpack_social_options":{"image_generator_settings":{"template":"highway","default_image_id":0,"font":"","enabled":false},"version":2},"_wpas_customize_per_network":false},"categories":[104],"tags":[8770,5273,12589,7805,8643],"class_list":["post-94123","post","type-post","status-publish","format-standard","has-post-thumbnail","hentry","category-cultura","tag-cartelera","tag-cine","tag-cine-mercedina","tag-cultura","tag-estreno","generate-columns","tablet-grid-50","mobile-grid-100","grid-parent","grid-50"],"jetpack_publicize_connections":[],"jetpack_featured_media_url":"https:\/\/www.hoymercedes.com.ar\/principal\/wp-content\/uploads\/2019\/05\/30-godzilla-2.jpg","wps_subtitle":"Cartelera local","jetpack_sharing_enabled":true,"_links":{"self":[{"href":"https:\/\/www.hoymercedes.com.ar\/principal\/wp-json\/wp\/v2\/posts\/94123","targetHints":{"allow":["GET"]}}],"collection":[{"href":"https:\/\/www.hoymercedes.com.ar\/principal\/wp-json\/wp\/v2\/posts"}],"about":[{"href":"https:\/\/www.hoymercedes.com.ar\/principal\/wp-json\/wp\/v2\/types\/post"}],"author":[{"embeddable":true,"href":"https:\/\/www.hoymercedes.com.ar\/principal\/wp-json\/wp\/v2\/users\/1"}],"replies":[{"embeddable":true,"href":"https:\/\/www.hoymercedes.com.ar\/principal\/wp-json\/wp\/v2\/comments?post=94123"}],"version-history":[{"count":0,"href":"https:\/\/www.hoymercedes.com.ar\/principal\/wp-json\/wp\/v2\/posts\/94123\/revisions"}],"wp:featuredmedia":[{"embeddable":true,"href":"https:\/\/www.hoymercedes.com.ar\/principal\/wp-json\/wp\/v2\/media\/94124"}],"wp:attachment":[{"href":"https:\/\/www.hoymercedes.com.ar\/principal\/wp-json\/wp\/v2\/media?parent=94123"}],"wp:term":[{"taxonomy":"category","embeddable":true,"href":"https:\/\/www.hoymercedes.com.ar\/principal\/wp-json\/wp\/v2\/categories?post=94123"},{"taxonomy":"post_tag","embeddable":true,"href":"https:\/\/www.hoymercedes.com.ar\/principal\/wp-json\/wp\/v2\/tags?post=94123"}],"curies":[{"name":"wp","href":"https:\/\/api.w.org\/{rel}","templated":true}]}}