{"id":94155,"date":"2019-05-31T09:32:28","date_gmt":"2019-05-31T12:32:28","guid":{"rendered":"http:\/\/www.hoymercedes.com.ar\/principal\/?p=94155"},"modified":"2019-05-30T22:10:38","modified_gmt":"2019-05-31T01:10:38","slug":"sabado-de-mercado-sustentable-en-la-trocha","status":"publish","type":"post","link":"https:\/\/www.hoymercedes.com.ar\/principal\/2019\/05\/31\/sabado-de-mercado-sustentable-en-la-trocha\/","title":{"rendered":"S\u00e1bado de Mercado Sustentable en La Trocha"},"content":{"rendered":"\n<p>Este s\u00e1bado 1 de junio, a partir de las 10 de la ma\u00f1ana y hasta las 15hs estar\u00e1 abierto el Mercado Sustentable en el Complejo La Trocha. Esta iniciativa llevada adelante por el Municipio de Mercedes, a trav\u00e9s de la Secretar\u00eda de Desarrollo Social y diferentes \u00e1reas comunales, tiene como objetivo que los productores locales puedan poner a la venta sus productos \u2013 agroecol\u00f3gicos u org\u00e1nicos- sin mediadores, de la tierra a la mesa.<\/p>\n\n\n\n<figure class=\"wp-block-image\"><img loading=\"lazy\" decoding=\"async\" width=\"792\" height=\"528\" data-attachment-id=\"94156\" data-permalink=\"https:\/\/www.hoymercedes.com.ar\/principal\/2019\/05\/31\/sabado-de-mercado-sustentable-en-la-trocha\/31-mercado-sustentable\/#main\" data-orig-file=\"https:\/\/www.hoymercedes.com.ar\/principal\/wp-content\/uploads\/2019\/05\/31-mercado-sustentable.jpg\" data-orig-size=\"792,528\" data-comments-opened=\"0\" data-image-meta=\"{&quot;aperture&quot;:&quot;0&quot;,&quot;credit&quot;:&quot;&quot;,&quot;camera&quot;:&quot;&quot;,&quot;caption&quot;:&quot;&quot;,&quot;created_timestamp&quot;:&quot;0&quot;,&quot;copyright&quot;:&quot;&quot;,&quot;focal_length&quot;:&quot;0&quot;,&quot;iso&quot;:&quot;0&quot;,&quot;shutter_speed&quot;:&quot;0&quot;,&quot;title&quot;:&quot;&quot;,&quot;orientation&quot;:&quot;0&quot;}\" data-image-title=\"31 mercado sustentable\" data-image-description=\"\" data-image-caption=\"\" data-large-file=\"https:\/\/www.hoymercedes.com.ar\/principal\/wp-content\/uploads\/2019\/05\/31-mercado-sustentable.jpg\" src=\"https:\/\/www.hoymercedes.com.ar\/principal\/wp-content\/uploads\/2019\/05\/31-mercado-sustentable.jpg\" alt=\"\" class=\"wp-image-94156\" srcset=\"https:\/\/www.hoymercedes.com.ar\/principal\/wp-content\/uploads\/2019\/05\/31-mercado-sustentable.jpg 792w, https:\/\/www.hoymercedes.com.ar\/principal\/wp-content\/uploads\/2019\/05\/31-mercado-sustentable-150x100.jpg 150w, https:\/\/www.hoymercedes.com.ar\/principal\/wp-content\/uploads\/2019\/05\/31-mercado-sustentable-630x420.jpg 630w, https:\/\/www.hoymercedes.com.ar\/principal\/wp-content\/uploads\/2019\/05\/31-mercado-sustentable-720x480.jpg 720w, https:\/\/www.hoymercedes.com.ar\/principal\/wp-content\/uploads\/2019\/05\/31-mercado-sustentable-360x240.jpg 360w\" sizes=\"auto, (max-width: 792px) 100vw, 792px\" \/><\/figure>\n\n\n\n<p>Esta novedosa feria ofrece productos de alta calidad, sin conservantes ni agroqu\u00edmicos. Adem\u00e1s, habr\u00e1 verduras de la huerta agroecol\u00f3gica, panificados y resposter\u00eda integral, dulces y conservas caseras, miel, queso, huevos de ampo, jugos naturales, cerveza artesanal, vino patero, medicina y cosm\u00e9tica natural, patio gastron\u00f3mico saludable y mucho m\u00e1s.<\/p>\n\n\n\n<p>Quienes se acerquen al Complejo Cultural La Trocha, podr\u00e1n disfrutar actividades art\u00edsticas, como as\u00ed tambi\u00e9n se ense\u00f1ar\u00e1 a hacer k\u00e9fir. Asimismo, se realizar\u00e1 a las 11:00 horas, una charla taller \u201c\u00bfQu\u00e9 sabemos sobre la microbiota intestinal?\u201d. La misma estar\u00e1 a cargo de Licenciada en nutrici\u00f3n, Florencia Ferrarazo y productores del Mercado sustentable.<\/p>\n\n\n\n<p>Este espacio reconocido por toda la ciudad, est\u00e1 amoblado en su totalidad, con materiales reciclados. Impulsando el concepto que desde la comuna se viene trabajando de manera continua, de una ciudad sustentable<\/p>\n","protected":false},"excerpt":{"rendered":"<p>Este s\u00e1bado 1 de junio, a partir de las 10 de la ma\u00f1ana y hasta las 15hs estar\u00e1 abierto el &#8230; <a title=\"S\u00e1bado de Mercado Sustentable en La Trocha\" class=\"read-more\" href=\"https:\/\/www.hoymercedes.com.ar\/principal\/2019\/05\/31\/sabado-de-mercado-sustentable-en-la-trocha\/\" aria-label=\"Leer m\u00e1s sobre S\u00e1bado de Mercado Sustentable en La Trocha\">Leer m\u00e1s<\/a><\/p>\n","protected":false},"author":1,"featured_media":94156,"comment_status":"closed","ping_status":"open","sticky":false,"template":"","format":"standard","meta":{"_monsterinsights_skip_tracking":false,"_monsterinsights_sitenote_active":false,"_monsterinsights_sitenote_note":"","_monsterinsights_sitenote_category":0,"jetpack_post_was_ever_published":false,"_jetpack_newsletter_access":"","_jetpack_dont_email_post_to_subs":false,"_jetpack_newsletter_tier_id":0,"_jetpack_memberships_contains_paywalled_content":false,"_jetpack_memberships_contains_paid_content":false,"footnotes":"","jetpack_publicize_message":"","jetpack_publicize_feature_enabled":true,"jetpack_social_post_already_shared":true,"jetpack_social_options":{"image_generator_settings":{"template":"highway","default_image_id":0,"font":"","enabled":false},"version":2},"_wpas_customize_per_network":false},"categories":[30],"tags":[13143,14054],"class_list":["post-94155","post","type-post","status-publish","format-standard","has-post-thumbnail","hentry","category-municipio","tag-cc-la-trocha","tag-mercado-sustentable","generate-columns","tablet-grid-50","mobile-grid-100","grid-parent","grid-50"],"jetpack_publicize_connections":[],"jetpack_featured_media_url":"https:\/\/www.hoymercedes.com.ar\/principal\/wp-content\/uploads\/2019\/05\/31-mercado-sustentable.jpg","wps_subtitle":"Desde la ma\u00f1ana","jetpack_sharing_enabled":true,"_links":{"self":[{"href":"https:\/\/www.hoymercedes.com.ar\/principal\/wp-json\/wp\/v2\/posts\/94155","targetHints":{"allow":["GET"]}}],"collection":[{"href":"https:\/\/www.hoymercedes.com.ar\/principal\/wp-json\/wp\/v2\/posts"}],"about":[{"href":"https:\/\/www.hoymercedes.com.ar\/principal\/wp-json\/wp\/v2\/types\/post"}],"author":[{"embeddable":true,"href":"https:\/\/www.hoymercedes.com.ar\/principal\/wp-json\/wp\/v2\/users\/1"}],"replies":[{"embeddable":true,"href":"https:\/\/www.hoymercedes.com.ar\/principal\/wp-json\/wp\/v2\/comments?post=94155"}],"version-history":[{"count":0,"href":"https:\/\/www.hoymercedes.com.ar\/principal\/wp-json\/wp\/v2\/posts\/94155\/revisions"}],"wp:featuredmedia":[{"embeddable":true,"href":"https:\/\/www.hoymercedes.com.ar\/principal\/wp-json\/wp\/v2\/media\/94156"}],"wp:attachment":[{"href":"https:\/\/www.hoymercedes.com.ar\/principal\/wp-json\/wp\/v2\/media?parent=94155"}],"wp:term":[{"taxonomy":"category","embeddable":true,"href":"https:\/\/www.hoymercedes.com.ar\/principal\/wp-json\/wp\/v2\/categories?post=94155"},{"taxonomy":"post_tag","embeddable":true,"href":"https:\/\/www.hoymercedes.com.ar\/principal\/wp-json\/wp\/v2\/tags?post=94155"}],"curies":[{"name":"wp","href":"https:\/\/api.w.org\/{rel}","templated":true}]}}