{"id":94163,"date":"2019-05-31T10:32:28","date_gmt":"2019-05-31T13:32:28","guid":{"rendered":"http:\/\/www.hoymercedes.com.ar\/principal\/?p=94163"},"modified":"2019-05-30T22:31:00","modified_gmt":"2019-05-31T01:31:00","slug":"aprehension-y-secuestro-de-arma-en-una-granja-de-open-door","status":"publish","type":"post","link":"https:\/\/www.hoymercedes.com.ar\/principal\/2019\/05\/31\/aprehension-y-secuestro-de-arma-en-una-granja-de-open-door\/","title":{"rendered":"Aprehensi\u00f3n y secuestro de arma en una granja de Open Door"},"content":{"rendered":"\n<p>Durante la jornada de este\nmi\u00e9rcoles se llev\u00f3 a cabo un allanamiento y aprehensi\u00f3n de un sujeto de 25 a\u00f1os\nque se domiciliaba en una granja ubicada en\nRuta Provincial N.\u00ba 6, en Open Door. La acci\u00f3n se desarroll\u00f3 en el marco\nde una investigaci\u00f3n penal preparatoria por ante la\nUnidad Funcional de Instrucci\u00f3n N.\u00ba 10 de Luj\u00e1n &#8211; a cargo del doctor Jorge\nPablo Vieiro &#8211; junto a la Ayudant\u00eda Fiscal, que fue caratulada como \u201cDa\u00f1o,\nabuso y tenencia ilegal de armas\u201d.<\/p>\n\n\n\n<figure class=\"wp-block-image\"><img loading=\"lazy\" decoding=\"async\" width=\"750\" height=\"422\" data-attachment-id=\"94165\" data-permalink=\"https:\/\/www.hoymercedes.com.ar\/principal\/2019\/05\/31\/aprehension-y-secuestro-de-arma-en-una-granja-de-open-door\/31-poli-lujanparte-l-n-004\/#main\" data-orig-file=\"https:\/\/www.hoymercedes.com.ar\/principal\/wp-content\/uploads\/2019\/05\/31-poli-lujanPARTE-L-N\u00b0-004.jpg\" data-orig-size=\"750,422\" data-comments-opened=\"0\" data-image-meta=\"{&quot;aperture&quot;:&quot;0&quot;,&quot;credit&quot;:&quot;&quot;,&quot;camera&quot;:&quot;&quot;,&quot;caption&quot;:&quot;&quot;,&quot;created_timestamp&quot;:&quot;0&quot;,&quot;copyright&quot;:&quot;&quot;,&quot;focal_length&quot;:&quot;0&quot;,&quot;iso&quot;:&quot;0&quot;,&quot;shutter_speed&quot;:&quot;0&quot;,&quot;title&quot;:&quot;&quot;,&quot;orientation&quot;:&quot;0&quot;}\" data-image-title=\"31 poli lujanPARTE L N\u00b0 004\" data-image-description=\"\" data-image-caption=\"\" data-large-file=\"https:\/\/www.hoymercedes.com.ar\/principal\/wp-content\/uploads\/2019\/05\/31-poli-lujanPARTE-L-N\u00b0-004.jpg\" src=\"https:\/\/www.hoymercedes.com.ar\/principal\/wp-content\/uploads\/2019\/05\/31-poli-lujanPARTE-L-N\u00b0-004.jpg\" alt=\"\" class=\"wp-image-94165\" srcset=\"https:\/\/www.hoymercedes.com.ar\/principal\/wp-content\/uploads\/2019\/05\/31-poli-lujanPARTE-L-N\u00b0-004.jpg 750w, https:\/\/www.hoymercedes.com.ar\/principal\/wp-content\/uploads\/2019\/05\/31-poli-lujanPARTE-L-N\u00b0-004-150x84.jpg 150w, https:\/\/www.hoymercedes.com.ar\/principal\/wp-content\/uploads\/2019\/05\/31-poli-lujanPARTE-L-N\u00b0-004-630x354.jpg 630w\" sizes=\"auto, (max-width: 750px) 100vw, 750px\" \/><\/figure>\n\n\n\n<p>La investigaci\u00f3n\ninici\u00f3 tras una denuncia en la jornada del domingo, en la que se daba cuenta\nque en una quinta de la localidad de Open Door, en Luj\u00e1n, poco antes de las 9\nde la ma\u00f1ana, se oyeron disparos y apareci\u00f3 uno de los canes del lugar herido\nde bala. El animal muri\u00f3 cuando intentaban llevarlo a una veterinaria.<\/p>\n\n\n\n<p>Quienes se\nencontraban en la quinta apuntaron a un hombre que trabaja como encargado de un\ncriadero de pollos lindante; y que seg\u00fan expresaron portaba un arma y en otras\noportunidades habr\u00eda producido disparos sin motivo alguno. Pero hasta la fecha\nno se hab\u00edan generado denuncias para evitar conflictos vecinales.<\/p>\n\n\n\n<p>Tras el deceso\ndel animal y dado la fecha y horario en la que se escuch\u00f3 el disparo, siendo\nque hab\u00eda familias presentes, radicaron la denuncia en la Comisar\u00eda N\u00b0 3 de esa\nlocalidad y la causa qued\u00f3 en manos de la UFI N\u00b0 10 de Luj\u00e1n.<\/p>\n\n\n\n<p>Luego de relevar\ndatos y hacerse de elementos probatorios de inter\u00e9s, el fiscal solicit\u00f3 una\norden de allanamiento y secuestro en el domicilio el encargado del criadero,\nante el Juzgado de Garant\u00edas N.\u00ba 1. La medida fue otorgada, y se desarroll\u00f3 en\nla tarde del mi\u00e9rcoles 29 del corriente con labor conjunta de la Comisar\u00eda\nLuj\u00e1n Tercera.<\/p>\n\n\n\n<p>En el\nprocedimiento en la granja ubicada en Ruta Provincial N.\u00ba 6, en Open Door se\nsecuestr\u00f3 una escopeta calibre 16, m\u00e1s de veinte cartuchos calibre 16 y&nbsp; siete cartuchos calibre 12.<\/p>\n\n\n\n<p>Ante el hallazgo,\nel imputado qued\u00f3 aprehendido y en la jornada del jueves 30 fue indagado por el\nfiscal actuante, contando con la asistencia letrada de abogado particular, y se\nneg\u00f3 a declarar.<\/p>\n\n\n\n<p>Tras ello, la Unidad Funcional de Instrucci\u00f3n N.\u00ba 10 de Luj\u00e1n solicit\u00f3 al Sr. Juez de Garant\u00edas nuevas medidas de coerci\u00f3n dado que por la calificaci\u00f3n y falta de antecedentes penales corresponde hacer cesar el estado de aprehensi\u00f3n del imputado. <\/p>\n\n\n\n<p>Es as\u00ed que se le impuso como condiciones especiales la prohibici\u00f3n de acercarse y\/o mantener cualquier tipo de contacto conflictivo con las v\u00edctimas, prohibici\u00f3n de utilizaci\u00f3n no s\u00f3lo de armas de fuego sino tambi\u00e9n toda aquella arma que aunque no sea de fuego represente un poder de da\u00f1o similar a las mismas; la prohibici\u00f3n de ingesta de bebidas alcoh\u00f3licas, prohibici\u00f3n de conductas que de alg\u00fan modo representen un menosprecio a la vida humana y\/o animal, y toda otra medida que de alg\u00fan modo quebrante la paz social en el vecindario afectado.<\/p>\n\n\n\n<p>Fuente: Ministerio P\u00fablico Fiscal Bonaerense &#8211; Departamento Judicial Mercedes<\/p>\n","protected":false},"excerpt":{"rendered":"<p>Durante la jornada de este mi\u00e9rcoles se llev\u00f3 a cabo un allanamiento y aprehensi\u00f3n de un sujeto de 25 a\u00f1os &#8230; <a title=\"Aprehensi\u00f3n y secuestro de arma en una granja de Open Door\" class=\"read-more\" href=\"https:\/\/www.hoymercedes.com.ar\/principal\/2019\/05\/31\/aprehension-y-secuestro-de-arma-en-una-granja-de-open-door\/\" aria-label=\"Leer m\u00e1s sobre Aprehensi\u00f3n y secuestro de arma en una granja de Open Door\">Leer m\u00e1s<\/a><\/p>\n","protected":false},"author":1,"featured_media":94165,"comment_status":"closed","ping_status":"open","sticky":false,"template":"","format":"standard","meta":{"_monsterinsights_skip_tracking":false,"_monsterinsights_sitenote_active":false,"_monsterinsights_sitenote_note":"","_monsterinsights_sitenote_category":0,"jetpack_post_was_ever_published":false,"_jetpack_newsletter_access":"","_jetpack_dont_email_post_to_subs":false,"_jetpack_newsletter_tier_id":0,"_jetpack_memberships_contains_paywalled_content":false,"_jetpack_memberships_contains_paid_content":false,"footnotes":"","jetpack_publicize_message":"","jetpack_publicize_feature_enabled":true,"jetpack_social_post_already_shared":true,"jetpack_social_options":{"image_generator_settings":{"template":"highway","default_image_id":0,"font":"","enabled":false},"version":2},"_wpas_customize_per_network":false},"categories":[85],"tags":[15210,86,96,1057,15211],"class_list":["post-94163","post","type-post","status-publish","format-standard","has-post-thumbnail","hentry","category-policial","tag-aprehension","tag-lujan","tag-policial-2","tag-regional","tag-secuestro-de-armas","generate-columns","tablet-grid-50","mobile-grid-100","grid-parent","grid-50"],"jetpack_publicize_connections":[],"jetpack_featured_media_url":"https:\/\/www.hoymercedes.com.ar\/principal\/wp-content\/uploads\/2019\/05\/31-poli-lujanPARTE-L-N\u00b0-004.jpg","wps_subtitle":"Informaci\u00f3n regional","jetpack_sharing_enabled":true,"_links":{"self":[{"href":"https:\/\/www.hoymercedes.com.ar\/principal\/wp-json\/wp\/v2\/posts\/94163","targetHints":{"allow":["GET"]}}],"collection":[{"href":"https:\/\/www.hoymercedes.com.ar\/principal\/wp-json\/wp\/v2\/posts"}],"about":[{"href":"https:\/\/www.hoymercedes.com.ar\/principal\/wp-json\/wp\/v2\/types\/post"}],"author":[{"embeddable":true,"href":"https:\/\/www.hoymercedes.com.ar\/principal\/wp-json\/wp\/v2\/users\/1"}],"replies":[{"embeddable":true,"href":"https:\/\/www.hoymercedes.com.ar\/principal\/wp-json\/wp\/v2\/comments?post=94163"}],"version-history":[{"count":0,"href":"https:\/\/www.hoymercedes.com.ar\/principal\/wp-json\/wp\/v2\/posts\/94163\/revisions"}],"wp:featuredmedia":[{"embeddable":true,"href":"https:\/\/www.hoymercedes.com.ar\/principal\/wp-json\/wp\/v2\/media\/94165"}],"wp:attachment":[{"href":"https:\/\/www.hoymercedes.com.ar\/principal\/wp-json\/wp\/v2\/media?parent=94163"}],"wp:term":[{"taxonomy":"category","embeddable":true,"href":"https:\/\/www.hoymercedes.com.ar\/principal\/wp-json\/wp\/v2\/categories?post=94163"},{"taxonomy":"post_tag","embeddable":true,"href":"https:\/\/www.hoymercedes.com.ar\/principal\/wp-json\/wp\/v2\/tags?post=94163"}],"curies":[{"name":"wp","href":"https:\/\/api.w.org\/{rel}","templated":true}]}}