{"id":94168,"date":"2019-05-31T03:17:32","date_gmt":"2019-05-31T06:17:32","guid":{"rendered":"http:\/\/www.hoymercedes.com.ar\/principal\/?p=94168"},"modified":"2019-05-30T22:31:32","modified_gmt":"2019-05-31T01:31:32","slug":"massa-vamos-a-construir-una-nueva-mayoria-opositora-para-ser-alternativa-a-este-gobierno-que-fracaso","status":"publish","type":"post","link":"https:\/\/www.hoymercedes.com.ar\/principal\/2019\/05\/31\/massa-vamos-a-construir-una-nueva-mayoria-opositora-para-ser-alternativa-a-este-gobierno-que-fracaso\/","title":{"rendered":"Massa: \u201cVamos a construir una nueva mayor\u00eda opositora para ser alternativa a este Gobierno que fracas\u00f3\u201d"},"content":{"rendered":"\n<p>Sergio Massa encabez\u00f3 el Congreso Nacional del Frente Renovador, donde m\u00e1s de 800 congresales de todo el pa\u00eds ratificaron su precandidatura presidencial luego de aprobar un documento cuyo eje central es la construcci\u00f3n de una \u201ccoalici\u00f3n opositora amplia, plural y federal para competir y ganar en las pr\u00f3ximas elecciones\u201d. Entre los presentes se encontraban el Diputado Nacional Carlos Selva y el precandidato a intendente de Mercedes, Carlos Milhomme. <\/p>\n\n\n\n<figure class=\"wp-block-image\"><img loading=\"lazy\" decoding=\"async\" width=\"750\" height=\"499\" data-attachment-id=\"94164\" data-permalink=\"https:\/\/www.hoymercedes.com.ar\/principal\/2019\/05\/31\/aprehension-y-secuestro-de-arma-en-una-granja-de-open-door\/30-selva-congreso-fr\/#main\" data-orig-file=\"https:\/\/www.hoymercedes.com.ar\/principal\/wp-content\/uploads\/2019\/05\/30-selva-congreso-FR.jpg\" data-orig-size=\"750,499\" data-comments-opened=\"0\" data-image-meta=\"{&quot;aperture&quot;:&quot;0&quot;,&quot;credit&quot;:&quot;&quot;,&quot;camera&quot;:&quot;&quot;,&quot;caption&quot;:&quot;&quot;,&quot;created_timestamp&quot;:&quot;0&quot;,&quot;copyright&quot;:&quot;&quot;,&quot;focal_length&quot;:&quot;0&quot;,&quot;iso&quot;:&quot;0&quot;,&quot;shutter_speed&quot;:&quot;0&quot;,&quot;title&quot;:&quot;&quot;,&quot;orientation&quot;:&quot;0&quot;}\" data-image-title=\"30 selva congreso FR\" data-image-description=\"\" data-image-caption=\"\" data-large-file=\"https:\/\/www.hoymercedes.com.ar\/principal\/wp-content\/uploads\/2019\/05\/30-selva-congreso-FR.jpg\" src=\"https:\/\/www.hoymercedes.com.ar\/principal\/wp-content\/uploads\/2019\/05\/30-selva-congreso-FR.jpg\" alt=\"\" class=\"wp-image-94164\" srcset=\"https:\/\/www.hoymercedes.com.ar\/principal\/wp-content\/uploads\/2019\/05\/30-selva-congreso-FR.jpg 750w, https:\/\/www.hoymercedes.com.ar\/principal\/wp-content\/uploads\/2019\/05\/30-selva-congreso-FR-150x100.jpg 150w, https:\/\/www.hoymercedes.com.ar\/principal\/wp-content\/uploads\/2019\/05\/30-selva-congreso-FR-630x419.jpg 630w, https:\/\/www.hoymercedes.com.ar\/principal\/wp-content\/uploads\/2019\/05\/30-selva-congreso-FR-720x480.jpg 720w, https:\/\/www.hoymercedes.com.ar\/principal\/wp-content\/uploads\/2019\/05\/30-selva-congreso-FR-360x240.jpg 360w\" sizes=\"auto, (max-width: 750px) 100vw, 750px\" \/><\/figure>\n\n\n\n<p>De cara al escenario electoral, el l\u00edder del Frente Renovador encabez\u00f3 hoy un Congreso Nacional en Parque Norte, en el cual participaron m\u00e1s de 800 congresales de todo el pa\u00eds. All\u00ed, el precandidato presidencial sostuvo: \u201cHoy nuestros dirigentes ratificaron que el Frente Renovador quiere ser protagonista. &nbsp;Estamos ac\u00e1 porque hace 7 a\u00f1os que comenzamos a construir el sue\u00f1o de una Argentina con destino de grandeza &nbsp;y lo hicimos con propuestas y con equipos, y hoy tenemos que renovar ese compromiso\u201d.<\/p>\n\n\n\n<p>\u201cLlegamos hasta ac\u00e1 porque el Gobierno de Macri fracas\u00f3, no fracasaron los argentinos. Fracas\u00f3 porque hoy uno de cada tres argentinos es pobre, fracas\u00f3 porque apost\u00f3 a la timba y la especulaci\u00f3n financiera en un pa\u00eds en donde la producci\u00f3n y el trabajo siempre han&nbsp; sido los motores del desarrollo. Fracas\u00f3 porque nos volvi\u00f3 a poner de rodillas frente al FMI\u201d, indic\u00f3. &nbsp;<\/p>\n\n\n\n<p>\u201dMacri eligi\u00f3 un mal camino, pero los grave es que enga\u00f1\u00f3 y le minti\u00f3 a todos los argentinos. El Gobierno tiene que saber que los argentinos no toleran m\u00e1s enga\u00f1os y mentiras. Porque atr\u00e1s de la mentira este Gobierno esconde su insensibilidad.&nbsp; Nadie puede dividir a la sociedad para ganar una elecci\u00f3n y despu\u00e9s gobernar para todos. Tenemos que terminar de una vez con el negocio de la grieta. Hay que terminar con la idea de que se sostiene el poder dividiendo a los que piensan distinto\u201d, agreg\u00f3.<\/p>\n\n\n\n<figure class=\"wp-block-image\"><img loading=\"lazy\" decoding=\"async\" width=\"560\" height=\"416\" data-attachment-id=\"94169\" data-permalink=\"https:\/\/www.hoymercedes.com.ar\/principal\/2019\/05\/31\/massa-vamos-a-construir-una-nueva-mayoria-opositora-para-ser-alternativa-a-este-gobierno-que-fracaso\/30-congreso-fr\/#main\" data-orig-file=\"https:\/\/www.hoymercedes.com.ar\/principal\/wp-content\/uploads\/2019\/05\/30-congreso-FR.jpg\" data-orig-size=\"560,416\" data-comments-opened=\"0\" data-image-meta=\"{&quot;aperture&quot;:&quot;0&quot;,&quot;credit&quot;:&quot;&quot;,&quot;camera&quot;:&quot;&quot;,&quot;caption&quot;:&quot;&quot;,&quot;created_timestamp&quot;:&quot;0&quot;,&quot;copyright&quot;:&quot;&quot;,&quot;focal_length&quot;:&quot;0&quot;,&quot;iso&quot;:&quot;0&quot;,&quot;shutter_speed&quot;:&quot;0&quot;,&quot;title&quot;:&quot;&quot;,&quot;orientation&quot;:&quot;0&quot;}\" data-image-title=\"30-congreso-FR\" data-image-description=\"\" data-image-caption=\"\" data-large-file=\"https:\/\/www.hoymercedes.com.ar\/principal\/wp-content\/uploads\/2019\/05\/30-congreso-FR.jpg\" src=\"https:\/\/www.hoymercedes.com.ar\/principal\/wp-content\/uploads\/2019\/05\/30-congreso-FR.jpg\" alt=\"\" class=\"wp-image-94169\" srcset=\"https:\/\/www.hoymercedes.com.ar\/principal\/wp-content\/uploads\/2019\/05\/30-congreso-FR.jpg 560w, https:\/\/www.hoymercedes.com.ar\/principal\/wp-content\/uploads\/2019\/05\/30-congreso-FR-150x111.jpg 150w, https:\/\/www.hoymercedes.com.ar\/principal\/wp-content\/uploads\/2019\/05\/30-congreso-FR-100x75.jpg 100w\" sizes=\"auto, (max-width: 560px) 100vw, 560px\" \/><\/figure>\n\n\n\n<p>\u201cLo que se expres\u00f3 hoy es el perfil de nuestra fuerza pol\u00edtica. Pensamos que la Argentina se merece otro futuro y tenemos la convicci\u00f3n de ser parte de una nueva mayor\u00eda. Tenemos la vocaci\u00f3n de Gobernar la Argentina. Hay otro camino, hay alternativa a este Gobierno. Creo en el dialogo y la pluralidad de voces. Creo en la b\u00fasqueda de consensos &nbsp;y eso forma parte de nuestro ADN y estoy orgulloso&nbsp; de que as\u00ed sea. Mientras otros espacios eligen a dedo, nosotros elegimos con democracia\u201d.<\/p>\n\n\n\n<p>\u201cEl documento que hoy se aprob\u00f3 es el fiel reflejo de nuestra diversidad y expresa la voluntad de construir una nueva mayor\u00eda opositora para ser alternativa a este Gobierno de fracaso. Hoy hay una gran mayor\u00eda opositora que perdi\u00f3 la paciencia&nbsp; y nos pide como opositores que construyamos un nuevo Gobierno. Hay una enorme mayor\u00eda que est\u00e9 esperando una alternativa\u201d.<\/p>\n\n\n\n<p>Por \u00faltimo, sostuvo: \u201cDesde ac\u00e1, quiero pedirle a los opositores que abandonen la vanidad y piensen en el pa\u00eds que queremos construir. Yo estoy para liderar si me toca liderar, pero tambi\u00e9n estoy para empujar el carro desde donde sea, porque tenemos la obligaci\u00f3n de construir una patria. Hay que trabajar para ampliar esta coalici\u00f3n opositora y poner en marcha la esperanza de millones de argentinos\u201d, concluy\u00f3 Massa.<\/p>\n\n\n\n<p>Fuente: Frente Renovador<br><\/p>\n","protected":false},"excerpt":{"rendered":"<p>Sergio Massa encabez\u00f3 el Congreso Nacional del Frente Renovador, donde m\u00e1s de 800 congresales de todo el pa\u00eds ratificaron su &#8230; <a title=\"Massa: \u201cVamos a construir una nueva mayor\u00eda opositora para ser alternativa a este Gobierno que fracas\u00f3\u201d\" class=\"read-more\" href=\"https:\/\/www.hoymercedes.com.ar\/principal\/2019\/05\/31\/massa-vamos-a-construir-una-nueva-mayoria-opositora-para-ser-alternativa-a-este-gobierno-que-fracaso\/\" aria-label=\"Leer m\u00e1s sobre Massa: \u201cVamos a construir una nueva mayor\u00eda opositora para ser alternativa a este Gobierno que fracas\u00f3\u201d\">Leer m\u00e1s<\/a><\/p>\n","protected":false},"author":1,"featured_media":94164,"comment_status":"closed","ping_status":"open","sticky":false,"template":"","format":"standard","meta":{"_monsterinsights_skip_tracking":false,"_monsterinsights_sitenote_active":false,"_monsterinsights_sitenote_note":"","_monsterinsights_sitenote_category":0,"jetpack_post_was_ever_published":false,"_jetpack_newsletter_access":"","_jetpack_dont_email_post_to_subs":false,"_jetpack_newsletter_tier_id":0,"_jetpack_memberships_contains_paywalled_content":false,"_jetpack_memberships_contains_paid_content":false,"footnotes":"","jetpack_publicize_message":"","jetpack_publicize_feature_enabled":true,"jetpack_social_post_already_shared":true,"jetpack_social_options":{"image_generator_settings":{"template":"highway","default_image_id":0,"font":"","enabled":false},"version":2},"_wpas_customize_per_network":false},"categories":[5210],"tags":[4364,39,3537,10113],"class_list":["post-94168","post","type-post","status-publish","format-standard","has-post-thumbnail","hentry","category-politica-nacional","tag-carlos-milhomme","tag-carlos-selva","tag-frente-renovador","tag-politica-nacional","generate-columns","tablet-grid-50","mobile-grid-100","grid-parent","grid-50"],"jetpack_publicize_connections":[],"jetpack_featured_media_url":"https:\/\/www.hoymercedes.com.ar\/principal\/wp-content\/uploads\/2019\/05\/30-selva-congreso-FR.jpg","wps_subtitle":"En el Congreso del Frente Renovador","jetpack_sharing_enabled":true,"_links":{"self":[{"href":"https:\/\/www.hoymercedes.com.ar\/principal\/wp-json\/wp\/v2\/posts\/94168","targetHints":{"allow":["GET"]}}],"collection":[{"href":"https:\/\/www.hoymercedes.com.ar\/principal\/wp-json\/wp\/v2\/posts"}],"about":[{"href":"https:\/\/www.hoymercedes.com.ar\/principal\/wp-json\/wp\/v2\/types\/post"}],"author":[{"embeddable":true,"href":"https:\/\/www.hoymercedes.com.ar\/principal\/wp-json\/wp\/v2\/users\/1"}],"replies":[{"embeddable":true,"href":"https:\/\/www.hoymercedes.com.ar\/principal\/wp-json\/wp\/v2\/comments?post=94168"}],"version-history":[{"count":0,"href":"https:\/\/www.hoymercedes.com.ar\/principal\/wp-json\/wp\/v2\/posts\/94168\/revisions"}],"wp:featuredmedia":[{"embeddable":true,"href":"https:\/\/www.hoymercedes.com.ar\/principal\/wp-json\/wp\/v2\/media\/94164"}],"wp:attachment":[{"href":"https:\/\/www.hoymercedes.com.ar\/principal\/wp-json\/wp\/v2\/media?parent=94168"}],"wp:term":[{"taxonomy":"category","embeddable":true,"href":"https:\/\/www.hoymercedes.com.ar\/principal\/wp-json\/wp\/v2\/categories?post=94168"},{"taxonomy":"post_tag","embeddable":true,"href":"https:\/\/www.hoymercedes.com.ar\/principal\/wp-json\/wp\/v2\/tags?post=94168"}],"curies":[{"name":"wp","href":"https:\/\/api.w.org\/{rel}","templated":true}]}}