{"id":94179,"date":"2019-05-31T12:20:55","date_gmt":"2019-05-31T15:20:55","guid":{"rendered":"http:\/\/www.hoymercedes.com.ar\/principal\/?p=94179"},"modified":"2019-05-31T09:25:18","modified_gmt":"2019-05-31T12:25:18","slug":"31-de-mayo-sin-tabaco-por-un-dia","status":"publish","type":"post","link":"https:\/\/www.hoymercedes.com.ar\/principal\/2019\/05\/31\/31-de-mayo-sin-tabaco-por-un-dia\/","title":{"rendered":"31 de Mayo: Sin Tabaco por un d\u00eda"},"content":{"rendered":"\n<p>\u201cEl Tabaco y la Salud Pulmonar\u201d es la consigna de este a\u00f1o bajo la cual se promueven acciones a nivel mundial por el D\u00eda Mundial sin Tabaco que se celebra el 31 de mayo. Tiene como objetivo concienciar sobre los efectos nocivos y letales del consumo de tabaco y la exposici\u00f3n al humo ajeno como as\u00ed tambi\u00e9n disuadir del consumo de tabaco en cualquiera de sus formas.<\/p>\n\n\n\n<p>La Organizaci\u00f3n Mundial de la Salud (OMS) y sus pa\u00edses miembros, cada a\u00f1o ponen de relieve esta fecha para hacer hincapi\u00e9 sobre los riesgos y consecuencias negativas para la salud asociados con el tabaquismo, alentando a los gobiernos locales a impulsar pol\u00edticas eficaces para reducir su consumo.<\/p>\n\n\n\n<p>La Subsecretar\u00eda de Determinantes Sociales de la Salud y la Enfermedad F\u00edsica, Mental y de las Adicciones, a trav\u00e9s de su Programa Provincial de Control del Tabaco, realizar\u00e1 actividades en los consultorios de cesaci\u00f3n tab\u00e1quica que funcionan en: CPA  (Centros Provinciales de de Atenci\u00f3n), Centros de Salud y Hospitales Nacionales, Provinciales y Municipales, bajo el lema \u201cCuid\u00e1 la salud de tus pulmones\u201d.   <\/p>\n\n\n\n<p>En consonancia con la OMS, se considera que la comunidad es un actor preventivo fundamental, por ello se colabora en la promoci\u00f3n de la salud y la protecci\u00f3n de los da\u00f1os causados por el tabaco. \u201cLa salud pulmonar no se logra simplemente por la ausencia de enfermedades, el humo del tabaco repercute de manera importante en la salud pulmonar de los fumadores y no fumadores en todo el mundo\u201d.<\/p>\n\n\n\n<p>Fuente: Ministerio de Salud Bonaerense<\/p>\n","protected":false},"excerpt":{"rendered":"<p>\u201cEl Tabaco y la Salud Pulmonar\u201d es la consigna de este a\u00f1o bajo la cual se promueven acciones a nivel &#8230; <a title=\"31 de Mayo: Sin Tabaco por un d\u00eda\" class=\"read-more\" href=\"https:\/\/www.hoymercedes.com.ar\/principal\/2019\/05\/31\/31-de-mayo-sin-tabaco-por-un-dia\/\" aria-label=\"Leer m\u00e1s sobre 31 de Mayo: Sin Tabaco por un d\u00eda\">Leer m\u00e1s<\/a><\/p>\n","protected":false},"author":1,"featured_media":94180,"comment_status":"closed","ping_status":"open","sticky":false,"template":"","format":"standard","meta":{"_monsterinsights_skip_tracking":false,"_monsterinsights_sitenote_active":false,"_monsterinsights_sitenote_note":"","_monsterinsights_sitenote_category":0,"jetpack_post_was_ever_published":false,"_jetpack_newsletter_access":"","_jetpack_dont_email_post_to_subs":false,"_jetpack_newsletter_tier_id":0,"_jetpack_memberships_contains_paywalled_content":false,"_jetpack_memberships_contains_paid_content":false,"footnotes":"","jetpack_publicize_message":"","jetpack_publicize_feature_enabled":true,"jetpack_social_post_already_shared":true,"jetpack_social_options":{"image_generator_settings":{"template":"highway","default_image_id":0,"font":"","enabled":false},"version":2},"_wpas_customize_per_network":false},"categories":[9791],"tags":[13202,624,134],"class_list":["post-94179","post","type-post","status-publish","format-standard","has-post-thumbnail","hentry","category-salud","tag-dia-sin-tabaco","tag-hospital-blas-l-dubarry","tag-salud","generate-columns","tablet-grid-50","mobile-grid-100","grid-parent","grid-50"],"jetpack_publicize_connections":[],"jetpack_featured_media_url":"https:\/\/www.hoymercedes.com.ar\/principal\/wp-content\/uploads\/2019\/05\/31-sin-tabaco.jpg","wps_subtitle":"D\u00eda Mundial Sin Tabaco","jetpack_sharing_enabled":true,"_links":{"self":[{"href":"https:\/\/www.hoymercedes.com.ar\/principal\/wp-json\/wp\/v2\/posts\/94179","targetHints":{"allow":["GET"]}}],"collection":[{"href":"https:\/\/www.hoymercedes.com.ar\/principal\/wp-json\/wp\/v2\/posts"}],"about":[{"href":"https:\/\/www.hoymercedes.com.ar\/principal\/wp-json\/wp\/v2\/types\/post"}],"author":[{"embeddable":true,"href":"https:\/\/www.hoymercedes.com.ar\/principal\/wp-json\/wp\/v2\/users\/1"}],"replies":[{"embeddable":true,"href":"https:\/\/www.hoymercedes.com.ar\/principal\/wp-json\/wp\/v2\/comments?post=94179"}],"version-history":[{"count":0,"href":"https:\/\/www.hoymercedes.com.ar\/principal\/wp-json\/wp\/v2\/posts\/94179\/revisions"}],"wp:featuredmedia":[{"embeddable":true,"href":"https:\/\/www.hoymercedes.com.ar\/principal\/wp-json\/wp\/v2\/media\/94180"}],"wp:attachment":[{"href":"https:\/\/www.hoymercedes.com.ar\/principal\/wp-json\/wp\/v2\/media?parent=94179"}],"wp:term":[{"taxonomy":"category","embeddable":true,"href":"https:\/\/www.hoymercedes.com.ar\/principal\/wp-json\/wp\/v2\/categories?post=94179"},{"taxonomy":"post_tag","embeddable":true,"href":"https:\/\/www.hoymercedes.com.ar\/principal\/wp-json\/wp\/v2\/tags?post=94179"}],"curies":[{"name":"wp","href":"https:\/\/api.w.org\/{rel}","templated":true}]}}