{"id":9418,"date":"2011-11-29T01:20:54","date_gmt":"2011-11-29T01:20:54","guid":{"rendered":"http:\/\/www.hoymercedes.com.ar\/principal\/?p=9418"},"modified":"2011-11-29T01:31:49","modified_gmt":"2011-11-29T01:31:49","slug":"carlos-selva-darle-al-parque-una-comision-autonoma-es-una-materia-aun-pendiente-en-nuestra-gestion","status":"publish","type":"post","link":"https:\/\/www.hoymercedes.com.ar\/principal\/2011\/11\/29\/carlos-selva-darle-al-parque-una-comision-autonoma-es-una-materia-aun-pendiente-en-nuestra-gestion\/","title":{"rendered":"Carlos Selva: \u00abDarle al Parque una Comisi\u00f3n Aut\u00f3noma es una materia aun pendiente en nuestra gesti\u00f3n\u00bb"},"content":{"rendered":"<p>El intendente Carlos Selva sostuvo al referirse al turismo en nuestra ciudad<em> \u00abestamos trabajando desde el comienzo de la gesti\u00f3n para darle un perfil tur\u00edstico a nuestro Partido no s\u00f3lo con lo que se lleva a cabo en Tomas Jofre sino tambi\u00e9n con lo que tenemos dentro de la ciudad, por ejemplo, ya es tradicional que en parte de diciembre al menos hasta mediados del verano cerremos como ya es casi tradicional la calle 27 desde la 24 a la 26 para dar una jerarquizaci\u00f3n mayor a nuestra Plaza San Martin permitiendo el uso integral de la misma por ejemplo con la colocaci\u00f3n de las mesas y sillas de las diferentes confiter\u00edas del lugar porque es muy sabido que a la familia mercedina le gusta a la noche salir un rato al centro.<\/em><\/p>\n<p><em>Tambi\u00e9n pensamos en el Parque Municipal que ya ha tomado una identificaci\u00f3n concreta para cada uno de los sectores, el nuevo se ha convertido en el punto de reuni\u00f3n de los j\u00f3venes durante los fines de semana en invierno y verano, el sector viejo sigue siendo el tradicional para la familia que va a pasar el d\u00eda asado de por medio por eso es que le estamos dando la impronta propia a cada uno de los mismos.<\/em><\/p>\n<p><em>Con el Parque sigo sosteniendo la idea que si bien de ninguna manera nosotros vamos a dejar de lado los trabajos que hacemos, es m\u00e1s que necesario que cuente con una cooperadora, as\u00ed le digo yo, en realidad una comisi\u00f3n formada por vecinos a quienes les gusta el parque y sean capaces de involucrase de manera total con el mismo para que de manera aut\u00f3noma puedan tomas las decisiones que crean convenientes para darle una mejor imagen, m\u00e1s servicios y muchas m\u00e1s propuestas de esparcimientos para quienes van ya sea a pasar un d\u00eda o bien a estar en carpa una semana.<\/em><\/p>\n<p><em>Lamentablemente por diferentes motivos aun no hemos podido lograr la integraci\u00f3n de dicho grupo de trabajo, es una materia pendiente que pretendemos resolver lo antes posible\u201d.<\/em><\/p>\n","protected":false},"excerpt":{"rendered":"<p>El intendente Carlos Selva sostuvo al referirse al turismo en nuestra ciudad \u00abestamos trabajando desde el comienzo de la gesti\u00f3n &#8230; <a title=\"Carlos Selva: \u00abDarle al Parque una Comisi\u00f3n Aut\u00f3noma es una materia aun pendiente en nuestra gesti\u00f3n\u00bb\" class=\"read-more\" href=\"https:\/\/www.hoymercedes.com.ar\/principal\/2011\/11\/29\/carlos-selva-darle-al-parque-una-comision-autonoma-es-una-materia-aun-pendiente-en-nuestra-gestion\/\" aria-label=\"Leer m\u00e1s sobre Carlos Selva: \u00abDarle al Parque una Comisi\u00f3n Aut\u00f3noma es una materia aun pendiente en nuestra gesti\u00f3n\u00bb\">Leer m\u00e1s<\/a><\/p>\n","protected":false},"author":1,"featured_media":0,"comment_status":"open","ping_status":"open","sticky":false,"template":"","format":"standard","meta":{"_monsterinsights_skip_tracking":false,"_monsterinsights_sitenote_active":false,"_monsterinsights_sitenote_note":"","_monsterinsights_sitenote_category":0,"jetpack_post_was_ever_published":false,"_jetpack_newsletter_access":"","_jetpack_dont_email_post_to_subs":false,"_jetpack_newsletter_tier_id":0,"_jetpack_memberships_contains_paywalled_content":false,"_jetpack_memberships_contains_paid_content":false,"footnotes":"","jetpack_publicize_message":"","jetpack_publicize_feature_enabled":true,"jetpack_social_post_already_shared":false,"jetpack_social_options":{"image_generator_settings":{"template":"highway","default_image_id":0,"font":"","enabled":false},"version":2},"_wpas_customize_per_network":false},"categories":[30],"tags":[1551,18],"class_list":["post-9418","post","type-post","status-publish","format-standard","hentry","category-municipio","tag-parque-municipal","tag-selva","generate-columns","tablet-grid-50","mobile-grid-100","grid-parent","grid-50"],"jetpack_publicize_connections":[],"jetpack_featured_media_url":"","wps_subtitle":"","jetpack_sharing_enabled":true,"_links":{"self":[{"href":"https:\/\/www.hoymercedes.com.ar\/principal\/wp-json\/wp\/v2\/posts\/9418","targetHints":{"allow":["GET"]}}],"collection":[{"href":"https:\/\/www.hoymercedes.com.ar\/principal\/wp-json\/wp\/v2\/posts"}],"about":[{"href":"https:\/\/www.hoymercedes.com.ar\/principal\/wp-json\/wp\/v2\/types\/post"}],"author":[{"embeddable":true,"href":"https:\/\/www.hoymercedes.com.ar\/principal\/wp-json\/wp\/v2\/users\/1"}],"replies":[{"embeddable":true,"href":"https:\/\/www.hoymercedes.com.ar\/principal\/wp-json\/wp\/v2\/comments?post=9418"}],"version-history":[{"count":0,"href":"https:\/\/www.hoymercedes.com.ar\/principal\/wp-json\/wp\/v2\/posts\/9418\/revisions"}],"wp:attachment":[{"href":"https:\/\/www.hoymercedes.com.ar\/principal\/wp-json\/wp\/v2\/media?parent=9418"}],"wp:term":[{"taxonomy":"category","embeddable":true,"href":"https:\/\/www.hoymercedes.com.ar\/principal\/wp-json\/wp\/v2\/categories?post=9418"},{"taxonomy":"post_tag","embeddable":true,"href":"https:\/\/www.hoymercedes.com.ar\/principal\/wp-json\/wp\/v2\/tags?post=9418"}],"curies":[{"name":"wp","href":"https:\/\/api.w.org\/{rel}","templated":true}]}}