{"id":94221,"date":"2019-06-01T10:10:17","date_gmt":"2019-06-01T13:10:17","guid":{"rendered":"http:\/\/www.hoymercedes.com.ar\/principal\/?p=94221"},"modified":"2019-06-01T13:35:28","modified_gmt":"2019-06-01T16:35:28","slug":"se-amplio-y-remodelo-el-caps-del-bo-los-robles","status":"publish","type":"post","link":"https:\/\/www.hoymercedes.com.ar\/principal\/2019\/06\/01\/se-amplio-y-remodelo-el-caps-del-bo-los-robles\/","title":{"rendered":"Se ampli\u00f3 y remodel\u00f3 el CAPS del Bo. Los Robles"},"content":{"rendered":"\n<p>El intendente Juan Ignacio Ustarroz junto a los vecinos y las diferentes \u00e1reas comunales dej\u00f3 inaugura las obras de ampliaci\u00f3n y puesta en valor del Centro de Atenci\u00f3n Primaria de la Salud del barrio Los Robles. El mismo, est\u00e1 emplazado en calle 7 entre 52 y 54, y dichas mejoras extendieron a casi el doble la superficie total de este C.A.P.S. \u201cEstamos muy felices con este nuevo logro para la ciudad de Mercedes, para el barrio Los Robles y toda la comunidad\u201d manifest\u00f3 el intendente Ustarroz. Hace casi una semana se lo hizo en San Francisco y pr\u00f3ximamente ser\u00e1 en Agote.<\/p>\n\n\n\n<figure class=\"wp-block-image\"><img loading=\"lazy\" decoding=\"async\" width=\"750\" height=\"500\" data-attachment-id=\"94222\" data-permalink=\"https:\/\/www.hoymercedes.com.ar\/principal\/2019\/06\/01\/se-amplio-y-remodelo-el-caps-del-bo-los-robles\/01-capslosrobles\/#main\" data-orig-file=\"https:\/\/www.hoymercedes.com.ar\/principal\/wp-content\/uploads\/2019\/06\/01-CapsLosRobles.jpg\" data-orig-size=\"750,500\" data-comments-opened=\"0\" data-image-meta=\"{&quot;aperture&quot;:&quot;0&quot;,&quot;credit&quot;:&quot;&quot;,&quot;camera&quot;:&quot;&quot;,&quot;caption&quot;:&quot;&quot;,&quot;created_timestamp&quot;:&quot;0&quot;,&quot;copyright&quot;:&quot;&quot;,&quot;focal_length&quot;:&quot;0&quot;,&quot;iso&quot;:&quot;0&quot;,&quot;shutter_speed&quot;:&quot;0&quot;,&quot;title&quot;:&quot;&quot;,&quot;orientation&quot;:&quot;0&quot;}\" data-image-title=\"01 CapsLosRobles\" data-image-description=\"\" data-image-caption=\"\" data-large-file=\"https:\/\/www.hoymercedes.com.ar\/principal\/wp-content\/uploads\/2019\/06\/01-CapsLosRobles.jpg\" src=\"https:\/\/www.hoymercedes.com.ar\/principal\/wp-content\/uploads\/2019\/06\/01-CapsLosRobles.jpg\" alt=\"\" class=\"wp-image-94222\" srcset=\"https:\/\/www.hoymercedes.com.ar\/principal\/wp-content\/uploads\/2019\/06\/01-CapsLosRobles.jpg 750w, https:\/\/www.hoymercedes.com.ar\/principal\/wp-content\/uploads\/2019\/06\/01-CapsLosRobles-150x100.jpg 150w, https:\/\/www.hoymercedes.com.ar\/principal\/wp-content\/uploads\/2019\/06\/01-CapsLosRobles-630x420.jpg 630w, https:\/\/www.hoymercedes.com.ar\/principal\/wp-content\/uploads\/2019\/06\/01-CapsLosRobles-720x480.jpg 720w, https:\/\/www.hoymercedes.com.ar\/principal\/wp-content\/uploads\/2019\/06\/01-CapsLosRobles-360x240.jpg 360w\" sizes=\"auto, (max-width: 750px) 100vw, 750px\" \/><\/figure>\n\n\n\n<p>A su vez, el Jefe Comunal agradeci\u00f3 \u201ca los trabajadores y trabajadoras de la Secretar\u00eda de Salud por la gran labor que vienen efectuando, pero principalmente por el esp\u00edritu de unidad que tienen\u201d y destac\u00f3 \u201choy vamos a vislumbrar una obra arquitect\u00f3nica muy bien desarrollada por dos arquitectas de nuestra ciudad y que quedar\u00e1 a disposici\u00f3n de todos los vecinos\u201d.<\/p>\n\n\n\n<p>\u201cQue podamos seguir en todos los rincones de la ciudad generando trabajo a trav\u00e9s de la obra p\u00fablica, creo que es algo muy bueno, porque adem\u00e1s mejoramos la infraestructura, en este caso, en materia de salud\u201d subray\u00f3 el intendente Ustarroz y se\u00f1al\u00f3 \u201cpero creo que lo m\u00e1s importante es el recurso humano, donde los logros se deben fundamentalmente al compromiso de cada uno de los trabajadores municipales, como as\u00ed tambi\u00e9n, de los vecinos\u201d.<\/p>\n\n\n\n<p>Asimismo, Ustarroz apunt\u00f3 \u201cesta inauguraci\u00f3n que mejora la infraestructura y que brinda mayor calidez para todos los vecinos, significan m\u00e1s beneficios en la calidad de vida de un barrio y una ciudad. Con la finalidad de que se recompongan los tejidos sociales, que haya unidad y respeto, algo m\u00e1s importante que lo material\u201d.\u00a0\u00a0<\/p>\n\n\n\n<p><strong>Juntos<\/strong><\/p>\n\n\n\n<p>Por su parte, el secretario de salud, Pablo Cassiani se\u00f1al\u00f3 \u201cel intendente Ustarroz en una de las primeras reuniones de gabinetes -por el a\u00f1o 2016- nos dijo \u201cquiero que las diferentes \u00e1reas trabajen de manera transversal\u201d y ac\u00e1 verdaderamente hay un trabajo mancomunado, y no hay secretar\u00eda, departamento, ni direcci\u00f3n del municipio que no haya trabajado\u201d.<\/p>\n\n\n\n<p>Adem\u00e1s, Cassiani agradeci\u00f3 \u201ca todo el equipo de la Secretar\u00eda de Salud por el acompa\u00f1amiento y el compromiso, se han puesto la bandera de la salud p\u00fablica, y realmente creo que estamos logrando un cambio verdaderamente interesante en nuestra ciudad\u201d.<\/p>\n\n\n\n<figure class=\"wp-block-image\"><img loading=\"lazy\" decoding=\"async\" width=\"750\" height=\"563\" data-attachment-id=\"94224\" data-permalink=\"https:\/\/www.hoymercedes.com.ar\/principal\/2019\/06\/01\/se-amplio-y-remodelo-el-caps-del-bo-los-robles\/01-capslosrobles1\/#main\" data-orig-file=\"https:\/\/www.hoymercedes.com.ar\/principal\/wp-content\/uploads\/2019\/06\/01-CapsLosRobles1.jpg\" data-orig-size=\"750,563\" data-comments-opened=\"0\" data-image-meta=\"{&quot;aperture&quot;:&quot;0&quot;,&quot;credit&quot;:&quot;&quot;,&quot;camera&quot;:&quot;&quot;,&quot;caption&quot;:&quot;&quot;,&quot;created_timestamp&quot;:&quot;0&quot;,&quot;copyright&quot;:&quot;&quot;,&quot;focal_length&quot;:&quot;0&quot;,&quot;iso&quot;:&quot;0&quot;,&quot;shutter_speed&quot;:&quot;0&quot;,&quot;title&quot;:&quot;&quot;,&quot;orientation&quot;:&quot;0&quot;}\" data-image-title=\"01 CapsLosRobles1\" data-image-description=\"\" data-image-caption=\"\" data-large-file=\"https:\/\/www.hoymercedes.com.ar\/principal\/wp-content\/uploads\/2019\/06\/01-CapsLosRobles1.jpg\" src=\"https:\/\/www.hoymercedes.com.ar\/principal\/wp-content\/uploads\/2019\/06\/01-CapsLosRobles1.jpg\" alt=\"\" class=\"wp-image-94224\" srcset=\"https:\/\/www.hoymercedes.com.ar\/principal\/wp-content\/uploads\/2019\/06\/01-CapsLosRobles1.jpg 750w, https:\/\/www.hoymercedes.com.ar\/principal\/wp-content\/uploads\/2019\/06\/01-CapsLosRobles1-150x113.jpg 150w, https:\/\/www.hoymercedes.com.ar\/principal\/wp-content\/uploads\/2019\/06\/01-CapsLosRobles1-630x473.jpg 630w, https:\/\/www.hoymercedes.com.ar\/principal\/wp-content\/uploads\/2019\/06\/01-CapsLosRobles1-320x240.jpg 320w, https:\/\/www.hoymercedes.com.ar\/principal\/wp-content\/uploads\/2019\/06\/01-CapsLosRobles1-100x75.jpg 100w\" sizes=\"auto, (max-width: 750px) 100vw, 750px\" \/><\/figure>\n\n\n\n<p>Catalina Arienti, una de las enfermeras que trabaja en este centro de salud dijo \u201cpara nosotros es muy importante esta ampliaci\u00f3n, ya que nos permite brinda un mejor servicio para todos los vecinos, y agradezco al intendente Ustarroz por hacer esto posible\u201d.<\/p>\n\n\n\n<p>Otro de las personas que tom\u00f3 la palabra fue Oscar Pareja, qui\u00e9n form\u00f3 parte del primer equipo de salud que se estableci\u00f3 en este barrio expres\u00f3 \u201choy vemos reflejado, gracias al municipio y a la secretaria de salud, el gran trabajo que se ha hecho en este CAPS\u201d.<\/p>\n\n\n\n<p>Daniel Fern\u00e1ndez, presidente del barrio Los Robles manifest\u00f3 \u201csimplemente agradecer a los vecinos y por sobre todo al intendente Ustarroz que gracias a \u00e9l hoy tenemos un C.A.P.S amplio y con todas las comodidades\u201d.<\/p>\n\n\n\n<p>Una gran cantidad de vecinos se hicieron presente en esta inauguraci\u00f3n, entre ellos Laura Collado, qui\u00e9n hace 26 a\u00f1os vive en el barrio qui\u00e9n declar\u00f3 \u201cesto es un beneficio enorme para todos los vecinos, somos muchos los que venimos a hacernos atender\u201d y recalc\u00f3 \u201cha quedado hermoso, la verdad que es muy emocionante\u201d.<br><\/p>\n","protected":false},"excerpt":{"rendered":"<p>El intendente Juan Ignacio Ustarroz junto a los vecinos y las diferentes \u00e1reas comunales dej\u00f3 inaugura las obras de ampliaci\u00f3n &#8230; <a title=\"Se ampli\u00f3 y remodel\u00f3 el CAPS del Bo. Los Robles\" class=\"read-more\" href=\"https:\/\/www.hoymercedes.com.ar\/principal\/2019\/06\/01\/se-amplio-y-remodelo-el-caps-del-bo-los-robles\/\" aria-label=\"Leer m\u00e1s sobre Se ampli\u00f3 y remodel\u00f3 el CAPS del Bo. Los Robles\">Leer m\u00e1s<\/a><\/p>\n","protected":false},"author":1,"featured_media":94224,"comment_status":"closed","ping_status":"open","sticky":false,"template":"","format":"standard","meta":{"_monsterinsights_skip_tracking":false,"_monsterinsights_sitenote_active":false,"_monsterinsights_sitenote_note":"","_monsterinsights_sitenote_category":0,"jetpack_post_was_ever_published":false,"_jetpack_newsletter_access":"","_jetpack_dont_email_post_to_subs":false,"_jetpack_newsletter_tier_id":0,"_jetpack_memberships_contains_paywalled_content":false,"_jetpack_memberships_contains_paid_content":false,"footnotes":"","jetpack_publicize_message":"","jetpack_publicize_feature_enabled":true,"jetpack_social_post_already_shared":true,"jetpack_social_options":{"image_generator_settings":{"template":"highway","default_image_id":0,"font":"","enabled":false},"version":2},"_wpas_customize_per_network":false},"categories":[30],"tags":[3429,1078,244,134],"class_list":["post-94221","post","type-post","status-publish","format-standard","has-post-thumbnail","hentry","category-municipio","tag-barrio-los-robles","tag-caps","tag-municipio-2","tag-salud","generate-columns","tablet-grid-50","mobile-grid-100","grid-parent","grid-50"],"jetpack_publicize_connections":[],"jetpack_featured_media_url":"https:\/\/www.hoymercedes.com.ar\/principal\/wp-content\/uploads\/2019\/06\/01-CapsLosRobles1.jpg","wps_subtitle":"","jetpack_sharing_enabled":true,"_links":{"self":[{"href":"https:\/\/www.hoymercedes.com.ar\/principal\/wp-json\/wp\/v2\/posts\/94221","targetHints":{"allow":["GET"]}}],"collection":[{"href":"https:\/\/www.hoymercedes.com.ar\/principal\/wp-json\/wp\/v2\/posts"}],"about":[{"href":"https:\/\/www.hoymercedes.com.ar\/principal\/wp-json\/wp\/v2\/types\/post"}],"author":[{"embeddable":true,"href":"https:\/\/www.hoymercedes.com.ar\/principal\/wp-json\/wp\/v2\/users\/1"}],"replies":[{"embeddable":true,"href":"https:\/\/www.hoymercedes.com.ar\/principal\/wp-json\/wp\/v2\/comments?post=94221"}],"version-history":[{"count":0,"href":"https:\/\/www.hoymercedes.com.ar\/principal\/wp-json\/wp\/v2\/posts\/94221\/revisions"}],"wp:featuredmedia":[{"embeddable":true,"href":"https:\/\/www.hoymercedes.com.ar\/principal\/wp-json\/wp\/v2\/media\/94224"}],"wp:attachment":[{"href":"https:\/\/www.hoymercedes.com.ar\/principal\/wp-json\/wp\/v2\/media?parent=94221"}],"wp:term":[{"taxonomy":"category","embeddable":true,"href":"https:\/\/www.hoymercedes.com.ar\/principal\/wp-json\/wp\/v2\/categories?post=94221"},{"taxonomy":"post_tag","embeddable":true,"href":"https:\/\/www.hoymercedes.com.ar\/principal\/wp-json\/wp\/v2\/tags?post=94221"}],"curies":[{"name":"wp","href":"https:\/\/api.w.org\/{rel}","templated":true}]}}