{"id":94229,"date":"2019-06-01T13:20:55","date_gmt":"2019-06-01T16:20:55","guid":{"rendered":"http:\/\/www.hoymercedes.com.ar\/principal\/?p=94229"},"modified":"2019-06-01T14:17:47","modified_gmt":"2019-06-01T17:17:47","slug":"proponen-incorporar-el-cooperativismo-en-las-escuelas","status":"publish","type":"post","link":"https:\/\/www.hoymercedes.com.ar\/principal\/2019\/06\/01\/proponen-incorporar-el-cooperativismo-en-las-escuelas\/","title":{"rendered":"Proponen incorporar el cooperativismo en las escuelas"},"content":{"rendered":"\n<p>D\u00edas atr\u00e1s se llev\u00f3 adelante una reuni\u00f3n entre referentes de la Direcci\u00f3n General de Cultura y Educaci\u00f3n y representantes del sector cooperativo.  El objetivo del encuentro es incorporar contenidos sobre cooperativismo dentro de la formaci\u00f3n formal de la escuelas. <\/p>\n\n\n\n<figure class=\"wp-block-image\"><img loading=\"lazy\" decoding=\"async\" width=\"750\" height=\"500\" data-attachment-id=\"94231\" data-permalink=\"https:\/\/www.hoymercedes.com.ar\/principal\/2019\/06\/01\/proponen-incorporar-el-cooperativismo-en-las-escuelas\/01-cooper\/#main\" data-orig-file=\"https:\/\/www.hoymercedes.com.ar\/principal\/wp-content\/uploads\/2019\/06\/01-cooper.jpg\" data-orig-size=\"750,500\" data-comments-opened=\"0\" data-image-meta=\"{&quot;aperture&quot;:&quot;0&quot;,&quot;credit&quot;:&quot;&quot;,&quot;camera&quot;:&quot;&quot;,&quot;caption&quot;:&quot;&quot;,&quot;created_timestamp&quot;:&quot;0&quot;,&quot;copyright&quot;:&quot;&quot;,&quot;focal_length&quot;:&quot;0&quot;,&quot;iso&quot;:&quot;0&quot;,&quot;shutter_speed&quot;:&quot;0&quot;,&quot;title&quot;:&quot;&quot;,&quot;orientation&quot;:&quot;0&quot;}\" data-image-title=\"01 cooper\" data-image-description=\"\" data-image-caption=\"\" data-large-file=\"https:\/\/www.hoymercedes.com.ar\/principal\/wp-content\/uploads\/2019\/06\/01-cooper.jpg\" src=\"https:\/\/www.hoymercedes.com.ar\/principal\/wp-content\/uploads\/2019\/06\/01-cooper.jpg\" alt=\"\" class=\"wp-image-94231\" srcset=\"https:\/\/www.hoymercedes.com.ar\/principal\/wp-content\/uploads\/2019\/06\/01-cooper.jpg 750w, https:\/\/www.hoymercedes.com.ar\/principal\/wp-content\/uploads\/2019\/06\/01-cooper-150x100.jpg 150w, https:\/\/www.hoymercedes.com.ar\/principal\/wp-content\/uploads\/2019\/06\/01-cooper-630x420.jpg 630w, https:\/\/www.hoymercedes.com.ar\/principal\/wp-content\/uploads\/2019\/06\/01-cooper-720x480.jpg 720w, https:\/\/www.hoymercedes.com.ar\/principal\/wp-content\/uploads\/2019\/06\/01-cooper-360x240.jpg 360w\" sizes=\"auto, (max-width: 750px) 100vw, 750px\" \/><\/figure>\n\n\n\n<p>De la Direcci\u00f3n Provincial de\u00a0 Cooperativas se encontraba presente su Director Pablo Nogues acompa\u00f1ado por el Director de Fiscalizaci\u00f3n , Dora Caeiro y Francesca Arena. La Lic. Leonor Ocampo particip\u00f3 en representaci\u00f3n de la Asociaci\u00f3n Interregional Cooperativa. <\/p>\n\n\n\n<p>El Vicepresidente del Consejo Asesor Diego Mart\u00ednez acompa\u00f1ado con dos de sus asesoras escucharon las demandas que desde el movimiento cooperativo se vienen realizando desde hace varios a\u00f1os por la falta de respuestas de los responsables de los Dise\u00f1os curriculares en la incorporaci\u00f3n en todos los niveles de ense\u00f1anza de contenidos sobre la ense\u00f1anza y pr\u00e1ctica de los valores y principios del cooperativismo y e l mutualismo.\u00a0 <\/p>\n\n\n\n<p>\u00c9stos contenidos est\u00e1n claramente especificados en la Ley de Educaci\u00f3n de la provincia 13.618, pero sin embargo nunca han\u00a0 sido incorporados formalmente en los dise\u00f1os curriculares como ha ocurrido en la mayor\u00eda de las provincias cuando al promulgarse en el a\u00f1o 2004 la Ley Nacional de Educaci\u00f3n en su art\u00edculo.90 se especifican claramente esta obligaci\u00f3n<\/p>\n\n\n\n<p>De la positiva\u00a0 reuni\u00f3n surgi\u00f3 la necesidad de comenzar actividades en conjunto para revertir esta situaci\u00f3n,\u00a0 seleccion\u00e1ndose como primeras instancias la organizaci\u00f3n conjunta de una Jornada de concientizaci\u00f3n cooperativa que se efectuar\u00e1 en la Plata en el mes de julio y comenzar a bajar circulares t\u00e9cnicas a todas las escuelas sobre recursos did\u00e1cticos apropiados para desarrollar este tipo de contenidos. <\/p>\n\n\n\n<p>Al respecto la Lic Ocampo se comprometi\u00f3 junto con Dora Caeiro a facilitar a las autoridades educativas para su pronta difusi\u00f3n, material te\u00f3rico-practico sobre recursos did\u00e1cticos mientras que en las acciones a mediano plazo se dejo la inquietud de la incorporaci\u00f3n en los Institutos Superiores de Formaci\u00f3n docente los contenidos que hacen a la ense\u00f1anza pr\u00e1ctica en valores que no son solo del cooperativismo sino que integran\u00a0 la formaci\u00f3n integral del ser humano.<\/p>\n","protected":false},"excerpt":{"rendered":"<p>D\u00edas atr\u00e1s se llev\u00f3 adelante una reuni\u00f3n entre referentes de la Direcci\u00f3n General de Cultura y Educaci\u00f3n y representantes del &#8230; <a title=\"Proponen incorporar el cooperativismo en las escuelas\" class=\"read-more\" href=\"https:\/\/www.hoymercedes.com.ar\/principal\/2019\/06\/01\/proponen-incorporar-el-cooperativismo-en-las-escuelas\/\" aria-label=\"Leer m\u00e1s sobre Proponen incorporar el cooperativismo en las escuelas\">Leer m\u00e1s<\/a><\/p>\n","protected":false},"author":1,"featured_media":94231,"comment_status":"closed","ping_status":"open","sticky":false,"template":"","format":"standard","meta":{"_monsterinsights_skip_tracking":false,"_monsterinsights_sitenote_active":false,"_monsterinsights_sitenote_note":"","_monsterinsights_sitenote_category":0,"jetpack_post_was_ever_published":false,"_jetpack_newsletter_access":"","_jetpack_dont_email_post_to_subs":false,"_jetpack_newsletter_tier_id":0,"_jetpack_memberships_contains_paywalled_content":false,"_jetpack_memberships_contains_paid_content":false,"footnotes":"","jetpack_publicize_message":"","jetpack_publicize_feature_enabled":true,"jetpack_social_post_already_shared":true,"jetpack_social_options":{"image_generator_settings":{"template":"highway","default_image_id":0,"font":"","enabled":false},"version":2},"_wpas_customize_per_network":false},"categories":[23],"tags":[15221,47,1803],"class_list":["post-94229","post","type-post","status-publish","format-standard","has-post-thumbnail","hentry","category-educacion","tag-cooperativismo","tag-educacion-2","tag-provincia","generate-columns","tablet-grid-50","mobile-grid-100","grid-parent","grid-50"],"jetpack_publicize_connections":[],"jetpack_featured_media_url":"https:\/\/www.hoymercedes.com.ar\/principal\/wp-content\/uploads\/2019\/06\/01-cooper.jpg","wps_subtitle":"Representantes locales","jetpack_sharing_enabled":true,"_links":{"self":[{"href":"https:\/\/www.hoymercedes.com.ar\/principal\/wp-json\/wp\/v2\/posts\/94229","targetHints":{"allow":["GET"]}}],"collection":[{"href":"https:\/\/www.hoymercedes.com.ar\/principal\/wp-json\/wp\/v2\/posts"}],"about":[{"href":"https:\/\/www.hoymercedes.com.ar\/principal\/wp-json\/wp\/v2\/types\/post"}],"author":[{"embeddable":true,"href":"https:\/\/www.hoymercedes.com.ar\/principal\/wp-json\/wp\/v2\/users\/1"}],"replies":[{"embeddable":true,"href":"https:\/\/www.hoymercedes.com.ar\/principal\/wp-json\/wp\/v2\/comments?post=94229"}],"version-history":[{"count":0,"href":"https:\/\/www.hoymercedes.com.ar\/principal\/wp-json\/wp\/v2\/posts\/94229\/revisions"}],"wp:featuredmedia":[{"embeddable":true,"href":"https:\/\/www.hoymercedes.com.ar\/principal\/wp-json\/wp\/v2\/media\/94231"}],"wp:attachment":[{"href":"https:\/\/www.hoymercedes.com.ar\/principal\/wp-json\/wp\/v2\/media?parent=94229"}],"wp:term":[{"taxonomy":"category","embeddable":true,"href":"https:\/\/www.hoymercedes.com.ar\/principal\/wp-json\/wp\/v2\/categories?post=94229"},{"taxonomy":"post_tag","embeddable":true,"href":"https:\/\/www.hoymercedes.com.ar\/principal\/wp-json\/wp\/v2\/tags?post=94229"}],"curies":[{"name":"wp","href":"https:\/\/api.w.org\/{rel}","templated":true}]}}