{"id":94230,"date":"2019-06-01T14:20:07","date_gmt":"2019-06-01T17:20:07","guid":{"rendered":"http:\/\/www.hoymercedes.com.ar\/principal\/?p=94230"},"modified":"2019-06-01T14:18:02","modified_gmt":"2019-06-01T17:18:02","slug":"investigacion-policial-logra-esclarecer-robo-en-gowland","status":"publish","type":"post","link":"https:\/\/www.hoymercedes.com.ar\/principal\/2019\/06\/01\/investigacion-policial-logra-esclarecer-robo-en-gowland\/","title":{"rendered":"Investigaci\u00f3n policial logra esclarecer robo en Gowland"},"content":{"rendered":"\n<p>Personal de la Delegaci\u00f3n Gowland de la Polic\u00eda Comunal logr\u00f3 esclarecer un hecho cometido hace unos d\u00edas. Se trat\u00f3 de un hurto agravado contra un vecino de dicha localidad. Los dirigidos por el Comisario Inspector Sergio Macedo lograron esclarecer la situaci\u00f3n y recuperar los bienes sustra\u00eddos.<\/p>\n\n\n\n<figure class=\"wp-block-image\"><img loading=\"lazy\" decoding=\"async\" width=\"750\" height=\"563\" data-attachment-id=\"94233\" data-permalink=\"https:\/\/www.hoymercedes.com.ar\/principal\/2019\/06\/01\/investigacion-policial-logra-esclarecer-robo-en-gowland\/01-policial-gowland\/#main\" data-orig-file=\"https:\/\/www.hoymercedes.com.ar\/principal\/wp-content\/uploads\/2019\/06\/01-policial-gowland.jpg\" data-orig-size=\"750,563\" data-comments-opened=\"0\" data-image-meta=\"{&quot;aperture&quot;:&quot;0&quot;,&quot;credit&quot;:&quot;&quot;,&quot;camera&quot;:&quot;&quot;,&quot;caption&quot;:&quot;&quot;,&quot;created_timestamp&quot;:&quot;0&quot;,&quot;copyright&quot;:&quot;&quot;,&quot;focal_length&quot;:&quot;0&quot;,&quot;iso&quot;:&quot;0&quot;,&quot;shutter_speed&quot;:&quot;0&quot;,&quot;title&quot;:&quot;&quot;,&quot;orientation&quot;:&quot;0&quot;}\" data-image-title=\"01 policial gowland\" data-image-description=\"\" data-image-caption=\"\" data-large-file=\"https:\/\/www.hoymercedes.com.ar\/principal\/wp-content\/uploads\/2019\/06\/01-policial-gowland.jpg\" src=\"https:\/\/www.hoymercedes.com.ar\/principal\/wp-content\/uploads\/2019\/06\/01-policial-gowland.jpg\" alt=\"\" class=\"wp-image-94233\" srcset=\"https:\/\/www.hoymercedes.com.ar\/principal\/wp-content\/uploads\/2019\/06\/01-policial-gowland.jpg 750w, https:\/\/www.hoymercedes.com.ar\/principal\/wp-content\/uploads\/2019\/06\/01-policial-gowland-150x113.jpg 150w, https:\/\/www.hoymercedes.com.ar\/principal\/wp-content\/uploads\/2019\/06\/01-policial-gowland-630x473.jpg 630w, https:\/\/www.hoymercedes.com.ar\/principal\/wp-content\/uploads\/2019\/06\/01-policial-gowland-320x240.jpg 320w, https:\/\/www.hoymercedes.com.ar\/principal\/wp-content\/uploads\/2019\/06\/01-policial-gowland-100x75.jpg 100w\" sizes=\"auto, (max-width: 750px) 100vw, 750px\" \/><\/figure>\n\n\n\n<p>Un vecino de apellido Correa fue la v\u00edctima que debi\u00f3 acudir a la Polic\u00eda Comunal tras notas que en su viviendo, sin uso de fuerza, hab\u00edan ingresado y sustra\u00eddo varios elementos, entre los que se encontraban  botas de goma, una mochila color roja y negra marca Wilson, una pala ancha, una guada\u00f1a, dos horquillas, un machete y un pico doble de hierro con mango de madera.<\/p>\n\n\n\n<p>La investigaci\u00f3n demand\u00f3 varias jornadas, testimonios y verificaci\u00f3n de datos a instancias del Grupo T\u00e9cnico Operativo logran detectar que un masculino, de apellido Laroque, ten\u00eda en su poder elementos sindicados como propiedad de la v\u00edctima.<\/p>\n\n\n\n<p>Con urgencia proceden bajo las distintas disposiciones legales que permiten la aprehensi\u00f3n del mencionado. <\/p>\n\n\n\n<p>Los bienes recuperados fueron exhibidos a Correa. Se dio intervenci\u00f3n al Fiscal Dr Lisandro Masson de la UFI N\u00b04 del Departamento Judicial Mercedes. <\/p>\n\n\n\n<p>El Comisario Inspector Sergio Macedo aprovech\u00f3 el contacto de los medios para agradecer a todo el \u201cgrupo t\u00e9cnico operativo\u201d por el \u201ccompromiso de investigar y obtener un resultado positivo para los vecinos\u201d siendo adem\u00e1s remarcada la \u201ccontante terea en conjunto efectuada con la justicia local\u201d buscando siempre llevar tranquilidad a los vecinos.<\/p>\n\n\n\n<figure class=\"wp-block-image\"><img loading=\"lazy\" decoding=\"async\" width=\"768\" height=\"1024\" data-attachment-id=\"94232\" data-permalink=\"https:\/\/www.hoymercedes.com.ar\/principal\/2019\/06\/01\/investigacion-policial-logra-esclarecer-robo-en-gowland\/01-policial-1\/#main\" data-orig-file=\"https:\/\/www.hoymercedes.com.ar\/principal\/wp-content\/uploads\/2019\/06\/01-policial-1.jpg\" data-orig-size=\"774,1032\" data-comments-opened=\"0\" data-image-meta=\"{&quot;aperture&quot;:&quot;0&quot;,&quot;credit&quot;:&quot;&quot;,&quot;camera&quot;:&quot;&quot;,&quot;caption&quot;:&quot;&quot;,&quot;created_timestamp&quot;:&quot;0&quot;,&quot;copyright&quot;:&quot;&quot;,&quot;focal_length&quot;:&quot;0&quot;,&quot;iso&quot;:&quot;0&quot;,&quot;shutter_speed&quot;:&quot;0&quot;,&quot;title&quot;:&quot;&quot;,&quot;orientation&quot;:&quot;0&quot;}\" data-image-title=\"01 policial 1\" data-image-description=\"\" data-image-caption=\"\" data-large-file=\"https:\/\/www.hoymercedes.com.ar\/principal\/wp-content\/uploads\/2019\/06\/01-policial-1-768x1024.jpg\" src=\"https:\/\/www.hoymercedes.com.ar\/principal\/wp-content\/uploads\/2019\/06\/01-policial-1-768x1024.jpg\" alt=\"\" class=\"wp-image-94232\" srcset=\"https:\/\/www.hoymercedes.com.ar\/principal\/wp-content\/uploads\/2019\/06\/01-policial-1-768x1024.jpg 768w, https:\/\/www.hoymercedes.com.ar\/principal\/wp-content\/uploads\/2019\/06\/01-policial-1-113x150.jpg 113w, https:\/\/www.hoymercedes.com.ar\/principal\/wp-content\/uploads\/2019\/06\/01-policial-1-465x620.jpg 465w, https:\/\/www.hoymercedes.com.ar\/principal\/wp-content\/uploads\/2019\/06\/01-policial-1.jpg 774w\" sizes=\"auto, (max-width: 768px) 100vw, 768px\" \/><\/figure>\n","protected":false},"excerpt":{"rendered":"<p>Personal de la Delegaci\u00f3n Gowland de la Polic\u00eda Comunal logr\u00f3 esclarecer un hecho cometido hace unos d\u00edas. Se trat\u00f3 de &#8230; <a title=\"Investigaci\u00f3n policial logra esclarecer robo en Gowland\" class=\"read-more\" href=\"https:\/\/www.hoymercedes.com.ar\/principal\/2019\/06\/01\/investigacion-policial-logra-esclarecer-robo-en-gowland\/\" aria-label=\"Leer m\u00e1s sobre Investigaci\u00f3n policial logra esclarecer robo en Gowland\">Leer m\u00e1s<\/a><\/p>\n","protected":false},"author":1,"featured_media":94233,"comment_status":"closed","ping_status":"open","sticky":false,"template":"","format":"standard","meta":{"_monsterinsights_skip_tracking":false,"_monsterinsights_sitenote_active":false,"_monsterinsights_sitenote_note":"","_monsterinsights_sitenote_category":0,"jetpack_post_was_ever_published":false,"_jetpack_newsletter_access":"","_jetpack_dont_email_post_to_subs":false,"_jetpack_newsletter_tier_id":0,"_jetpack_memberships_contains_paywalled_content":false,"_jetpack_memberships_contains_paid_content":false,"footnotes":"","jetpack_publicize_message":"","jetpack_publicize_feature_enabled":true,"jetpack_social_post_already_shared":true,"jetpack_social_options":{"image_generator_settings":{"template":"highway","default_image_id":0,"font":"","enabled":false},"version":2},"_wpas_customize_per_network":false},"categories":[85],"tags":[215,875,96,9028],"class_list":["post-94230","post","type-post","status-publish","format-standard","has-post-thumbnail","hentry","category-policial","tag-detenciones","tag-gowland","tag-policial-2","tag-zona-rural","generate-columns","tablet-grid-50","mobile-grid-100","grid-parent","grid-50"],"jetpack_publicize_connections":[],"jetpack_featured_media_url":"https:\/\/www.hoymercedes.com.ar\/principal\/wp-content\/uploads\/2019\/06\/01-policial-gowland.jpg","wps_subtitle":"Zona rural","jetpack_sharing_enabled":true,"_links":{"self":[{"href":"https:\/\/www.hoymercedes.com.ar\/principal\/wp-json\/wp\/v2\/posts\/94230","targetHints":{"allow":["GET"]}}],"collection":[{"href":"https:\/\/www.hoymercedes.com.ar\/principal\/wp-json\/wp\/v2\/posts"}],"about":[{"href":"https:\/\/www.hoymercedes.com.ar\/principal\/wp-json\/wp\/v2\/types\/post"}],"author":[{"embeddable":true,"href":"https:\/\/www.hoymercedes.com.ar\/principal\/wp-json\/wp\/v2\/users\/1"}],"replies":[{"embeddable":true,"href":"https:\/\/www.hoymercedes.com.ar\/principal\/wp-json\/wp\/v2\/comments?post=94230"}],"version-history":[{"count":0,"href":"https:\/\/www.hoymercedes.com.ar\/principal\/wp-json\/wp\/v2\/posts\/94230\/revisions"}],"wp:featuredmedia":[{"embeddable":true,"href":"https:\/\/www.hoymercedes.com.ar\/principal\/wp-json\/wp\/v2\/media\/94233"}],"wp:attachment":[{"href":"https:\/\/www.hoymercedes.com.ar\/principal\/wp-json\/wp\/v2\/media?parent=94230"}],"wp:term":[{"taxonomy":"category","embeddable":true,"href":"https:\/\/www.hoymercedes.com.ar\/principal\/wp-json\/wp\/v2\/categories?post=94230"},{"taxonomy":"post_tag","embeddable":true,"href":"https:\/\/www.hoymercedes.com.ar\/principal\/wp-json\/wp\/v2\/tags?post=94230"}],"curies":[{"name":"wp","href":"https:\/\/api.w.org\/{rel}","templated":true}]}}