{"id":94259,"date":"2019-06-02T14:19:31","date_gmt":"2019-06-02T17:19:31","guid":{"rendered":"http:\/\/www.hoymercedes.com.ar\/principal\/?p=94259"},"modified":"2019-06-02T15:30:24","modified_gmt":"2019-06-02T18:30:24","slug":"dia-del-bombero-voluntario-cinco-son-las-primeras-cadetes-de-mercedes","status":"publish","type":"post","link":"https:\/\/www.hoymercedes.com.ar\/principal\/2019\/06\/02\/dia-del-bombero-voluntario-cinco-son-las-primeras-cadetes-de-mercedes\/","title":{"rendered":"D\u00eda del Bombero Voluntario: Cinco chicas son las primeras cadetes de Mercedes"},"content":{"rendered":"\n<p>Por Clarisa Altieri &#8211; Tienen 13 y 14 a\u00f1os, son hijas, sobrinas o hermanas de Bomberos Voluntarios del cuerpo activo. Este a\u00f1o empezaron la capacitaci\u00f3n como cadetes. Fueron presentadas en el acto protocolar. Hoy festejaron su primer d\u00eda como Bomberas Voluntarias de Mercedes. <\/p>\n\n\n\n<figure class=\"wp-block-image\"><img loading=\"lazy\" decoding=\"async\" width=\"750\" height=\"500\" data-attachment-id=\"94260\" data-permalink=\"https:\/\/www.hoymercedes.com.ar\/principal\/2019\/06\/02\/dia-del-bombero-voluntario-cinco-son-las-primeras-cadetes-de-mercedes\/02-cadetas-bomberas-1\/#main\" data-orig-file=\"https:\/\/www.hoymercedes.com.ar\/principal\/wp-content\/uploads\/2019\/06\/02-cadetas-bomberas-1.jpg\" data-orig-size=\"750,500\" data-comments-opened=\"0\" data-image-meta=\"{&quot;aperture&quot;:&quot;2&quot;,&quot;credit&quot;:&quot;&quot;,&quot;camera&quot;:&quot;Moto G (5S) Plus&quot;,&quot;caption&quot;:&quot;&quot;,&quot;created_timestamp&quot;:&quot;1559473820&quot;,&quot;copyright&quot;:&quot;&quot;,&quot;focal_length&quot;:&quot;3.59&quot;,&quot;iso&quot;:&quot;1078&quot;,&quot;shutter_speed&quot;:&quot;0.01&quot;,&quot;title&quot;:&quot;&quot;,&quot;orientation&quot;:&quot;1&quot;}\" data-image-title=\"02 cadetas bomberas 1\" data-image-description=\"\" data-image-caption=\"\" data-large-file=\"https:\/\/www.hoymercedes.com.ar\/principal\/wp-content\/uploads\/2019\/06\/02-cadetas-bomberas-1.jpg\" src=\"https:\/\/www.hoymercedes.com.ar\/principal\/wp-content\/uploads\/2019\/06\/02-cadetas-bomberas-1.jpg\" alt=\"\" class=\"wp-image-94260\" srcset=\"https:\/\/www.hoymercedes.com.ar\/principal\/wp-content\/uploads\/2019\/06\/02-cadetas-bomberas-1.jpg 750w, https:\/\/www.hoymercedes.com.ar\/principal\/wp-content\/uploads\/2019\/06\/02-cadetas-bomberas-1-150x100.jpg 150w, https:\/\/www.hoymercedes.com.ar\/principal\/wp-content\/uploads\/2019\/06\/02-cadetas-bomberas-1-630x420.jpg 630w, https:\/\/www.hoymercedes.com.ar\/principal\/wp-content\/uploads\/2019\/06\/02-cadetas-bomberas-1-720x480.jpg 720w, https:\/\/www.hoymercedes.com.ar\/principal\/wp-content\/uploads\/2019\/06\/02-cadetas-bomberas-1-360x240.jpg 360w\" sizes=\"auto, (max-width: 750px) 100vw, 750px\" \/><\/figure>\n\n\n\n<p>Abril Gonz\u00e1lez\n(13), Valentina Marcori (14), Carolina Penayo (13), Candelaria Prim\u00f3n (14) y\nBel\u00e9n Santi (13) arrancaron en abril pasado la escuela de cadetes. Hasta los 16\na\u00f1os estar\u00e1n form\u00e1ndose como cadetas para luego hacer el curso de ingreso y\nreci\u00e9n a los 18 podr\u00e1n empezar a cumplir con los servicios. <\/p>\n\n\n\n<p>\u201cSomos hijas\nde Bomberos, nos conocemos de chiquitas de venir al cuartel. Desde siempre nos\ngust\u00f3 venir. Nos llamaba la atenci\u00f3n de chicas\u201d, contaron en coro. \u201cMi pap\u00e1\nsiempre me dijo que haga lo que me guste. Esto es lo que me gusta. Cuando se\ndio la posibilidad empezamos\u201d, agreg\u00f3 una de ellas. <\/p>\n\n\n\n<p>A la par\nque los chicos de su edad, las cinco cadetes hacen el entrenamiento y conforman\nel grupo de amigos que semanalmente aprenden qu\u00e9 es ser Bombero Voluntario. \u201cPor\nser el primer a\u00f1o de mujeres, estamos muy acompa\u00f1adas, nos ayudan mucho, nos\ntratan re bien. Todo el a\u00f1o estaremos entrenando\u201d, contaron sobre el curso que por\nprimera acepta mujeres. &nbsp;&nbsp;<\/p>\n\n\n\n<p>Nerviosas\nporque el acto por el D\u00eda del Bombero Voluntario ser\u00eda su presentaci\u00f3n oficial,\nm\u00e1s all\u00e1 de que hab\u00edan desfilado el 25 de mayo con todo el cuerpo activo, las\ncinco cadetas entre risas eran fotografiadas por sus familias. <\/p>\n\n\n\n<p>Abril, Valentina, Carolina, Candelaria y Bel\u00e9n son las primeras cinco mujeres en llevar el uniforme del cuartel de Bomberos Voluntarios de Mercedes. A fin de a\u00f1o, cuando egresen del curso de ingreso, m\u00e1s mujeres vestir\u00e1n el uniforme y comenzar\u00e1n a prestar servicio como parte activa del cuerpo que este 2 de junio record\u00f3 un nuevo aniversario de primer cuerpo de Bomberos del pa\u00eds. &nbsp;<\/p>\n\n\n\n<figure class=\"wp-block-image\"><img loading=\"lazy\" decoding=\"async\" width=\"750\" height=\"500\" data-attachment-id=\"94261\" data-permalink=\"https:\/\/www.hoymercedes.com.ar\/principal\/2019\/06\/02\/dia-del-bombero-voluntario-cinco-son-las-primeras-cadetes-de-mercedes\/02-cadetas-bomberas-2\/#main\" data-orig-file=\"https:\/\/www.hoymercedes.com.ar\/principal\/wp-content\/uploads\/2019\/06\/02-cadetas-bomberas-2.jpg\" data-orig-size=\"750,500\" data-comments-opened=\"0\" data-image-meta=\"{&quot;aperture&quot;:&quot;2&quot;,&quot;credit&quot;:&quot;&quot;,&quot;camera&quot;:&quot;Moto G (5S) Plus&quot;,&quot;caption&quot;:&quot;&quot;,&quot;created_timestamp&quot;:&quot;1559475925&quot;,&quot;copyright&quot;:&quot;&quot;,&quot;focal_length&quot;:&quot;3.59&quot;,&quot;iso&quot;:&quot;800&quot;,&quot;shutter_speed&quot;:&quot;0.0015290519877676&quot;,&quot;title&quot;:&quot;&quot;,&quot;orientation&quot;:&quot;1&quot;}\" data-image-title=\"02 cadetas bomberas 2\" data-image-description=\"\" data-image-caption=\"\" data-large-file=\"https:\/\/www.hoymercedes.com.ar\/principal\/wp-content\/uploads\/2019\/06\/02-cadetas-bomberas-2.jpg\" src=\"https:\/\/www.hoymercedes.com.ar\/principal\/wp-content\/uploads\/2019\/06\/02-cadetas-bomberas-2.jpg\" alt=\"\" class=\"wp-image-94261\" srcset=\"https:\/\/www.hoymercedes.com.ar\/principal\/wp-content\/uploads\/2019\/06\/02-cadetas-bomberas-2.jpg 750w, https:\/\/www.hoymercedes.com.ar\/principal\/wp-content\/uploads\/2019\/06\/02-cadetas-bomberas-2-150x100.jpg 150w, https:\/\/www.hoymercedes.com.ar\/principal\/wp-content\/uploads\/2019\/06\/02-cadetas-bomberas-2-630x420.jpg 630w, https:\/\/www.hoymercedes.com.ar\/principal\/wp-content\/uploads\/2019\/06\/02-cadetas-bomberas-2-720x480.jpg 720w, https:\/\/www.hoymercedes.com.ar\/principal\/wp-content\/uploads\/2019\/06\/02-cadetas-bomberas-2-360x240.jpg 360w\" sizes=\"auto, (max-width: 750px) 100vw, 750px\" \/><figcaption>Es la primera vez que aceptan mujeres en la escuela de cadetes de Bomberos Voluntarios<\/figcaption><\/figure>\n","protected":false},"excerpt":{"rendered":"<p>Por Clarisa Altieri &#8211; Tienen 13 y 14 a\u00f1os, son hijas, sobrinas o hermanas de Bomberos Voluntarios del cuerpo activo. &#8230; <a title=\"D\u00eda del Bombero Voluntario: Cinco chicas son las primeras cadetes de Mercedes\" class=\"read-more\" href=\"https:\/\/www.hoymercedes.com.ar\/principal\/2019\/06\/02\/dia-del-bombero-voluntario-cinco-son-las-primeras-cadetes-de-mercedes\/\" aria-label=\"Leer m\u00e1s sobre D\u00eda del Bombero Voluntario: Cinco chicas son las primeras cadetes de Mercedes\">Leer m\u00e1s<\/a><\/p>\n","protected":false},"author":1,"featured_media":94260,"comment_status":"closed","ping_status":"open","sticky":false,"template":"","format":"standard","meta":{"_monsterinsights_skip_tracking":false,"_monsterinsights_sitenote_active":false,"_monsterinsights_sitenote_note":"","_monsterinsights_sitenote_category":0,"jetpack_post_was_ever_published":false,"_jetpack_newsletter_access":"","_jetpack_dont_email_post_to_subs":false,"_jetpack_newsletter_tier_id":0,"_jetpack_memberships_contains_paywalled_content":false,"_jetpack_memberships_contains_paid_content":false,"footnotes":"","jetpack_publicize_message":"","jetpack_publicize_feature_enabled":true,"jetpack_social_post_already_shared":true,"jetpack_social_options":{"image_generator_settings":{"template":"highway","default_image_id":0,"font":"","enabled":false},"version":2},"_wpas_customize_per_network":false},"categories":[8],"tags":[9420,10,15226,15225],"class_list":["post-94259","post","type-post","status-publish","format-standard","has-post-thumbnail","hentry","category-sociedad","tag-dia-del-bombero-voluntario","tag-mercedes","tag-mujeres-bomberas","tag-nuevas-cadetes","generate-columns","tablet-grid-50","mobile-grid-100","grid-parent","grid-50"],"jetpack_publicize_connections":[],"jetpack_featured_media_url":"https:\/\/www.hoymercedes.com.ar\/principal\/wp-content\/uploads\/2019\/06\/02-cadetas-bomberas-1.jpg","wps_subtitle":"Cursos mixtos","jetpack_sharing_enabled":true,"_links":{"self":[{"href":"https:\/\/www.hoymercedes.com.ar\/principal\/wp-json\/wp\/v2\/posts\/94259","targetHints":{"allow":["GET"]}}],"collection":[{"href":"https:\/\/www.hoymercedes.com.ar\/principal\/wp-json\/wp\/v2\/posts"}],"about":[{"href":"https:\/\/www.hoymercedes.com.ar\/principal\/wp-json\/wp\/v2\/types\/post"}],"author":[{"embeddable":true,"href":"https:\/\/www.hoymercedes.com.ar\/principal\/wp-json\/wp\/v2\/users\/1"}],"replies":[{"embeddable":true,"href":"https:\/\/www.hoymercedes.com.ar\/principal\/wp-json\/wp\/v2\/comments?post=94259"}],"version-history":[{"count":0,"href":"https:\/\/www.hoymercedes.com.ar\/principal\/wp-json\/wp\/v2\/posts\/94259\/revisions"}],"wp:featuredmedia":[{"embeddable":true,"href":"https:\/\/www.hoymercedes.com.ar\/principal\/wp-json\/wp\/v2\/media\/94260"}],"wp:attachment":[{"href":"https:\/\/www.hoymercedes.com.ar\/principal\/wp-json\/wp\/v2\/media?parent=94259"}],"wp:term":[{"taxonomy":"category","embeddable":true,"href":"https:\/\/www.hoymercedes.com.ar\/principal\/wp-json\/wp\/v2\/categories?post=94259"},{"taxonomy":"post_tag","embeddable":true,"href":"https:\/\/www.hoymercedes.com.ar\/principal\/wp-json\/wp\/v2\/tags?post=94259"}],"curies":[{"name":"wp","href":"https:\/\/api.w.org\/{rel}","templated":true}]}}