{"id":94304,"date":"2019-06-03T09:14:35","date_gmt":"2019-06-03T12:14:35","guid":{"rendered":"http:\/\/www.hoymercedes.com.ar\/principal\/?p=94304"},"modified":"2019-06-03T09:52:11","modified_gmt":"2019-06-03T12:52:11","slug":"renovada-reinicio-sus-actividades-casa-balero","status":"publish","type":"post","link":"https:\/\/www.hoymercedes.com.ar\/principal\/2019\/06\/03\/renovada-reinicio-sus-actividades-casa-balero\/","title":{"rendered":"Renovada, reinici\u00f3 sus actividades Casa Balero"},"content":{"rendered":"\n<p>El s\u00e1bado 1 de junio, reabri\u00f3 sus puertas\u00a0 \u201cCasa Balero\u201d, restaurante y bar que cuenta con diferentes propuestas l\u00fadicas, musicales y culturales en general.<\/p>\n\n\n\n<figure class=\"wp-block-image\"><img loading=\"lazy\" decoding=\"async\" width=\"750\" height=\"500\" data-attachment-id=\"94305\" data-permalink=\"https:\/\/www.hoymercedes.com.ar\/principal\/2019\/06\/03\/renovada-reinicio-sus-actividades-casa-balero\/03-susana-casa-balero\/#main\" data-orig-file=\"https:\/\/www.hoymercedes.com.ar\/principal\/wp-content\/uploads\/2019\/06\/03-susana-casa-balero.jpg\" data-orig-size=\"750,500\" data-comments-opened=\"0\" data-image-meta=\"{&quot;aperture&quot;:&quot;0&quot;,&quot;credit&quot;:&quot;&quot;,&quot;camera&quot;:&quot;&quot;,&quot;caption&quot;:&quot;&quot;,&quot;created_timestamp&quot;:&quot;0&quot;,&quot;copyright&quot;:&quot;&quot;,&quot;focal_length&quot;:&quot;0&quot;,&quot;iso&quot;:&quot;0&quot;,&quot;shutter_speed&quot;:&quot;0&quot;,&quot;title&quot;:&quot;&quot;,&quot;orientation&quot;:&quot;0&quot;}\" data-image-title=\"03 susana casa balero\" data-image-description=\"\" data-image-caption=\"\" data-large-file=\"https:\/\/www.hoymercedes.com.ar\/principal\/wp-content\/uploads\/2019\/06\/03-susana-casa-balero.jpg\" src=\"https:\/\/www.hoymercedes.com.ar\/principal\/wp-content\/uploads\/2019\/06\/03-susana-casa-balero.jpg\" alt=\"\" class=\"wp-image-94305\" srcset=\"https:\/\/www.hoymercedes.com.ar\/principal\/wp-content\/uploads\/2019\/06\/03-susana-casa-balero.jpg 750w, https:\/\/www.hoymercedes.com.ar\/principal\/wp-content\/uploads\/2019\/06\/03-susana-casa-balero-150x100.jpg 150w, https:\/\/www.hoymercedes.com.ar\/principal\/wp-content\/uploads\/2019\/06\/03-susana-casa-balero-630x420.jpg 630w, https:\/\/www.hoymercedes.com.ar\/principal\/wp-content\/uploads\/2019\/06\/03-susana-casa-balero-720x480.jpg 720w, https:\/\/www.hoymercedes.com.ar\/principal\/wp-content\/uploads\/2019\/06\/03-susana-casa-balero-360x240.jpg 360w\" sizes=\"auto, (max-width: 750px) 100vw, 750px\" \/><\/figure>\n\n\n\n<p>El local, totalmente renovado, se dise\u00f1\u00f3 teniendo en cuenta la necesidad\nde brindar m\u00e1s espacio y comodidad a los concurrentes, destac\u00e1ndose el nuevo\nescenario, por el que desfilar\u00e1n los distintos grupos musicales que intervienen\ntodas las semanas en los shows.<\/p>\n\n\n\n<p>En la reapertura \u00a0del s\u00e1bado, se dio cita gran cantidad de p\u00fablico quien, adem\u00e1s de degustar las riqu\u00edsimas especialidades del restaurant, pudo escuchar a Iara Robledo y Andr\u00e9s Babino &#8211; guitarra y teclado respectivamente &#8211; que realizaron un excelente espect\u00e1culo que fue muy celebrado por los concurrentes.<\/p>\n\n\n\n<p>Como ya es costumbre las especialidades de la casa fueron pedidas por los asistentes quienes, no solo disfrutaron de excelente m\u00fasica, sino de la buena cocina del lugar. El anfitri\u00f3n, Mariano Heredia, estuvo atento a todos los detalles y pas\u00f3, por cada mesa, saludado a los invitados.<\/p>\n\n\n\n<p>\u201cCasa Balero\u201d, en su nuevo ciclo, brindar\u00e1 en la noche del lunes 3 de junio las 19.00, una \u201cCl\u00ednica de Ajedrez\u201d, con entrada libre y gratuita, donde cada asistente puede traer su tablero de ajedrez y compartir un espacio interesante.<\/p>\n\n\n\n<p>Para reservas hay que ingresar en <a href=\"https:\/\/goo.gl\/JL8E31\" target=\"_blank\" rel=\"noopener\">https:\/\/goo.gl\/JL8E31<\/a> <br>Casa Balero est\u00e1 ubicada en la calle 26 esquina 23, Mercedes. Whatsapp 2324 505675<\/p>\n\n\n\n<p>Por Susana Spano<\/p>\n\n\n\n<figure class=\"wp-block-image\"><img loading=\"lazy\" decoding=\"async\" width=\"480\" height=\"600\" data-attachment-id=\"94306\" data-permalink=\"https:\/\/www.hoymercedes.com.ar\/principal\/2019\/06\/03\/renovada-reinicio-sus-actividades-casa-balero\/03-susana-casa-balero1\/#main\" data-orig-file=\"https:\/\/www.hoymercedes.com.ar\/principal\/wp-content\/uploads\/2019\/06\/03-susana-casa-balero1.jpg\" data-orig-size=\"480,600\" data-comments-opened=\"0\" data-image-meta=\"{&quot;aperture&quot;:&quot;0&quot;,&quot;credit&quot;:&quot;&quot;,&quot;camera&quot;:&quot;&quot;,&quot;caption&quot;:&quot;&quot;,&quot;created_timestamp&quot;:&quot;0&quot;,&quot;copyright&quot;:&quot;&quot;,&quot;focal_length&quot;:&quot;0&quot;,&quot;iso&quot;:&quot;0&quot;,&quot;shutter_speed&quot;:&quot;0&quot;,&quot;title&quot;:&quot;&quot;,&quot;orientation&quot;:&quot;0&quot;}\" data-image-title=\"03 susana casa balero1\" data-image-description=\"\" data-image-caption=\"\" data-large-file=\"https:\/\/www.hoymercedes.com.ar\/principal\/wp-content\/uploads\/2019\/06\/03-susana-casa-balero1.jpg\" src=\"https:\/\/www.hoymercedes.com.ar\/principal\/wp-content\/uploads\/2019\/06\/03-susana-casa-balero1.jpg\" alt=\"\" class=\"wp-image-94306\" srcset=\"https:\/\/www.hoymercedes.com.ar\/principal\/wp-content\/uploads\/2019\/06\/03-susana-casa-balero1.jpg 480w, https:\/\/www.hoymercedes.com.ar\/principal\/wp-content\/uploads\/2019\/06\/03-susana-casa-balero1-120x150.jpg 120w\" sizes=\"auto, (max-width: 480px) 100vw, 480px\" \/><\/figure>\n","protected":false},"excerpt":{"rendered":"<p>El s\u00e1bado 1 de junio, reabri\u00f3 sus puertas\u00a0 \u201cCasa Balero\u201d, restaurante y bar que cuenta con diferentes propuestas l\u00fadicas, musicales &#8230; <a title=\"Renovada, reinici\u00f3 sus actividades Casa Balero\" class=\"read-more\" href=\"https:\/\/www.hoymercedes.com.ar\/principal\/2019\/06\/03\/renovada-reinicio-sus-actividades-casa-balero\/\" aria-label=\"Leer m\u00e1s sobre Renovada, reinici\u00f3 sus actividades Casa Balero\">Leer m\u00e1s<\/a><\/p>\n","protected":false},"author":1,"featured_media":94305,"comment_status":"closed","ping_status":"open","sticky":false,"template":"","format":"standard","meta":{"_monsterinsights_skip_tracking":false,"_monsterinsights_sitenote_active":false,"_monsterinsights_sitenote_note":"","_monsterinsights_sitenote_category":0,"jetpack_post_was_ever_published":false,"_jetpack_newsletter_access":"","_jetpack_dont_email_post_to_subs":false,"_jetpack_newsletter_tier_id":0,"_jetpack_memberships_contains_paywalled_content":false,"_jetpack_memberships_contains_paid_content":false,"footnotes":"","jetpack_publicize_message":"","jetpack_publicize_feature_enabled":true,"jetpack_social_post_already_shared":true,"jetpack_social_options":{"image_generator_settings":{"template":"highway","default_image_id":0,"font":"","enabled":false},"version":2},"_wpas_customize_per_network":false},"categories":[104],"tags":[7805,8539,15229,15230],"class_list":["post-94304","post","type-post","status-publish","format-standard","has-post-thumbnail","hentry","category-cultura","tag-cultura","tag-musica","tag-pub","tag-renovacion","generate-columns","tablet-grid-50","mobile-grid-100","grid-parent","grid-50"],"jetpack_publicize_connections":[],"jetpack_featured_media_url":"https:\/\/www.hoymercedes.com.ar\/principal\/wp-content\/uploads\/2019\/06\/03-susana-casa-balero.jpg","wps_subtitle":"","jetpack_sharing_enabled":true,"_links":{"self":[{"href":"https:\/\/www.hoymercedes.com.ar\/principal\/wp-json\/wp\/v2\/posts\/94304","targetHints":{"allow":["GET"]}}],"collection":[{"href":"https:\/\/www.hoymercedes.com.ar\/principal\/wp-json\/wp\/v2\/posts"}],"about":[{"href":"https:\/\/www.hoymercedes.com.ar\/principal\/wp-json\/wp\/v2\/types\/post"}],"author":[{"embeddable":true,"href":"https:\/\/www.hoymercedes.com.ar\/principal\/wp-json\/wp\/v2\/users\/1"}],"replies":[{"embeddable":true,"href":"https:\/\/www.hoymercedes.com.ar\/principal\/wp-json\/wp\/v2\/comments?post=94304"}],"version-history":[{"count":0,"href":"https:\/\/www.hoymercedes.com.ar\/principal\/wp-json\/wp\/v2\/posts\/94304\/revisions"}],"wp:featuredmedia":[{"embeddable":true,"href":"https:\/\/www.hoymercedes.com.ar\/principal\/wp-json\/wp\/v2\/media\/94305"}],"wp:attachment":[{"href":"https:\/\/www.hoymercedes.com.ar\/principal\/wp-json\/wp\/v2\/media?parent=94304"}],"wp:term":[{"taxonomy":"category","embeddable":true,"href":"https:\/\/www.hoymercedes.com.ar\/principal\/wp-json\/wp\/v2\/categories?post=94304"},{"taxonomy":"post_tag","embeddable":true,"href":"https:\/\/www.hoymercedes.com.ar\/principal\/wp-json\/wp\/v2\/tags?post=94304"}],"curies":[{"name":"wp","href":"https:\/\/api.w.org\/{rel}","templated":true}]}}