{"id":94321,"date":"2019-06-03T11:39:03","date_gmt":"2019-06-03T14:39:03","guid":{"rendered":"http:\/\/www.hoymercedes.com.ar\/principal\/?p=94321"},"modified":"2019-06-03T15:51:45","modified_gmt":"2019-06-03T18:51:45","slug":"la-flor-de-lujan-sigue-hasta-el-30-de-junio","status":"publish","type":"post","link":"https:\/\/www.hoymercedes.com.ar\/principal\/2019\/06\/03\/la-flor-de-lujan-sigue-hasta-el-30-de-junio\/","title":{"rendered":"La Flor de Luj\u00e1n sigue hasta el 30 de junio"},"content":{"rendered":"\n<p>La l\u00ednea de colectivo \u201cLa Flor de Luj\u00e1n\u201d seguir\u00e1 cubriendo los recorridos Luj\u00e1n \u2013 Goldney y Luj\u00e1n \u2013 Mercedes hasta el 30 de junio, momento en el que la empresa \u201c11 de Junio\u201d se har\u00eda cargo del primero de los servicios y el segundo quedar\u00eda desactivado.<\/p>\n\n\n\n<p>Tal fue lo informado en un plenario realizado el lunes 27 en el Centro de Jubilados de Olivera ante vecinos de esa localidad que vienen siguiendo el tema preocupados por la posibilidad de verse privados del transporte p\u00fablico.<\/p>\n\n\n\n<p>La firma \u201c11 de Junio\u201d brinda actualmente el servicio de colectivos en el partido de Luj\u00e1n y se muestra dispuesta a cumplir con el recorrido Luj\u00e1n \u2013 Pueblo Nuevo \u2013 J\u00e1uregui \u2013 Olivera \u2013 Goldney si se le ampl\u00edan 10 a\u00f1os la concesi\u00f3n y se le otorgan los correspondientes subsidios.<\/p>\n\n\n\n<p>Sin embargo, la continuidad del servicio Luj\u00e1n \u2013 Pueblo Nuevo \u2013 J\u00e1uregui \u2013 Olivera \u2013 Gowland \u2013 Mercedes aparece como m\u00e1s dif\u00edcil ya que la empresa lujanense no est\u00e1 en condiciones de absorberlo y hasta el momento no se han presentado alternativas.<\/p>\n\n\n\n<p>En estos d\u00edas se definir\u00e1 si efectivamente la \u201c11 de Junio\u201d sostendr\u00e1 la frecuencia a Olivera y Goldney que presta actualmente \u201cLa Flor de Luj\u00e1n\u201d y si existe la posibilidad de que se mantenga el transporte a Gowland \u2013 Mercedes.<\/p>\n\n\n\n<p>Colaboraci\u00f3n: Mariano Oyarzu<\/p>\n","protected":false},"excerpt":{"rendered":"<p>La l\u00ednea de colectivo \u201cLa Flor de Luj\u00e1n\u201d seguir\u00e1 cubriendo los recorridos Luj\u00e1n \u2013 Goldney y Luj\u00e1n \u2013 Mercedes hasta &#8230; <a title=\"La Flor de Luj\u00e1n sigue hasta el 30 de junio\" class=\"read-more\" href=\"https:\/\/www.hoymercedes.com.ar\/principal\/2019\/06\/03\/la-flor-de-lujan-sigue-hasta-el-30-de-junio\/\" aria-label=\"Leer m\u00e1s sobre La Flor de Luj\u00e1n sigue hasta el 30 de junio\">Leer m\u00e1s<\/a><\/p>\n","protected":false},"author":1,"featured_media":92188,"comment_status":"closed","ping_status":"open","sticky":false,"template":"","format":"standard","meta":{"_monsterinsights_skip_tracking":false,"_monsterinsights_sitenote_active":false,"_monsterinsights_sitenote_note":"","_monsterinsights_sitenote_category":0,"jetpack_post_was_ever_published":false,"_jetpack_newsletter_access":"","_jetpack_dont_email_post_to_subs":false,"_jetpack_newsletter_tier_id":0,"_jetpack_memberships_contains_paywalled_content":false,"_jetpack_memberships_contains_paid_content":false,"footnotes":"","jetpack_publicize_message":"","jetpack_publicize_feature_enabled":true,"jetpack_social_post_already_shared":true,"jetpack_social_options":{"image_generator_settings":{"template":"highway","default_image_id":0,"font":"","enabled":false},"version":2},"_wpas_customize_per_network":false},"categories":[8],"tags":[15233,7676,8869],"class_list":["post-94321","post","type-post","status-publish","format-standard","has-post-thumbnail","hentry","category-sociedad","tag-colectivo","tag-flor-de-lujan","tag-transporte-publico","generate-columns","tablet-grid-50","mobile-grid-100","grid-parent","grid-50"],"jetpack_publicize_connections":[],"jetpack_featured_media_url":"https:\/\/www.hoymercedes.com.ar\/principal\/wp-content\/uploads\/2019\/04\/30-La-Flor-de-Luj\u00e1n-696x457.jpg","wps_subtitle":"Servicio de transporte","jetpack_sharing_enabled":true,"_links":{"self":[{"href":"https:\/\/www.hoymercedes.com.ar\/principal\/wp-json\/wp\/v2\/posts\/94321","targetHints":{"allow":["GET"]}}],"collection":[{"href":"https:\/\/www.hoymercedes.com.ar\/principal\/wp-json\/wp\/v2\/posts"}],"about":[{"href":"https:\/\/www.hoymercedes.com.ar\/principal\/wp-json\/wp\/v2\/types\/post"}],"author":[{"embeddable":true,"href":"https:\/\/www.hoymercedes.com.ar\/principal\/wp-json\/wp\/v2\/users\/1"}],"replies":[{"embeddable":true,"href":"https:\/\/www.hoymercedes.com.ar\/principal\/wp-json\/wp\/v2\/comments?post=94321"}],"version-history":[{"count":0,"href":"https:\/\/www.hoymercedes.com.ar\/principal\/wp-json\/wp\/v2\/posts\/94321\/revisions"}],"wp:featuredmedia":[{"embeddable":true,"href":"https:\/\/www.hoymercedes.com.ar\/principal\/wp-json\/wp\/v2\/media\/92188"}],"wp:attachment":[{"href":"https:\/\/www.hoymercedes.com.ar\/principal\/wp-json\/wp\/v2\/media?parent=94321"}],"wp:term":[{"taxonomy":"category","embeddable":true,"href":"https:\/\/www.hoymercedes.com.ar\/principal\/wp-json\/wp\/v2\/categories?post=94321"},{"taxonomy":"post_tag","embeddable":true,"href":"https:\/\/www.hoymercedes.com.ar\/principal\/wp-json\/wp\/v2\/tags?post=94321"}],"curies":[{"name":"wp","href":"https:\/\/api.w.org\/{rel}","templated":true}]}}