{"id":9433,"date":"2011-11-29T13:59:14","date_gmt":"2011-11-29T13:59:14","guid":{"rendered":"http:\/\/www.hoymercedes.com.ar\/principal\/?p=9433"},"modified":"2011-11-29T13:59:14","modified_gmt":"2011-11-29T13:59:14","slug":"dieron-comienzo-los-operativos-de-control-de-ciclomotores-motos-y-cuatriciclos","status":"publish","type":"post","link":"https:\/\/www.hoymercedes.com.ar\/principal\/2011\/11\/29\/dieron-comienzo-los-operativos-de-control-de-ciclomotores-motos-y-cuatriciclos\/","title":{"rendered":"Dieron comienzo los operativos de control de ciclomotores, motos y cuatriciclos"},"content":{"rendered":"<p>Los mismos fueron llevados a cabo por personal dependiente de la Secretar\u00eda de Control Urbano con apoyo de efectivos de la polic\u00eda local. Hubo varios secuestros. El operativo se noto especialmente a lo largo de la avenida 29 por la poca cantidad de dichos rodados que circularon \u00a0durante s\u00e1bado y domingo<\/p>\n<p>Tal como lo hab\u00edan anticipado a lo largo de la semana que paso en conferencia de prensa el Secretario y el Subsecretario de Control Urbano, Jos\u00e9 Lu\u00eds Bern\u00e1rdez y Daniel Loch, se concretaron a lo largo del fin de semana nuevos operativos de seguridad ene l tr\u00e1nsito especialmente destinados al contralor de motos, ciclomotores y cuatriciclos tomando como punto espec\u00edfico las instalaciones del Parque Municipal Independencia.<\/p>\n<p>De acuerdo a los datos obtenidos a trav\u00e9s de fuentes relacionadas con dichos procedimientos se logr\u00f3 controlar a una importante cantidad de rodados, las licencias de conducir de quienes se encontraban a cargo de los mismos como as\u00ed tambi\u00e9n los papeles que obligatoriamente debe tener el conductor al momento de circular por la v\u00eda p\u00fablica teniendo dichos operativos un resultado positivo ya que al menos durante las tardes del s\u00e1bado y domingo fue notablemente inferior la cantidad de unidades circulando a lo largo de la avenida 29 desde el parque hacia el centro de la ciudad si la comparamos con fines de semana anteriores.<\/p>\n<p>Los informes recogidos establecen que por lo menos fueron secuestradas alrededor de una veintena de motos y en principio un ciclomotor siendo trasladados hasta dependencias de la Secretar\u00eda de Control Urbano tras haberse labrado las actas correspondientes que ahora ser\u00e1n tratadas en la esfera del Juzgado Municipal de Faltas.<\/p>\n<p>Se aguarda para las pr\u00f3ximas horas que el Secretario Jos\u00e9 Luis Bern\u00e1rdez pueda dar a conocer de manera oficial los datos emanados de los operativos llevados a cabo los que se pudo conocer van a continuar de manera sorpresiva en cuanto al horario y el lugar de realizaci\u00f3n a lo largo de los pr\u00f3ximos d\u00edas.<\/p>\n<p>Para destacar es la respuesta de gran parte de los vecinos que residen en las proximidades del tradicional paseo publico de nuestra ciudad quienes se mostraron muy de acuerdo con las disposiciones adoptadas desde el gobierno municipal para intentar regular y ordenar la circulaci\u00f3n de motos y ciclomotores m\u00e1s all\u00e1 que seg\u00fan lo manifestaros las fuentes consultadas en algunos casos la gente aplaud\u00eda al conductor que lograba evadir el dispositivo de control que se estaba llevando a cabo.<\/p>\n","protected":false},"excerpt":{"rendered":"<p>Los mismos fueron llevados a cabo por personal dependiente de la Secretar\u00eda de Control Urbano con apoyo de efectivos de &#8230; <a title=\"Dieron comienzo los operativos de control de ciclomotores, motos y cuatriciclos\" class=\"read-more\" href=\"https:\/\/www.hoymercedes.com.ar\/principal\/2011\/11\/29\/dieron-comienzo-los-operativos-de-control-de-ciclomotores-motos-y-cuatriciclos\/\" aria-label=\"Leer m\u00e1s sobre Dieron comienzo los operativos de control de ciclomotores, motos y cuatriciclos\">Leer m\u00e1s<\/a><\/p>\n","protected":false},"author":1,"featured_media":0,"comment_status":"open","ping_status":"open","sticky":false,"template":"","format":"standard","meta":{"_monsterinsights_skip_tracking":false,"_monsterinsights_sitenote_active":false,"_monsterinsights_sitenote_note":"","_monsterinsights_sitenote_category":0,"jetpack_post_was_ever_published":false,"_jetpack_newsletter_access":"","_jetpack_dont_email_post_to_subs":false,"_jetpack_newsletter_tier_id":0,"_jetpack_memberships_contains_paywalled_content":false,"_jetpack_memberships_contains_paid_content":false,"footnotes":"","jetpack_publicize_message":"","jetpack_publicize_feature_enabled":true,"jetpack_social_post_already_shared":false,"jetpack_social_options":{"image_generator_settings":{"template":"highway","default_image_id":0,"font":"","enabled":false},"version":2},"_wpas_customize_per_network":false},"categories":[30],"tags":[1639],"class_list":["post-9433","post","type-post","status-publish","format-standard","hentry","category-municipio","tag-operativos-de-transito","generate-columns","tablet-grid-50","mobile-grid-100","grid-parent","grid-50"],"jetpack_publicize_connections":[],"jetpack_featured_media_url":"","wps_subtitle":"","jetpack_sharing_enabled":true,"_links":{"self":[{"href":"https:\/\/www.hoymercedes.com.ar\/principal\/wp-json\/wp\/v2\/posts\/9433","targetHints":{"allow":["GET"]}}],"collection":[{"href":"https:\/\/www.hoymercedes.com.ar\/principal\/wp-json\/wp\/v2\/posts"}],"about":[{"href":"https:\/\/www.hoymercedes.com.ar\/principal\/wp-json\/wp\/v2\/types\/post"}],"author":[{"embeddable":true,"href":"https:\/\/www.hoymercedes.com.ar\/principal\/wp-json\/wp\/v2\/users\/1"}],"replies":[{"embeddable":true,"href":"https:\/\/www.hoymercedes.com.ar\/principal\/wp-json\/wp\/v2\/comments?post=9433"}],"version-history":[{"count":0,"href":"https:\/\/www.hoymercedes.com.ar\/principal\/wp-json\/wp\/v2\/posts\/9433\/revisions"}],"wp:attachment":[{"href":"https:\/\/www.hoymercedes.com.ar\/principal\/wp-json\/wp\/v2\/media?parent=9433"}],"wp:term":[{"taxonomy":"category","embeddable":true,"href":"https:\/\/www.hoymercedes.com.ar\/principal\/wp-json\/wp\/v2\/categories?post=9433"},{"taxonomy":"post_tag","embeddable":true,"href":"https:\/\/www.hoymercedes.com.ar\/principal\/wp-json\/wp\/v2\/tags?post=9433"}],"curies":[{"name":"wp","href":"https:\/\/api.w.org\/{rel}","templated":true}]}}