{"id":94368,"date":"2019-06-04T07:06:00","date_gmt":"2019-06-04T10:06:00","guid":{"rendered":"http:\/\/www.hoymercedes.com.ar\/principal\/?p=94368"},"modified":"2019-06-03T22:28:06","modified_gmt":"2019-06-04T01:28:06","slug":"el-futbol-femenino-tambien-se-mancho-con-hechos-de-violencia","status":"publish","type":"post","link":"https:\/\/www.hoymercedes.com.ar\/principal\/2019\/06\/04\/el-futbol-femenino-tambien-se-mancho-con-hechos-de-violencia\/","title":{"rendered":"El F\u00fatbol Femenino tambi\u00e9n se manch\u00f3 con hechos de violencia"},"content":{"rendered":"\n<p>Dos partidos del torneo de Primera Divisi\u00f3n del F\u00fatbol Femenino de la Liga Mercedina tuvieron que suspenderse por diversos hechos. En El Front\u00f3n Vs Estudiantes, una jugadora del conjunto de San Andr\u00e9s de Giles fue expulsada por agresi\u00f3n verbal a la arquera del cuadro mercedino y al ver la roja, agredi\u00f3 al \u00e1rbitro. Todo esto cuando faltaba un minuto para el final del encuentro.<\/p>\n\n\n\n<p>El otro incidente ocurri\u00f3 cuando a dos minutos del final del partido que Envi\u00f3n y Gowland empataban en uno, la parcialidad visitante oblig\u00f3 a suspender el partido. En ambos casos, los partidos se mantienen suspendidos y a la espera de la resoluci\u00f3n del Tribunal de Penas de la LMF.<\/p>\n\n\n\n<p><strong>Primera divisi\u00f3n<br><\/strong><strong>Envi\u00f3n 1:<\/strong>&nbsp;Juliana Landini.<br><strong>Deportivo Gowland 1:<\/strong>&nbsp;Ver\u00f3nica Gonz\u00e1lez.<br>Suspendido a los 18\u2019 del segundo tiempo.<\/p>\n\n\n\n<p><strong>Costa Brava 0.<br>V\u00e9lez 0.<\/strong><\/p>\n\n\n\n<p><strong>Juventud 0.<br>Mercedes 0.<br><\/strong><br><strong>Estudiantes 0.<br>El Front\u00f3n 0.<br><\/strong>Suspendido a los 19\u2019 del ST.<\/p>\n\n\n\n<p><strong>Los Carteros 0.<br>AMEFIP San Mart\u00edn 5:<\/strong>\u00a0Sof\u00eda Crivella 3 y Ver\u00f3nica Samaniego 2.<\/p>\n\n\n\n<div class=\"wp-block-image\"><figure class=\"aligncenter\"><img loading=\"lazy\" decoding=\"async\" width=\"448\" height=\"320\" data-attachment-id=\"94369\" data-permalink=\"https:\/\/www.hoymercedes.com.ar\/principal\/2019\/06\/04\/el-futbol-femenino-tambien-se-mancho-con-hechos-de-violencia\/pos-fem-pri-4\/#main\" data-orig-file=\"https:\/\/www.hoymercedes.com.ar\/principal\/wp-content\/uploads\/2019\/06\/POS-FEM-PRI.png\" data-orig-size=\"448,320\" data-comments-opened=\"0\" data-image-meta=\"{&quot;aperture&quot;:&quot;0&quot;,&quot;credit&quot;:&quot;&quot;,&quot;camera&quot;:&quot;&quot;,&quot;caption&quot;:&quot;&quot;,&quot;created_timestamp&quot;:&quot;0&quot;,&quot;copyright&quot;:&quot;&quot;,&quot;focal_length&quot;:&quot;0&quot;,&quot;iso&quot;:&quot;0&quot;,&quot;shutter_speed&quot;:&quot;0&quot;,&quot;title&quot;:&quot;&quot;,&quot;orientation&quot;:&quot;0&quot;}\" data-image-title=\"POS-FEM-PRI\" data-image-description=\"\" data-image-caption=\"\" data-large-file=\"https:\/\/www.hoymercedes.com.ar\/principal\/wp-content\/uploads\/2019\/06\/POS-FEM-PRI.png\" src=\"https:\/\/www.hoymercedes.com.ar\/principal\/wp-content\/uploads\/2019\/06\/POS-FEM-PRI.png\" alt=\"\" class=\"wp-image-94369\" srcset=\"https:\/\/www.hoymercedes.com.ar\/principal\/wp-content\/uploads\/2019\/06\/POS-FEM-PRI.png 448w, https:\/\/www.hoymercedes.com.ar\/principal\/wp-content\/uploads\/2019\/06\/POS-FEM-PRI-150x107.png 150w\" sizes=\"auto, (max-width: 448px) 100vw, 448px\" \/><\/figure><\/div>\n\n\n\n<p><strong>Sub 12&nbsp;<\/strong><br><strong>V\u00e9lez 1:<\/strong>&nbsp;Mar\u00eda Trobo.<br><strong>Los Carteros 1:<\/strong>&nbsp;Azul Pardo.<\/p>\n\n\n\n<p><strong>Estudiantes 3:<\/strong>&nbsp;Constanza Delvechio y Naira Ferreyra 2.<br><strong>AMEFIP San Mart\u00edn 0<\/strong>.<\/p>\n\n\n\n<p><strong>Sub 16&nbsp;<\/strong><br><strong>La Loma 2:<\/strong>&nbsp;Sof\u00eda Sarubba y Camila Segovia.<br><strong>El Front\u00f3n 0<\/strong>.<\/p>\n\n\n\n<p><strong>Defensores 2:&nbsp;<\/strong>Tamara Ortubia 2.<br><strong>V\u00e9lez 0.<\/strong><\/p>\n\n\n\n<p><strong>Estudiantes 0.<br>Alfa 0.<\/strong><\/p>\n\n\n\n<div class=\"wp-block-image\"><figure class=\"aligncenter\"><img loading=\"lazy\" decoding=\"async\" width=\"448\" height=\"364\" data-attachment-id=\"94370\" data-permalink=\"https:\/\/www.hoymercedes.com.ar\/principal\/2019\/06\/04\/el-futbol-femenino-tambien-se-mancho-con-hechos-de-violencia\/pos-fem-inf-5\/#main\" data-orig-file=\"https:\/\/www.hoymercedes.com.ar\/principal\/wp-content\/uploads\/2019\/06\/POS-FEM-INF.png\" data-orig-size=\"448,364\" data-comments-opened=\"0\" data-image-meta=\"{&quot;aperture&quot;:&quot;0&quot;,&quot;credit&quot;:&quot;&quot;,&quot;camera&quot;:&quot;&quot;,&quot;caption&quot;:&quot;&quot;,&quot;created_timestamp&quot;:&quot;0&quot;,&quot;copyright&quot;:&quot;&quot;,&quot;focal_length&quot;:&quot;0&quot;,&quot;iso&quot;:&quot;0&quot;,&quot;shutter_speed&quot;:&quot;0&quot;,&quot;title&quot;:&quot;&quot;,&quot;orientation&quot;:&quot;0&quot;}\" data-image-title=\"POS-FEM-INF\" data-image-description=\"\" data-image-caption=\"\" data-large-file=\"https:\/\/www.hoymercedes.com.ar\/principal\/wp-content\/uploads\/2019\/06\/POS-FEM-INF.png\" src=\"https:\/\/www.hoymercedes.com.ar\/principal\/wp-content\/uploads\/2019\/06\/POS-FEM-INF.png\" alt=\"\" class=\"wp-image-94370\" srcset=\"https:\/\/www.hoymercedes.com.ar\/principal\/wp-content\/uploads\/2019\/06\/POS-FEM-INF.png 448w, https:\/\/www.hoymercedes.com.ar\/principal\/wp-content\/uploads\/2019\/06\/POS-FEM-INF-150x122.png 150w\" sizes=\"auto, (max-width: 448px) 100vw, 448px\" \/><\/figure><\/div>\n\n\n\n<div class=\"wp-block-image\"><figure class=\"aligncenter\"><img loading=\"lazy\" decoding=\"async\" width=\"318\" height=\"748\" data-attachment-id=\"94371\" data-permalink=\"https:\/\/www.hoymercedes.com.ar\/principal\/2019\/06\/04\/el-futbol-femenino-tambien-se-mancho-con-hechos-de-violencia\/gol-fem-5\/#main\" data-orig-file=\"https:\/\/www.hoymercedes.com.ar\/principal\/wp-content\/uploads\/2019\/06\/GOL-FEM.png\" data-orig-size=\"318,748\" data-comments-opened=\"0\" data-image-meta=\"{&quot;aperture&quot;:&quot;0&quot;,&quot;credit&quot;:&quot;&quot;,&quot;camera&quot;:&quot;&quot;,&quot;caption&quot;:&quot;&quot;,&quot;created_timestamp&quot;:&quot;0&quot;,&quot;copyright&quot;:&quot;&quot;,&quot;focal_length&quot;:&quot;0&quot;,&quot;iso&quot;:&quot;0&quot;,&quot;shutter_speed&quot;:&quot;0&quot;,&quot;title&quot;:&quot;&quot;,&quot;orientation&quot;:&quot;0&quot;}\" data-image-title=\"GOL-FEM\" data-image-description=\"\" data-image-caption=\"\" data-large-file=\"https:\/\/www.hoymercedes.com.ar\/principal\/wp-content\/uploads\/2019\/06\/GOL-FEM.png\" src=\"https:\/\/www.hoymercedes.com.ar\/principal\/wp-content\/uploads\/2019\/06\/GOL-FEM.png\" alt=\"\" class=\"wp-image-94371\" srcset=\"https:\/\/www.hoymercedes.com.ar\/principal\/wp-content\/uploads\/2019\/06\/GOL-FEM.png 318w, https:\/\/www.hoymercedes.com.ar\/principal\/wp-content\/uploads\/2019\/06\/GOL-FEM-64x150.png 64w, https:\/\/www.hoymercedes.com.ar\/principal\/wp-content\/uploads\/2019\/06\/GOL-FEM-264x620.png 264w\" sizes=\"auto, (max-width: 318px) 100vw, 318px\" \/><\/figure><\/div>\n","protected":false},"excerpt":{"rendered":"<p>Dos partidos del torneo de Primera Divisi\u00f3n del F\u00fatbol Femenino de la Liga Mercedina tuvieron que suspenderse por diversos hechos. &#8230; <a title=\"El F\u00fatbol Femenino tambi\u00e9n se manch\u00f3 con hechos de violencia\" class=\"read-more\" href=\"https:\/\/www.hoymercedes.com.ar\/principal\/2019\/06\/04\/el-futbol-femenino-tambien-se-mancho-con-hechos-de-violencia\/\" aria-label=\"Leer m\u00e1s sobre El F\u00fatbol Femenino tambi\u00e9n se manch\u00f3 con hechos de violencia\">Leer m\u00e1s<\/a><\/p>\n","protected":false},"author":1,"featured_media":94369,"comment_status":"closed","ping_status":"open","sticky":false,"template":"","format":"standard","meta":{"_monsterinsights_skip_tracking":false,"_monsterinsights_sitenote_active":false,"_monsterinsights_sitenote_note":"","_monsterinsights_sitenote_category":0,"jetpack_post_was_ever_published":false,"_jetpack_newsletter_access":"","_jetpack_dont_email_post_to_subs":false,"_jetpack_newsletter_tier_id":0,"_jetpack_memberships_contains_paywalled_content":false,"_jetpack_memberships_contains_paid_content":false,"footnotes":"","jetpack_publicize_message":"","jetpack_publicize_feature_enabled":true,"jetpack_social_post_already_shared":true,"jetpack_social_options":{"image_generator_settings":{"template":"highway","default_image_id":0,"font":"","enabled":false},"version":2},"_wpas_customize_per_network":false},"categories":[21],"tags":[1901,726],"class_list":["post-94368","post","type-post","status-publish","format-standard","has-post-thumbnail","hentry","category-deportes","tag-liga-mercedina","tag-violencia","generate-columns","tablet-grid-50","mobile-grid-100","grid-parent","grid-50"],"jetpack_publicize_connections":[],"jetpack_featured_media_url":"https:\/\/www.hoymercedes.com.ar\/principal\/wp-content\/uploads\/2019\/06\/POS-FEM-PRI.png","wps_subtitle":"Liga Mercedina","jetpack_sharing_enabled":true,"_links":{"self":[{"href":"https:\/\/www.hoymercedes.com.ar\/principal\/wp-json\/wp\/v2\/posts\/94368","targetHints":{"allow":["GET"]}}],"collection":[{"href":"https:\/\/www.hoymercedes.com.ar\/principal\/wp-json\/wp\/v2\/posts"}],"about":[{"href":"https:\/\/www.hoymercedes.com.ar\/principal\/wp-json\/wp\/v2\/types\/post"}],"author":[{"embeddable":true,"href":"https:\/\/www.hoymercedes.com.ar\/principal\/wp-json\/wp\/v2\/users\/1"}],"replies":[{"embeddable":true,"href":"https:\/\/www.hoymercedes.com.ar\/principal\/wp-json\/wp\/v2\/comments?post=94368"}],"version-history":[{"count":0,"href":"https:\/\/www.hoymercedes.com.ar\/principal\/wp-json\/wp\/v2\/posts\/94368\/revisions"}],"wp:featuredmedia":[{"embeddable":true,"href":"https:\/\/www.hoymercedes.com.ar\/principal\/wp-json\/wp\/v2\/media\/94369"}],"wp:attachment":[{"href":"https:\/\/www.hoymercedes.com.ar\/principal\/wp-json\/wp\/v2\/media?parent=94368"}],"wp:term":[{"taxonomy":"category","embeddable":true,"href":"https:\/\/www.hoymercedes.com.ar\/principal\/wp-json\/wp\/v2\/categories?post=94368"},{"taxonomy":"post_tag","embeddable":true,"href":"https:\/\/www.hoymercedes.com.ar\/principal\/wp-json\/wp\/v2\/tags?post=94368"}],"curies":[{"name":"wp","href":"https:\/\/api.w.org\/{rel}","templated":true}]}}