{"id":94374,"date":"2019-06-04T10:28:31","date_gmt":"2019-06-04T13:28:31","guid":{"rendered":"http:\/\/www.hoymercedes.com.ar\/principal\/?p=94374"},"modified":"2019-06-03T22:30:40","modified_gmt":"2019-06-04T01:30:40","slug":"la-escuela-municipal-de-futsal-volvio-a-ganar-como-local-en-primera-division","status":"publish","type":"post","link":"https:\/\/www.hoymercedes.com.ar\/principal\/2019\/06\/04\/la-escuela-municipal-de-futsal-volvio-a-ganar-como-local-en-primera-division\/","title":{"rendered":"La Escuela Municipal de Futsal volvi\u00f3 a ganar como local en Primera Divisi\u00f3n"},"content":{"rendered":"\n<p>Por Iv\u00e1n Alday (Todo El Deporte Est\u00e1 Aca). En la jornada del domingo el Polideportivo a Cielo Abierto Mart\u00edn Rodr\u00edguez fue el escenario de la und\u00e9cima fecha de la Liga BAFI por la Zona F. Donde la Escuela Municipal de Futsal se midi\u00f3 frente a Am\u00e9rica del Sud (Parque Avellaneda), en la divisi\u00f3n Reserva inici\u00f3 el resultado favoreci\u00f3 al elenco visitante por 6-4. Los goles para el ganador fueron convertidos por Patricio Sabatini en tres ocasiones, Rodrigo Baronas por duplicado y Kevin G\u00f3mez Fr\u00edas cerr\u00f3 la faena para el parcial 6-0, en el complemento la EFM achic\u00f3 distancias con tantos anotados por Ezequiel Barroco, Diego Mart\u00ednez, Tomas Zamb\u00f3n y Mart\u00edn Casco.<\/p>\n\n\n\n<figure class=\"wp-block-image\"><img loading=\"lazy\" decoding=\"async\" width=\"960\" height=\"720\" data-attachment-id=\"94375\" data-permalink=\"https:\/\/www.hoymercedes.com.ar\/principal\/2019\/06\/04\/la-escuela-municipal-de-futsal-volvio-a-ganar-como-local-en-primera-division\/61786982_672875046490660_4381683020713689088_n\/#main\" data-orig-file=\"https:\/\/www.hoymercedes.com.ar\/principal\/wp-content\/uploads\/2019\/06\/61786982_672875046490660_4381683020713689088_n.jpg\" data-orig-size=\"960,720\" data-comments-opened=\"0\" data-image-meta=\"{&quot;aperture&quot;:&quot;0&quot;,&quot;credit&quot;:&quot;&quot;,&quot;camera&quot;:&quot;&quot;,&quot;caption&quot;:&quot;&quot;,&quot;created_timestamp&quot;:&quot;0&quot;,&quot;copyright&quot;:&quot;&quot;,&quot;focal_length&quot;:&quot;0&quot;,&quot;iso&quot;:&quot;0&quot;,&quot;shutter_speed&quot;:&quot;0&quot;,&quot;title&quot;:&quot;&quot;,&quot;orientation&quot;:&quot;0&quot;}\" data-image-title=\"61786982_672875046490660_4381683020713689088_n\" data-image-description=\"\" data-image-caption=\"\" data-large-file=\"https:\/\/www.hoymercedes.com.ar\/principal\/wp-content\/uploads\/2019\/06\/61786982_672875046490660_4381683020713689088_n.jpg\" src=\"https:\/\/www.hoymercedes.com.ar\/principal\/wp-content\/uploads\/2019\/06\/61786982_672875046490660_4381683020713689088_n.jpg\" alt=\"\" class=\"wp-image-94375\" srcset=\"https:\/\/www.hoymercedes.com.ar\/principal\/wp-content\/uploads\/2019\/06\/61786982_672875046490660_4381683020713689088_n.jpg 960w, https:\/\/www.hoymercedes.com.ar\/principal\/wp-content\/uploads\/2019\/06\/61786982_672875046490660_4381683020713689088_n-150x113.jpg 150w, https:\/\/www.hoymercedes.com.ar\/principal\/wp-content\/uploads\/2019\/06\/61786982_672875046490660_4381683020713689088_n-630x473.jpg 630w, https:\/\/www.hoymercedes.com.ar\/principal\/wp-content\/uploads\/2019\/06\/61786982_672875046490660_4381683020713689088_n-320x240.jpg 320w, https:\/\/www.hoymercedes.com.ar\/principal\/wp-content\/uploads\/2019\/06\/61786982_672875046490660_4381683020713689088_n-100x75.jpg 100w\" sizes=\"auto, (max-width: 960px) 100vw, 960px\" \/><\/figure>\n\n\n\n<p>Por el lado de la Primera divisi\u00f3n la local\u00eda le sienta muy bien y se repiti\u00f3 lo vivido hace un mes con Hurac\u00e1n en d\u00f3nde el plantel mayor se qued\u00f3 con las tres unidades, est\u00e1 vez en un partido que fue ganando en emotividad con un resultado que cambi\u00f3 permanentemente durante los 50 minutos de juego. Jorge Montenegro abri\u00f3 la cuenta, r\u00e1pidamente Gabriel Spadaro, el capit\u00e1n de la visita, pondr\u00eda el juego igualado en uno para luego pasar a ganar por 2-1 con un tanto de Juan Larrea.<\/p>\n\n\n\n<p>Luego en el complemento se pondr\u00eda otra vez el cotejo en pardas con Mariano Ramos convirtiendo el primero de sus cuatro tantos en lo personal desde el punto penal por una falta interior. Mercedes sacar\u00eda una ventaja de 5-2 con Ramos siendo el goleador de la tarde, Jorge Luis Cuenca el habilidoso n\u00famero 7 de Am\u00e9rica lo puso nuevamente en partido achicando diferencias hasta poner el resultado 5-4. En el mejor pasaje del visitante se detuvo con un penal malogrado por Fernando Ferrara que dej\u00f3 la pelota en las redes de contenci\u00f3n.<\/p>\n\n\n\n<p>El cotejo se pondr\u00eda 6-5 con tantos anotados por Franco P\u00e9rez y Juan Pablo Larrea con el segundo tanto en su cuenta personal, los \u00faltimos dos tantos que cerraron el juego los anotaron Carlos Couse para el local que aprovech\u00f3 la desatenci\u00f3n defensiva de la visita en b\u00fasqueda de la igualdad en 6 que no lleg\u00f3 y as\u00ed el resultado era 7-5 parcial y la visita cerr\u00f3 el marcador Cuenca que anot\u00f3 tres tantos en su cuenta personal. Para la formaci\u00f3n mercedina su pr\u00f3ximo rival ser\u00e1n los Libertadores de CABA.<\/p>\n","protected":false},"excerpt":{"rendered":"<p>Por Iv\u00e1n Alday (Todo El Deporte Est\u00e1 Aca). En la jornada del domingo el Polideportivo a Cielo Abierto Mart\u00edn Rodr\u00edguez &#8230; <a title=\"La Escuela Municipal de Futsal volvi\u00f3 a ganar como local en Primera Divisi\u00f3n\" class=\"read-more\" href=\"https:\/\/www.hoymercedes.com.ar\/principal\/2019\/06\/04\/la-escuela-municipal-de-futsal-volvio-a-ganar-como-local-en-primera-division\/\" aria-label=\"Leer m\u00e1s sobre La Escuela Municipal de Futsal volvi\u00f3 a ganar como local en Primera Divisi\u00f3n\">Leer m\u00e1s<\/a><\/p>\n","protected":false},"author":1,"featured_media":94375,"comment_status":"closed","ping_status":"open","sticky":false,"template":"","format":"standard","meta":{"_monsterinsights_skip_tracking":false,"_monsterinsights_sitenote_active":false,"_monsterinsights_sitenote_note":"","_monsterinsights_sitenote_category":0,"jetpack_post_was_ever_published":false,"_jetpack_newsletter_access":"","_jetpack_dont_email_post_to_subs":false,"_jetpack_newsletter_tier_id":0,"_jetpack_memberships_contains_paywalled_content":false,"_jetpack_memberships_contains_paid_content":false,"footnotes":"","jetpack_publicize_message":"","jetpack_publicize_feature_enabled":true,"jetpack_social_post_already_shared":true,"jetpack_social_options":{"image_generator_settings":{"template":"highway","default_image_id":0,"font":"","enabled":false},"version":2},"_wpas_customize_per_network":false},"categories":[21],"tags":[15236,14720,13563],"class_list":["post-94374","post","type-post","status-publish","format-standard","has-post-thumbnail","hentry","category-deportes","tag-america-del-sud","tag-escuela-municipal-futsal","tag-futsal","generate-columns","tablet-grid-50","mobile-grid-100","grid-parent","grid-50"],"jetpack_publicize_connections":[],"jetpack_featured_media_url":"https:\/\/www.hoymercedes.com.ar\/principal\/wp-content\/uploads\/2019\/06\/61786982_672875046490660_4381683020713689088_n.jpg","wps_subtitle":"Futsal","jetpack_sharing_enabled":true,"_links":{"self":[{"href":"https:\/\/www.hoymercedes.com.ar\/principal\/wp-json\/wp\/v2\/posts\/94374","targetHints":{"allow":["GET"]}}],"collection":[{"href":"https:\/\/www.hoymercedes.com.ar\/principal\/wp-json\/wp\/v2\/posts"}],"about":[{"href":"https:\/\/www.hoymercedes.com.ar\/principal\/wp-json\/wp\/v2\/types\/post"}],"author":[{"embeddable":true,"href":"https:\/\/www.hoymercedes.com.ar\/principal\/wp-json\/wp\/v2\/users\/1"}],"replies":[{"embeddable":true,"href":"https:\/\/www.hoymercedes.com.ar\/principal\/wp-json\/wp\/v2\/comments?post=94374"}],"version-history":[{"count":0,"href":"https:\/\/www.hoymercedes.com.ar\/principal\/wp-json\/wp\/v2\/posts\/94374\/revisions"}],"wp:featuredmedia":[{"embeddable":true,"href":"https:\/\/www.hoymercedes.com.ar\/principal\/wp-json\/wp\/v2\/media\/94375"}],"wp:attachment":[{"href":"https:\/\/www.hoymercedes.com.ar\/principal\/wp-json\/wp\/v2\/media?parent=94374"}],"wp:term":[{"taxonomy":"category","embeddable":true,"href":"https:\/\/www.hoymercedes.com.ar\/principal\/wp-json\/wp\/v2\/categories?post=94374"},{"taxonomy":"post_tag","embeddable":true,"href":"https:\/\/www.hoymercedes.com.ar\/principal\/wp-json\/wp\/v2\/tags?post=94374"}],"curies":[{"name":"wp","href":"https:\/\/api.w.org\/{rel}","templated":true}]}}