{"id":94378,"date":"2019-06-04T15:33:30","date_gmt":"2019-06-04T18:33:30","guid":{"rendered":"http:\/\/www.hoymercedes.com.ar\/principal\/?p=94378"},"modified":"2019-06-04T16:14:08","modified_gmt":"2019-06-04T19:14:08","slug":"vidrios-mercedes-igualo-ante-aib-futbol-y-se-consagro-campeon-del-complejo","status":"publish","type":"post","link":"https:\/\/www.hoymercedes.com.ar\/principal\/2019\/06\/04\/vidrios-mercedes-igualo-ante-aib-futbol-y-se-consagro-campeon-del-complejo\/","title":{"rendered":"Vidrios Mercedes igual\u00f3 ante AIB &#038; F\u00fatbol, y se consagr\u00f3 campe\u00f3n del complejo"},"content":{"rendered":"\n<p>Los vidrieros volvieron a conquistar el t\u00edtulo. Esta vez fue ante los del \u201cTurco\u201d Bacri, quienes deb\u00edan ganar pero no lograron la haza\u00f1a.<\/p>\n\n\n\n<figure class=\"wp-block-image\"><img loading=\"lazy\" decoding=\"async\" width=\"1024\" height=\"768\" data-attachment-id=\"94379\" data-permalink=\"https:\/\/www.hoymercedes.com.ar\/principal\/2019\/06\/04\/vidrios-mercedes-igualo-ante-aib-futbol-y-se-consagro-campeon-del-complejo\/vidrios-mercedes-campeon-jpg\/#main\" data-orig-file=\"https:\/\/www.hoymercedes.com.ar\/principal\/wp-content\/uploads\/2019\/06\/vidrios-mercedes-campe\u00f3n.jpg.jpg\" data-orig-size=\"1600,1200\" data-comments-opened=\"0\" data-image-meta=\"{&quot;aperture&quot;:&quot;0&quot;,&quot;credit&quot;:&quot;&quot;,&quot;camera&quot;:&quot;&quot;,&quot;caption&quot;:&quot;&quot;,&quot;created_timestamp&quot;:&quot;0&quot;,&quot;copyright&quot;:&quot;&quot;,&quot;focal_length&quot;:&quot;0&quot;,&quot;iso&quot;:&quot;0&quot;,&quot;shutter_speed&quot;:&quot;0&quot;,&quot;title&quot;:&quot;&quot;,&quot;orientation&quot;:&quot;0&quot;}\" data-image-title=\"vidrios-mercedes-campe\u00f3n.jpg\" data-image-description=\"\" data-image-caption=\"\" data-large-file=\"https:\/\/www.hoymercedes.com.ar\/principal\/wp-content\/uploads\/2019\/06\/vidrios-mercedes-campe\u00f3n.jpg-1024x768.jpg\" src=\"https:\/\/www.hoymercedes.com.ar\/principal\/wp-content\/uploads\/2019\/06\/vidrios-mercedes-campe\u00f3n.jpg-1024x768.jpg\" alt=\"\" class=\"wp-image-94379\" srcset=\"https:\/\/www.hoymercedes.com.ar\/principal\/wp-content\/uploads\/2019\/06\/vidrios-mercedes-campe\u00f3n.jpg-1024x768.jpg 1024w, https:\/\/www.hoymercedes.com.ar\/principal\/wp-content\/uploads\/2019\/06\/vidrios-mercedes-campe\u00f3n.jpg-150x113.jpg 150w, https:\/\/www.hoymercedes.com.ar\/principal\/wp-content\/uploads\/2019\/06\/vidrios-mercedes-campe\u00f3n.jpg-630x473.jpg 630w, https:\/\/www.hoymercedes.com.ar\/principal\/wp-content\/uploads\/2019\/06\/vidrios-mercedes-campe\u00f3n.jpg-320x240.jpg 320w, https:\/\/www.hoymercedes.com.ar\/principal\/wp-content\/uploads\/2019\/06\/vidrios-mercedes-campe\u00f3n.jpg-100x75.jpg 100w, https:\/\/www.hoymercedes.com.ar\/principal\/wp-content\/uploads\/2019\/06\/vidrios-mercedes-campe\u00f3n.jpg.jpg 1600w\" sizes=\"auto, (max-width: 1024px) 100vw, 1024px\" \/><\/figure>\n\n\n\n<p>Ya van 25 a\u00f1os que la comisi\u00f3n de la Asociaci\u00f3n Judicial Bonaerense, organiza este gran torneo de f\u00fatbol amateur. Vidrios Mercedes sigue demostrando su hegemon\u00eda a la hora de coronarse. Sum\u00f3 una nueva estrella en su rica historial. Luego, la jornada se complet\u00f3 con los diferentes encuentros pactados, y posteriormente se realiz\u00f3 la correspondiente entrega de premios, frente a un gran marco de p\u00fablico presente.<\/p>\n\n\n\n<p><strong>Vidrios Mercedes campe\u00f3n<br><\/strong>En la tarde del s\u00e1bado, los de la vidrier\u00eda alzaron el trofeo de campe\u00f3n. Llevaban una buena diferencia de puntos en la tabla de posiciones, y eso hizo que la balanza se equilibrara para su lado. Los de AIB &amp; F\u00fatbol ten\u00edan que vencer obligatoriamente. Comenzado el match, las situaciones se generaron para ambos equipos. Con el cuchillo entre los dientes, AIB pudo ponerse en ventaja y comenzar a so\u00f1ar con la copa. Vidrios Mercedes se despert\u00f3, e igual\u00f3 las condiciones dos a dos. Finalizado el encuentro, llegaron los festejos por parte de Vidrios Mercedes, que sigue dando mucho que hablar en el predio.<\/p>\n\n\n\n<p>En otros resultados, Deportivo Uri cerr\u00f3 su performance de excelente manera, con goleada contra Distribuidora Lud Marc por seis a cero. Cristian Sandoval anot\u00f3 cinco de los seis tantos, y se qued\u00f3 con el premio al gran goleador del campeonato. A pesar de la derrota, los de lud marc sumaron 10 unidades. <\/p>\n\n\n\n<figure class=\"wp-block-image\"><img loading=\"lazy\" decoding=\"async\" width=\"768\" height=\"1024\" data-attachment-id=\"94380\" data-permalink=\"https:\/\/www.hoymercedes.com.ar\/principal\/2019\/06\/04\/vidrios-mercedes-igualo-ante-aib-futbol-y-se-consagro-campeon-del-complejo\/aib-futbol-jpg\/#main\" data-orig-file=\"https:\/\/www.hoymercedes.com.ar\/principal\/wp-content\/uploads\/2019\/06\/aib-f\u00fatbol.jpg.jpg\" data-orig-size=\"1200,1600\" data-comments-opened=\"0\" data-image-meta=\"{&quot;aperture&quot;:&quot;0&quot;,&quot;credit&quot;:&quot;&quot;,&quot;camera&quot;:&quot;&quot;,&quot;caption&quot;:&quot;&quot;,&quot;created_timestamp&quot;:&quot;0&quot;,&quot;copyright&quot;:&quot;&quot;,&quot;focal_length&quot;:&quot;0&quot;,&quot;iso&quot;:&quot;0&quot;,&quot;shutter_speed&quot;:&quot;0&quot;,&quot;title&quot;:&quot;&quot;,&quot;orientation&quot;:&quot;0&quot;}\" data-image-title=\"aib-f\u00fatbol.jpg\" data-image-description=\"\" data-image-caption=\"\" data-large-file=\"https:\/\/www.hoymercedes.com.ar\/principal\/wp-content\/uploads\/2019\/06\/aib-f\u00fatbol.jpg-768x1024.jpg\" src=\"https:\/\/www.hoymercedes.com.ar\/principal\/wp-content\/uploads\/2019\/06\/aib-f\u00fatbol.jpg-768x1024.jpg\" alt=\"\" class=\"wp-image-94380\" srcset=\"https:\/\/www.hoymercedes.com.ar\/principal\/wp-content\/uploads\/2019\/06\/aib-f\u00fatbol.jpg-768x1024.jpg 768w, https:\/\/www.hoymercedes.com.ar\/principal\/wp-content\/uploads\/2019\/06\/aib-f\u00fatbol.jpg-113x150.jpg 113w, https:\/\/www.hoymercedes.com.ar\/principal\/wp-content\/uploads\/2019\/06\/aib-f\u00fatbol.jpg-465x620.jpg 465w, https:\/\/www.hoymercedes.com.ar\/principal\/wp-content\/uploads\/2019\/06\/aib-f\u00fatbol.jpg.jpg 1200w\" sizes=\"auto, (max-width: 768px) 100vw, 768px\" \/><\/figure>\n\n\n\n<p>El Resto se fue del certamen con una sonrisa. Se present\u00f3 contra la AJB Mercedes, los locales, para triunfar por cuatro goles a dos, y concretar un buen y meritorio torneo. Lleg\u00f3 a los 14 puntos, y ya comienza a prepararse para el siguiente campeonato, para demostrar de que est\u00e1 hecho.<\/p>\n\n\n\n<p>El Porvenir-Polirubros Diego, que termin\u00f3 en la tercera colocaci\u00f3n, pero siempre disputa los torneos hasta el final, y posee una buena estrategia futbol\u00edstica, igual\u00f3 en dos goles por lado contra la UOM Mercedes. Los de la uom, estaban abajo en el marcador, pero cerca del final del encuentro lograron el tan ansiado y merecido empate.<\/p>\n\n\n\n<p>Por \u00faltimo, Mantenimiento Chapelo volvi\u00f3 a mostrar un buen f\u00fatbol, el cual le dej\u00f3 un tres a cero en su favor frente a Bendita Moda. Los de Chapelo finalizaron el campeonato con 14 unidades, y dejando en claro a que aspiran en el siguiente certamen.<\/p>\n\n\n\n<figure class=\"wp-block-image\"><img loading=\"lazy\" decoding=\"async\" width=\"1024\" height=\"768\" data-attachment-id=\"94381\" data-permalink=\"https:\/\/www.hoymercedes.com.ar\/principal\/2019\/06\/04\/vidrios-mercedes-igualo-ante-aib-futbol-y-se-consagro-campeon-del-complejo\/sandoval-jpg\/#main\" data-orig-file=\"https:\/\/www.hoymercedes.com.ar\/principal\/wp-content\/uploads\/2019\/06\/sandoval.jpg.jpg\" data-orig-size=\"1600,1200\" data-comments-opened=\"0\" data-image-meta=\"{&quot;aperture&quot;:&quot;0&quot;,&quot;credit&quot;:&quot;&quot;,&quot;camera&quot;:&quot;&quot;,&quot;caption&quot;:&quot;&quot;,&quot;created_timestamp&quot;:&quot;0&quot;,&quot;copyright&quot;:&quot;&quot;,&quot;focal_length&quot;:&quot;0&quot;,&quot;iso&quot;:&quot;0&quot;,&quot;shutter_speed&quot;:&quot;0&quot;,&quot;title&quot;:&quot;&quot;,&quot;orientation&quot;:&quot;0&quot;}\" data-image-title=\"sandoval.jpg\" data-image-description=\"\" data-image-caption=\"\" data-large-file=\"https:\/\/www.hoymercedes.com.ar\/principal\/wp-content\/uploads\/2019\/06\/sandoval.jpg-1024x768.jpg\" src=\"https:\/\/www.hoymercedes.com.ar\/principal\/wp-content\/uploads\/2019\/06\/sandoval.jpg-1024x768.jpg\" alt=\"\" class=\"wp-image-94381\" srcset=\"https:\/\/www.hoymercedes.com.ar\/principal\/wp-content\/uploads\/2019\/06\/sandoval.jpg-1024x768.jpg 1024w, https:\/\/www.hoymercedes.com.ar\/principal\/wp-content\/uploads\/2019\/06\/sandoval.jpg-150x113.jpg 150w, https:\/\/www.hoymercedes.com.ar\/principal\/wp-content\/uploads\/2019\/06\/sandoval.jpg-630x473.jpg 630w, https:\/\/www.hoymercedes.com.ar\/principal\/wp-content\/uploads\/2019\/06\/sandoval.jpg-320x240.jpg 320w, https:\/\/www.hoymercedes.com.ar\/principal\/wp-content\/uploads\/2019\/06\/sandoval.jpg-100x75.jpg 100w, https:\/\/www.hoymercedes.com.ar\/principal\/wp-content\/uploads\/2019\/06\/sandoval.jpg.jpg 1600w\" sizes=\"auto, (max-width: 1024px) 100vw, 1024px\" \/><\/figure>\n\n\n\n<p>Distribuidora Lud Marc: 0.<br>Deportivo Uri: 6 (Cristian Sandoval 5, Lucas Lofreda).<\/p>\n\n\n\n<p>AJB Mercedes: 2 (Gustavo B\u00edsforo, Agust\u00edn M\u00f3naco).<br>El Resto: 4 (Mauricio Badano, Rub\u00e9n Pinilla, Carlos Villalba 2)<\/p>\n\n\n\n<p>AIB &amp; F\u00fatbol: 2 (Nicol\u00e1s Taverne, Mario Alday).<br>Vidrios Mercedes: 2(Pablo Gim\u00e9nez, Juan Ignacio Montenegro)<\/p>\n\n\n\n<p>Bendita Moda: 0.<br>Mantenimiento Chapelo: 3 (Esteban Locampo, Gabriel Villarreal, Juan Ignacio Gauna)<\/p>\n\n\n\n<p>UOM Mercedes: 2 (Daniel Ort\u00edz, David Izabala).<br>El Porvenir-Polirubros Diego: 2 (Roberto Araya, Lautaro Contreras)<\/p>\n\n\n\n<div class=\"wp-block-image\"><figure class=\"aligncenter\"><img loading=\"lazy\" decoding=\"async\" width=\"357\" height=\"347\" data-attachment-id=\"94382\" data-permalink=\"https:\/\/www.hoymercedes.com.ar\/principal\/2019\/06\/04\/vidrios-mercedes-igualo-ante-aib-futbol-y-se-consagro-campeon-del-complejo\/ajb-imagen-tabla-2019\/#main\" data-orig-file=\"https:\/\/www.hoymercedes.com.ar\/principal\/wp-content\/uploads\/2019\/06\/AJB-IMAGEN-TABLA-2019.png\" data-orig-size=\"357,347\" data-comments-opened=\"0\" data-image-meta=\"{&quot;aperture&quot;:&quot;0&quot;,&quot;credit&quot;:&quot;&quot;,&quot;camera&quot;:&quot;&quot;,&quot;caption&quot;:&quot;&quot;,&quot;created_timestamp&quot;:&quot;0&quot;,&quot;copyright&quot;:&quot;&quot;,&quot;focal_length&quot;:&quot;0&quot;,&quot;iso&quot;:&quot;0&quot;,&quot;shutter_speed&quot;:&quot;0&quot;,&quot;title&quot;:&quot;&quot;,&quot;orientation&quot;:&quot;0&quot;}\" data-image-title=\"AJB-IMAGEN-TABLA-2019\" data-image-description=\"\" data-image-caption=\"\" data-large-file=\"https:\/\/www.hoymercedes.com.ar\/principal\/wp-content\/uploads\/2019\/06\/AJB-IMAGEN-TABLA-2019.png\" src=\"https:\/\/www.hoymercedes.com.ar\/principal\/wp-content\/uploads\/2019\/06\/AJB-IMAGEN-TABLA-2019.png\" alt=\"\" class=\"wp-image-94382\" srcset=\"https:\/\/www.hoymercedes.com.ar\/principal\/wp-content\/uploads\/2019\/06\/AJB-IMAGEN-TABLA-2019.png 357w, https:\/\/www.hoymercedes.com.ar\/principal\/wp-content\/uploads\/2019\/06\/AJB-IMAGEN-TABLA-2019-150x146.png 150w\" sizes=\"auto, (max-width: 357px) 100vw, 357px\" \/><\/figure><\/div>\n","protected":false},"excerpt":{"rendered":"<p>Los vidrieros volvieron a conquistar el t\u00edtulo. Esta vez fue ante los del \u201cTurco\u201d Bacri, quienes deb\u00edan ganar pero no &#8230; <a title=\"Vidrios Mercedes igual\u00f3 ante AIB &#038; F\u00fatbol, y se consagr\u00f3 campe\u00f3n del complejo\" class=\"read-more\" href=\"https:\/\/www.hoymercedes.com.ar\/principal\/2019\/06\/04\/vidrios-mercedes-igualo-ante-aib-futbol-y-se-consagro-campeon-del-complejo\/\" aria-label=\"Leer m\u00e1s sobre Vidrios Mercedes igual\u00f3 ante AIB &#038; F\u00fatbol, y se consagr\u00f3 campe\u00f3n del complejo\">Leer m\u00e1s<\/a><\/p>\n","protected":false},"author":1,"featured_media":94379,"comment_status":"closed","ping_status":"open","sticky":false,"template":"","format":"standard","meta":{"_monsterinsights_skip_tracking":false,"_monsterinsights_sitenote_active":false,"_monsterinsights_sitenote_note":"","_monsterinsights_sitenote_category":0,"jetpack_post_was_ever_published":false,"_jetpack_newsletter_access":"","_jetpack_dont_email_post_to_subs":false,"_jetpack_newsletter_tier_id":0,"_jetpack_memberships_contains_paywalled_content":false,"_jetpack_memberships_contains_paid_content":false,"footnotes":"","jetpack_publicize_message":"","jetpack_publicize_feature_enabled":true,"jetpack_social_post_already_shared":true,"jetpack_social_options":{"image_generator_settings":{"template":"highway","default_image_id":0,"font":"","enabled":false},"version":2},"_wpas_customize_per_network":false},"categories":[21],"tags":[204,12957,12958],"class_list":["post-94378","post","type-post","status-publish","format-standard","has-post-thumbnail","hentry","category-deportes","tag-deportes-2","tag-futbol-amateur","tag-torneo-ajb","generate-columns","tablet-grid-50","mobile-grid-100","grid-parent","grid-50"],"jetpack_publicize_connections":[],"jetpack_featured_media_url":"https:\/\/www.hoymercedes.com.ar\/principal\/wp-content\/uploads\/2019\/06\/vidrios-mercedes-campe\u00f3n.jpg.jpg","wps_subtitle":"Torne AJB","jetpack_sharing_enabled":true,"_links":{"self":[{"href":"https:\/\/www.hoymercedes.com.ar\/principal\/wp-json\/wp\/v2\/posts\/94378","targetHints":{"allow":["GET"]}}],"collection":[{"href":"https:\/\/www.hoymercedes.com.ar\/principal\/wp-json\/wp\/v2\/posts"}],"about":[{"href":"https:\/\/www.hoymercedes.com.ar\/principal\/wp-json\/wp\/v2\/types\/post"}],"author":[{"embeddable":true,"href":"https:\/\/www.hoymercedes.com.ar\/principal\/wp-json\/wp\/v2\/users\/1"}],"replies":[{"embeddable":true,"href":"https:\/\/www.hoymercedes.com.ar\/principal\/wp-json\/wp\/v2\/comments?post=94378"}],"version-history":[{"count":0,"href":"https:\/\/www.hoymercedes.com.ar\/principal\/wp-json\/wp\/v2\/posts\/94378\/revisions"}],"wp:featuredmedia":[{"embeddable":true,"href":"https:\/\/www.hoymercedes.com.ar\/principal\/wp-json\/wp\/v2\/media\/94379"}],"wp:attachment":[{"href":"https:\/\/www.hoymercedes.com.ar\/principal\/wp-json\/wp\/v2\/media?parent=94378"}],"wp:term":[{"taxonomy":"category","embeddable":true,"href":"https:\/\/www.hoymercedes.com.ar\/principal\/wp-json\/wp\/v2\/categories?post=94378"},{"taxonomy":"post_tag","embeddable":true,"href":"https:\/\/www.hoymercedes.com.ar\/principal\/wp-json\/wp\/v2\/tags?post=94378"}],"curies":[{"name":"wp","href":"https:\/\/api.w.org\/{rel}","templated":true}]}}