{"id":94390,"date":"2019-06-04T18:45:29","date_gmt":"2019-06-04T21:45:29","guid":{"rendered":"http:\/\/www.hoymercedes.com.ar\/principal\/?p=94390"},"modified":"2019-06-03T22:52:25","modified_gmt":"2019-06-04T01:52:25","slug":"se-reflota-el-proyecto-de-la-cancha-sintetica-de-hockey","status":"publish","type":"post","link":"https:\/\/www.hoymercedes.com.ar\/principal\/2019\/06\/04\/se-reflota-el-proyecto-de-la-cancha-sintetica-de-hockey\/","title":{"rendered":"Se reflota el proyecto de la cancha sint\u00e9tica de hockey"},"content":{"rendered":"\n<p><strong>Por Iv\u00e1n Alday (Todo el Deporte Esta Aca).<\/strong> Durante el \u00faltimo s\u00e1bado 25 de mayo se conoci\u00f3 la noticia del avance en la construcci\u00f3n de una cancha de c\u00e9sped sint\u00e9tico para la pr\u00e1ctica del hockey, teni\u00e9ndose en cuenta que desde que se inici\u00f3 la disciplina en la ciudad siempre se jug\u00f3 sobre c\u00e9sped. Lleg\u00e1ndose a esto ser\u00e1 un gran paso para el deporte.<\/p>\n\n\n\n<figure class=\"wp-block-image\"><img loading=\"lazy\" decoding=\"async\" width=\"960\" height=\"720\" data-attachment-id=\"94391\" data-permalink=\"https:\/\/www.hoymercedes.com.ar\/principal\/2019\/06\/04\/se-reflota-el-proyecto-de-la-cancha-sintetica-de-hockey\/61413665_671058046672360_2131662968461459456_n\/#main\" data-orig-file=\"https:\/\/www.hoymercedes.com.ar\/principal\/wp-content\/uploads\/2019\/06\/61413665_671058046672360_2131662968461459456_n.jpg\" data-orig-size=\"960,720\" data-comments-opened=\"0\" data-image-meta=\"{&quot;aperture&quot;:&quot;0&quot;,&quot;credit&quot;:&quot;&quot;,&quot;camera&quot;:&quot;&quot;,&quot;caption&quot;:&quot;&quot;,&quot;created_timestamp&quot;:&quot;0&quot;,&quot;copyright&quot;:&quot;&quot;,&quot;focal_length&quot;:&quot;0&quot;,&quot;iso&quot;:&quot;0&quot;,&quot;shutter_speed&quot;:&quot;0&quot;,&quot;title&quot;:&quot;&quot;,&quot;orientation&quot;:&quot;0&quot;}\" data-image-title=\"61413665_671058046672360_2131662968461459456_n\" data-image-description=\"\" data-image-caption=\"\" data-large-file=\"https:\/\/www.hoymercedes.com.ar\/principal\/wp-content\/uploads\/2019\/06\/61413665_671058046672360_2131662968461459456_n.jpg\" src=\"https:\/\/www.hoymercedes.com.ar\/principal\/wp-content\/uploads\/2019\/06\/61413665_671058046672360_2131662968461459456_n.jpg\" alt=\"\" class=\"wp-image-94391\" srcset=\"https:\/\/www.hoymercedes.com.ar\/principal\/wp-content\/uploads\/2019\/06\/61413665_671058046672360_2131662968461459456_n.jpg 960w, https:\/\/www.hoymercedes.com.ar\/principal\/wp-content\/uploads\/2019\/06\/61413665_671058046672360_2131662968461459456_n-150x113.jpg 150w, https:\/\/www.hoymercedes.com.ar\/principal\/wp-content\/uploads\/2019\/06\/61413665_671058046672360_2131662968461459456_n-630x473.jpg 630w, https:\/\/www.hoymercedes.com.ar\/principal\/wp-content\/uploads\/2019\/06\/61413665_671058046672360_2131662968461459456_n-320x240.jpg 320w, https:\/\/www.hoymercedes.com.ar\/principal\/wp-content\/uploads\/2019\/06\/61413665_671058046672360_2131662968461459456_n-100x75.jpg 100w\" sizes=\"auto, (max-width: 960px) 100vw, 960px\" \/><\/figure>\n\n\n\n<p>La cancha estar\u00e1 emplazada en las instalaciones del Club Ateneo de la Juventud, en calles 11 y 114, teniendo mucho que ver el trabajo conjunto del Municipio de Mercedes y la instituci\u00f3n para poder hacer realidad este costo emprendimiento.<\/p>\n\n\n\n<p>De concretarse la ciudad tendr\u00e1 un espacio abierto a todos los clubes, buscando forjar la Asociaci\u00f3n Mercedina de Hockey con el sue\u00f1o que la localidad tenga representaci\u00f3n en los cert\u00e1menes metropolitanos de la disciplina.<\/p>\n\n\n\n<p>Por estos d\u00edas se est\u00e1 a la espera que comience el trabajo en la colocaci\u00f3n de piso para que el deporte del hockey se pueda practicar en las distintas categor\u00edas que hoy se entrenan y son parte de LINEBH.<\/p>\n","protected":false},"excerpt":{"rendered":"<p>Por Iv\u00e1n Alday (Todo el Deporte Esta Aca). Durante el \u00faltimo s\u00e1bado 25 de mayo se conoci\u00f3 la noticia del &#8230; <a title=\"Se reflota el proyecto de la cancha sint\u00e9tica de hockey\" class=\"read-more\" href=\"https:\/\/www.hoymercedes.com.ar\/principal\/2019\/06\/04\/se-reflota-el-proyecto-de-la-cancha-sintetica-de-hockey\/\" aria-label=\"Leer m\u00e1s sobre Se reflota el proyecto de la cancha sint\u00e9tica de hockey\">Leer m\u00e1s<\/a><\/p>\n","protected":false},"author":1,"featured_media":94391,"comment_status":"closed","ping_status":"open","sticky":false,"template":"","format":"standard","meta":{"_monsterinsights_skip_tracking":false,"_monsterinsights_sitenote_active":false,"_monsterinsights_sitenote_note":"","_monsterinsights_sitenote_category":0,"jetpack_post_was_ever_published":false,"_jetpack_newsletter_access":"","_jetpack_dont_email_post_to_subs":false,"_jetpack_newsletter_tier_id":0,"_jetpack_memberships_contains_paywalled_content":false,"_jetpack_memberships_contains_paid_content":false,"footnotes":"","jetpack_publicize_message":"","jetpack_publicize_feature_enabled":true,"jetpack_social_post_already_shared":true,"jetpack_social_options":{"image_generator_settings":{"template":"highway","default_image_id":0,"font":"","enabled":false},"version":2},"_wpas_customize_per_network":false},"categories":[21],"tags":[9738,8522,9026],"class_list":["post-94390","post","type-post","status-publish","format-standard","has-post-thumbnail","hentry","category-deportes","tag-cesped-sintetico","tag-hockey","tag-linebh","generate-columns","tablet-grid-50","mobile-grid-100","grid-parent","grid-50"],"jetpack_publicize_connections":[],"jetpack_featured_media_url":"https:\/\/www.hoymercedes.com.ar\/principal\/wp-content\/uploads\/2019\/06\/61413665_671058046672360_2131662968461459456_n.jpg","wps_subtitle":"Hockey","jetpack_sharing_enabled":true,"_links":{"self":[{"href":"https:\/\/www.hoymercedes.com.ar\/principal\/wp-json\/wp\/v2\/posts\/94390","targetHints":{"allow":["GET"]}}],"collection":[{"href":"https:\/\/www.hoymercedes.com.ar\/principal\/wp-json\/wp\/v2\/posts"}],"about":[{"href":"https:\/\/www.hoymercedes.com.ar\/principal\/wp-json\/wp\/v2\/types\/post"}],"author":[{"embeddable":true,"href":"https:\/\/www.hoymercedes.com.ar\/principal\/wp-json\/wp\/v2\/users\/1"}],"replies":[{"embeddable":true,"href":"https:\/\/www.hoymercedes.com.ar\/principal\/wp-json\/wp\/v2\/comments?post=94390"}],"version-history":[{"count":0,"href":"https:\/\/www.hoymercedes.com.ar\/principal\/wp-json\/wp\/v2\/posts\/94390\/revisions"}],"wp:featuredmedia":[{"embeddable":true,"href":"https:\/\/www.hoymercedes.com.ar\/principal\/wp-json\/wp\/v2\/media\/94391"}],"wp:attachment":[{"href":"https:\/\/www.hoymercedes.com.ar\/principal\/wp-json\/wp\/v2\/media?parent=94390"}],"wp:term":[{"taxonomy":"category","embeddable":true,"href":"https:\/\/www.hoymercedes.com.ar\/principal\/wp-json\/wp\/v2\/categories?post=94390"},{"taxonomy":"post_tag","embeddable":true,"href":"https:\/\/www.hoymercedes.com.ar\/principal\/wp-json\/wp\/v2\/tags?post=94390"}],"curies":[{"name":"wp","href":"https:\/\/api.w.org\/{rel}","templated":true}]}}