{"id":94394,"date":"2019-06-04T20:52:55","date_gmt":"2019-06-04T23:52:55","guid":{"rendered":"http:\/\/www.hoymercedes.com.ar\/principal\/?p=94394"},"modified":"2019-06-03T22:55:15","modified_gmt":"2019-06-04T01:55:15","slug":"la-jornada-entre-escuela-municipal-y-camila-rolon-fue-interrumpida-por-la-lluvia","status":"publish","type":"post","link":"https:\/\/www.hoymercedes.com.ar\/principal\/2019\/06\/04\/la-jornada-entre-escuela-municipal-y-camila-rolon-fue-interrumpida-por-la-lluvia\/","title":{"rendered":"La jornada entre Escuela Municipal y Camila Rol\u00f3n fue interrumpida por la lluvia"},"content":{"rendered":"\n<p>En la tarde del jueves los equipos femeninos de la Escuela Municipal de Handball recibieron en su cancha al Instituto Madre Camila Rol\u00f3n en una jornada que no pudo ser completa por la presencia de la lluvia en el predio del Polideportivo Mart\u00edn Rodr\u00edguez.<\/p>\n\n\n\n<figure class=\"wp-block-image\"><img loading=\"lazy\" decoding=\"async\" width=\"960\" height=\"720\" data-attachment-id=\"94395\" data-permalink=\"https:\/\/www.hoymercedes.com.ar\/principal\/2019\/06\/04\/la-jornada-entre-escuela-municipal-y-camila-rolon-fue-interrumpida-por-la-lluvia\/61286520_2801765213199203_2080815597968424960_n\/#main\" data-orig-file=\"https:\/\/www.hoymercedes.com.ar\/principal\/wp-content\/uploads\/2019\/06\/61286520_2801765213199203_2080815597968424960_n.jpg\" data-orig-size=\"960,720\" data-comments-opened=\"0\" data-image-meta=\"{&quot;aperture&quot;:&quot;0&quot;,&quot;credit&quot;:&quot;&quot;,&quot;camera&quot;:&quot;&quot;,&quot;caption&quot;:&quot;&quot;,&quot;created_timestamp&quot;:&quot;0&quot;,&quot;copyright&quot;:&quot;&quot;,&quot;focal_length&quot;:&quot;0&quot;,&quot;iso&quot;:&quot;0&quot;,&quot;shutter_speed&quot;:&quot;0&quot;,&quot;title&quot;:&quot;&quot;,&quot;orientation&quot;:&quot;0&quot;}\" data-image-title=\"61286520_2801765213199203_2080815597968424960_n\" data-image-description=\"\" data-image-caption=\"\" data-large-file=\"https:\/\/www.hoymercedes.com.ar\/principal\/wp-content\/uploads\/2019\/06\/61286520_2801765213199203_2080815597968424960_n.jpg\" src=\"https:\/\/www.hoymercedes.com.ar\/principal\/wp-content\/uploads\/2019\/06\/61286520_2801765213199203_2080815597968424960_n.jpg\" alt=\"\" class=\"wp-image-94395\" srcset=\"https:\/\/www.hoymercedes.com.ar\/principal\/wp-content\/uploads\/2019\/06\/61286520_2801765213199203_2080815597968424960_n.jpg 960w, https:\/\/www.hoymercedes.com.ar\/principal\/wp-content\/uploads\/2019\/06\/61286520_2801765213199203_2080815597968424960_n-150x113.jpg 150w, https:\/\/www.hoymercedes.com.ar\/principal\/wp-content\/uploads\/2019\/06\/61286520_2801765213199203_2080815597968424960_n-630x473.jpg 630w, https:\/\/www.hoymercedes.com.ar\/principal\/wp-content\/uploads\/2019\/06\/61286520_2801765213199203_2080815597968424960_n-320x240.jpg 320w, https:\/\/www.hoymercedes.com.ar\/principal\/wp-content\/uploads\/2019\/06\/61286520_2801765213199203_2080815597968424960_n-100x75.jpg 100w\" sizes=\"auto, (max-width: 960px) 100vw, 960px\" \/><\/figure>\n\n\n\n<p>La competencia comenz\u00f3 con el partido de Juveniles, en el cual se impusieron las locales por 13 a 6 con un buen rendimiento de conjunto, sobresaliendo el goleo de Candela Gaiera con 6 anotaciones. Para el conjunto Municipal tambi\u00e9n convirtieron Helena Taborda 3, Maira Ferrari 2 e Indira Chvatal.<\/p>\n\n\n\n<p>En tanto que para Camila Rol\u00f3n los goles fueron convertidos por Jimena Corrado y Valentina Delvento con 2 goles para cada una de ellas y Liz Dipieri y Brenda Retegui marcando en una oportunidad cada una.<\/p>\n\n\n\n<p>En el partido de Cadetes, el triunfo fue para el visitante por 11 a 7. El elenco dirigido por Jorgelina Bernal tuvo un goleo parejo de sus jugadoras: Magal\u00ed Vaca 4, Martina Romero 3, Camila Testi 3, Lourdes Aguirre 2, Lucila S\u00e1nchez 2 y Araceli Antar.<\/p>\n\n\n\n<p>Por parte del conjunto entrenado por Leonardo Gonz\u00e1lez, los goles fueron convertidos por Micaela Denapole en dos oportunidades y Candela Boragno, Daiana Cuevas, Cecilia Avila, Albertina M\u00e9ndez y Delfina Lescano en una ocasi\u00f3n para cada una de ellas.<\/p>\n\n\n\n<p>La jornada de handball no pudo ser completa, en el partido de la categor\u00eda Menores no pudo concluir dado que comenz\u00f3 a llover y se tornaba muy riesgoso para la integridad f\u00edsica de las jugadoras.<\/p>\n\n\n\n<p>S\u00f3lo pudieron jugarse 5 minutos, en donde se estaba imponiendo la Escuela Municipal por 1 a 0, con el gol de Morena Moreno, el encuentro se finalizar\u00e1 en otra oportunidad.<\/p>\n\n\n\n<p>Esta semana no habr\u00e1 cotejos por la Liga Mercedina de Balonmano, pero el handball no se va a tomar respiro, ya que se estar\u00e1 disputando la Etapa Local de los Juegos con la participaci\u00f3n de m\u00e1s de 40 equipos en las categor\u00edas de handball escolar.<\/p>\n\n\n\n<ul class=\"wp-block-gallery columns-3 is-cropped wp-block-gallery-1 is-layout-flex wp-block-gallery-is-layout-flex\"><li class=\"blocks-gallery-item\"><figure><img loading=\"lazy\" decoding=\"async\" width=\"960\" height=\"720\" data-attachment-id=\"94396\" data-permalink=\"https:\/\/www.hoymercedes.com.ar\/principal\/2019\/06\/04\/la-jornada-entre-escuela-municipal-y-camila-rolon-fue-interrumpida-por-la-lluvia\/61995419_2801766003199124_5638050028120440832_n\/#main\" data-orig-file=\"https:\/\/www.hoymercedes.com.ar\/principal\/wp-content\/uploads\/2019\/06\/61995419_2801766003199124_5638050028120440832_n.jpg\" data-orig-size=\"960,720\" data-comments-opened=\"0\" data-image-meta=\"{&quot;aperture&quot;:&quot;0&quot;,&quot;credit&quot;:&quot;&quot;,&quot;camera&quot;:&quot;&quot;,&quot;caption&quot;:&quot;&quot;,&quot;created_timestamp&quot;:&quot;0&quot;,&quot;copyright&quot;:&quot;&quot;,&quot;focal_length&quot;:&quot;0&quot;,&quot;iso&quot;:&quot;0&quot;,&quot;shutter_speed&quot;:&quot;0&quot;,&quot;title&quot;:&quot;&quot;,&quot;orientation&quot;:&quot;0&quot;}\" data-image-title=\"61995419_2801766003199124_5638050028120440832_n\" data-image-description=\"\" data-image-caption=\"\" data-large-file=\"https:\/\/www.hoymercedes.com.ar\/principal\/wp-content\/uploads\/2019\/06\/61995419_2801766003199124_5638050028120440832_n.jpg\" src=\"https:\/\/www.hoymercedes.com.ar\/principal\/wp-content\/uploads\/2019\/06\/61995419_2801766003199124_5638050028120440832_n.jpg\" alt=\"\" data-id=\"94396\" data-link=\"https:\/\/www.hoymercedes.com.ar\/principal\/?attachment_id=94396\" class=\"wp-image-94396\" srcset=\"https:\/\/www.hoymercedes.com.ar\/principal\/wp-content\/uploads\/2019\/06\/61995419_2801766003199124_5638050028120440832_n.jpg 960w, https:\/\/www.hoymercedes.com.ar\/principal\/wp-content\/uploads\/2019\/06\/61995419_2801766003199124_5638050028120440832_n-150x113.jpg 150w, https:\/\/www.hoymercedes.com.ar\/principal\/wp-content\/uploads\/2019\/06\/61995419_2801766003199124_5638050028120440832_n-630x473.jpg 630w, https:\/\/www.hoymercedes.com.ar\/principal\/wp-content\/uploads\/2019\/06\/61995419_2801766003199124_5638050028120440832_n-320x240.jpg 320w, https:\/\/www.hoymercedes.com.ar\/principal\/wp-content\/uploads\/2019\/06\/61995419_2801766003199124_5638050028120440832_n-100x75.jpg 100w\" sizes=\"auto, (max-width: 960px) 100vw, 960px\" \/><\/figure><\/li><li class=\"blocks-gallery-item\"><figure><img loading=\"lazy\" decoding=\"async\" width=\"960\" height=\"720\" data-attachment-id=\"94397\" data-permalink=\"https:\/\/www.hoymercedes.com.ar\/principal\/2019\/06\/04\/la-jornada-entre-escuela-municipal-y-camila-rolon-fue-interrumpida-por-la-lluvia\/61757317_2801765866532471_759684748640518144_n\/#main\" data-orig-file=\"https:\/\/www.hoymercedes.com.ar\/principal\/wp-content\/uploads\/2019\/06\/61757317_2801765866532471_759684748640518144_n.jpg\" data-orig-size=\"960,720\" data-comments-opened=\"0\" data-image-meta=\"{&quot;aperture&quot;:&quot;0&quot;,&quot;credit&quot;:&quot;&quot;,&quot;camera&quot;:&quot;&quot;,&quot;caption&quot;:&quot;&quot;,&quot;created_timestamp&quot;:&quot;0&quot;,&quot;copyright&quot;:&quot;&quot;,&quot;focal_length&quot;:&quot;0&quot;,&quot;iso&quot;:&quot;0&quot;,&quot;shutter_speed&quot;:&quot;0&quot;,&quot;title&quot;:&quot;&quot;,&quot;orientation&quot;:&quot;0&quot;}\" data-image-title=\"61757317_2801765866532471_759684748640518144_n\" data-image-description=\"\" data-image-caption=\"\" data-large-file=\"https:\/\/www.hoymercedes.com.ar\/principal\/wp-content\/uploads\/2019\/06\/61757317_2801765866532471_759684748640518144_n.jpg\" src=\"https:\/\/www.hoymercedes.com.ar\/principal\/wp-content\/uploads\/2019\/06\/61757317_2801765866532471_759684748640518144_n.jpg\" alt=\"\" data-id=\"94397\" data-link=\"https:\/\/www.hoymercedes.com.ar\/principal\/?attachment_id=94397\" class=\"wp-image-94397\" srcset=\"https:\/\/www.hoymercedes.com.ar\/principal\/wp-content\/uploads\/2019\/06\/61757317_2801765866532471_759684748640518144_n.jpg 960w, https:\/\/www.hoymercedes.com.ar\/principal\/wp-content\/uploads\/2019\/06\/61757317_2801765866532471_759684748640518144_n-150x113.jpg 150w, https:\/\/www.hoymercedes.com.ar\/principal\/wp-content\/uploads\/2019\/06\/61757317_2801765866532471_759684748640518144_n-630x473.jpg 630w, https:\/\/www.hoymercedes.com.ar\/principal\/wp-content\/uploads\/2019\/06\/61757317_2801765866532471_759684748640518144_n-320x240.jpg 320w, https:\/\/www.hoymercedes.com.ar\/principal\/wp-content\/uploads\/2019\/06\/61757317_2801765866532471_759684748640518144_n-100x75.jpg 100w\" sizes=\"auto, (max-width: 960px) 100vw, 960px\" \/><\/figure><\/li><li class=\"blocks-gallery-item\"><figure><img loading=\"lazy\" decoding=\"async\" width=\"960\" height=\"720\" data-attachment-id=\"94398\" data-permalink=\"https:\/\/www.hoymercedes.com.ar\/principal\/2019\/06\/04\/la-jornada-entre-escuela-municipal-y-camila-rolon-fue-interrumpida-por-la-lluvia\/61700596_2801765733199151_3217842248951529472_n\/#main\" data-orig-file=\"https:\/\/www.hoymercedes.com.ar\/principal\/wp-content\/uploads\/2019\/06\/61700596_2801765733199151_3217842248951529472_n.jpg\" data-orig-size=\"960,720\" data-comments-opened=\"0\" data-image-meta=\"{&quot;aperture&quot;:&quot;0&quot;,&quot;credit&quot;:&quot;&quot;,&quot;camera&quot;:&quot;&quot;,&quot;caption&quot;:&quot;&quot;,&quot;created_timestamp&quot;:&quot;0&quot;,&quot;copyright&quot;:&quot;&quot;,&quot;focal_length&quot;:&quot;0&quot;,&quot;iso&quot;:&quot;0&quot;,&quot;shutter_speed&quot;:&quot;0&quot;,&quot;title&quot;:&quot;&quot;,&quot;orientation&quot;:&quot;0&quot;}\" data-image-title=\"61700596_2801765733199151_3217842248951529472_n\" data-image-description=\"\" data-image-caption=\"\" data-large-file=\"https:\/\/www.hoymercedes.com.ar\/principal\/wp-content\/uploads\/2019\/06\/61700596_2801765733199151_3217842248951529472_n.jpg\" src=\"https:\/\/www.hoymercedes.com.ar\/principal\/wp-content\/uploads\/2019\/06\/61700596_2801765733199151_3217842248951529472_n.jpg\" alt=\"\" data-id=\"94398\" data-link=\"https:\/\/www.hoymercedes.com.ar\/principal\/?attachment_id=94398\" class=\"wp-image-94398\" srcset=\"https:\/\/www.hoymercedes.com.ar\/principal\/wp-content\/uploads\/2019\/06\/61700596_2801765733199151_3217842248951529472_n.jpg 960w, https:\/\/www.hoymercedes.com.ar\/principal\/wp-content\/uploads\/2019\/06\/61700596_2801765733199151_3217842248951529472_n-150x113.jpg 150w, https:\/\/www.hoymercedes.com.ar\/principal\/wp-content\/uploads\/2019\/06\/61700596_2801765733199151_3217842248951529472_n-630x473.jpg 630w, https:\/\/www.hoymercedes.com.ar\/principal\/wp-content\/uploads\/2019\/06\/61700596_2801765733199151_3217842248951529472_n-320x240.jpg 320w, https:\/\/www.hoymercedes.com.ar\/principal\/wp-content\/uploads\/2019\/06\/61700596_2801765733199151_3217842248951529472_n-100x75.jpg 100w\" sizes=\"auto, (max-width: 960px) 100vw, 960px\" \/><\/figure><\/li><li class=\"blocks-gallery-item\"><figure><img loading=\"lazy\" decoding=\"async\" width=\"960\" height=\"720\" data-attachment-id=\"94399\" data-permalink=\"https:\/\/www.hoymercedes.com.ar\/principal\/2019\/06\/04\/la-jornada-entre-escuela-municipal-y-camila-rolon-fue-interrumpida-por-la-lluvia\/61686091_2801765526532505_5228838119821803520_n\/#main\" data-orig-file=\"https:\/\/www.hoymercedes.com.ar\/principal\/wp-content\/uploads\/2019\/06\/61686091_2801765526532505_5228838119821803520_n.jpg\" data-orig-size=\"960,720\" data-comments-opened=\"0\" data-image-meta=\"{&quot;aperture&quot;:&quot;0&quot;,&quot;credit&quot;:&quot;&quot;,&quot;camera&quot;:&quot;&quot;,&quot;caption&quot;:&quot;&quot;,&quot;created_timestamp&quot;:&quot;0&quot;,&quot;copyright&quot;:&quot;&quot;,&quot;focal_length&quot;:&quot;0&quot;,&quot;iso&quot;:&quot;0&quot;,&quot;shutter_speed&quot;:&quot;0&quot;,&quot;title&quot;:&quot;&quot;,&quot;orientation&quot;:&quot;0&quot;}\" data-image-title=\"61686091_2801765526532505_5228838119821803520_n\" data-image-description=\"\" data-image-caption=\"\" data-large-file=\"https:\/\/www.hoymercedes.com.ar\/principal\/wp-content\/uploads\/2019\/06\/61686091_2801765526532505_5228838119821803520_n.jpg\" src=\"https:\/\/www.hoymercedes.com.ar\/principal\/wp-content\/uploads\/2019\/06\/61686091_2801765526532505_5228838119821803520_n.jpg\" alt=\"\" data-id=\"94399\" data-link=\"https:\/\/www.hoymercedes.com.ar\/principal\/?attachment_id=94399\" class=\"wp-image-94399\" srcset=\"https:\/\/www.hoymercedes.com.ar\/principal\/wp-content\/uploads\/2019\/06\/61686091_2801765526532505_5228838119821803520_n.jpg 960w, https:\/\/www.hoymercedes.com.ar\/principal\/wp-content\/uploads\/2019\/06\/61686091_2801765526532505_5228838119821803520_n-150x113.jpg 150w, https:\/\/www.hoymercedes.com.ar\/principal\/wp-content\/uploads\/2019\/06\/61686091_2801765526532505_5228838119821803520_n-630x473.jpg 630w, https:\/\/www.hoymercedes.com.ar\/principal\/wp-content\/uploads\/2019\/06\/61686091_2801765526532505_5228838119821803520_n-320x240.jpg 320w, https:\/\/www.hoymercedes.com.ar\/principal\/wp-content\/uploads\/2019\/06\/61686091_2801765526532505_5228838119821803520_n-100x75.jpg 100w\" sizes=\"auto, (max-width: 960px) 100vw, 960px\" \/><\/figure><\/li><li class=\"blocks-gallery-item\"><figure><img loading=\"lazy\" decoding=\"async\" width=\"960\" height=\"720\" data-attachment-id=\"94400\" data-permalink=\"https:\/\/www.hoymercedes.com.ar\/principal\/2019\/06\/04\/la-jornada-entre-escuela-municipal-y-camila-rolon-fue-interrumpida-por-la-lluvia\/61913421_2801765319865859_1175307973665226752_n\/#main\" data-orig-file=\"https:\/\/www.hoymercedes.com.ar\/principal\/wp-content\/uploads\/2019\/06\/61913421_2801765319865859_1175307973665226752_n.jpg\" data-orig-size=\"960,720\" data-comments-opened=\"0\" data-image-meta=\"{&quot;aperture&quot;:&quot;0&quot;,&quot;credit&quot;:&quot;&quot;,&quot;camera&quot;:&quot;&quot;,&quot;caption&quot;:&quot;&quot;,&quot;created_timestamp&quot;:&quot;0&quot;,&quot;copyright&quot;:&quot;&quot;,&quot;focal_length&quot;:&quot;0&quot;,&quot;iso&quot;:&quot;0&quot;,&quot;shutter_speed&quot;:&quot;0&quot;,&quot;title&quot;:&quot;&quot;,&quot;orientation&quot;:&quot;0&quot;}\" data-image-title=\"61913421_2801765319865859_1175307973665226752_n\" data-image-description=\"\" data-image-caption=\"\" data-large-file=\"https:\/\/www.hoymercedes.com.ar\/principal\/wp-content\/uploads\/2019\/06\/61913421_2801765319865859_1175307973665226752_n.jpg\" src=\"https:\/\/www.hoymercedes.com.ar\/principal\/wp-content\/uploads\/2019\/06\/61913421_2801765319865859_1175307973665226752_n.jpg\" alt=\"\" data-id=\"94400\" data-link=\"https:\/\/www.hoymercedes.com.ar\/principal\/?attachment_id=94400\" class=\"wp-image-94400\" srcset=\"https:\/\/www.hoymercedes.com.ar\/principal\/wp-content\/uploads\/2019\/06\/61913421_2801765319865859_1175307973665226752_n.jpg 960w, https:\/\/www.hoymercedes.com.ar\/principal\/wp-content\/uploads\/2019\/06\/61913421_2801765319865859_1175307973665226752_n-150x113.jpg 150w, https:\/\/www.hoymercedes.com.ar\/principal\/wp-content\/uploads\/2019\/06\/61913421_2801765319865859_1175307973665226752_n-630x473.jpg 630w, https:\/\/www.hoymercedes.com.ar\/principal\/wp-content\/uploads\/2019\/06\/61913421_2801765319865859_1175307973665226752_n-320x240.jpg 320w, https:\/\/www.hoymercedes.com.ar\/principal\/wp-content\/uploads\/2019\/06\/61913421_2801765319865859_1175307973665226752_n-100x75.jpg 100w\" sizes=\"auto, (max-width: 960px) 100vw, 960px\" \/><\/figure><\/li><\/ul>\n","protected":false},"excerpt":{"rendered":"<p>En la tarde del jueves los equipos femeninos de la Escuela Municipal de Handball recibieron en su cancha al Instituto &#8230; <a title=\"La jornada entre Escuela Municipal y Camila Rol\u00f3n fue interrumpida por la lluvia\" class=\"read-more\" href=\"https:\/\/www.hoymercedes.com.ar\/principal\/2019\/06\/04\/la-jornada-entre-escuela-municipal-y-camila-rolon-fue-interrumpida-por-la-lluvia\/\" aria-label=\"Leer m\u00e1s sobre La jornada entre Escuela Municipal y Camila Rol\u00f3n fue interrumpida por la lluvia\">Leer m\u00e1s<\/a><\/p>\n","protected":false},"author":1,"featured_media":94395,"comment_status":"closed","ping_status":"open","sticky":false,"template":"","format":"standard","meta":{"_monsterinsights_skip_tracking":false,"_monsterinsights_sitenote_active":false,"_monsterinsights_sitenote_note":"","_monsterinsights_sitenote_category":0,"jetpack_post_was_ever_published":false,"_jetpack_newsletter_access":"","_jetpack_dont_email_post_to_subs":false,"_jetpack_newsletter_tier_id":0,"_jetpack_memberships_contains_paywalled_content":false,"_jetpack_memberships_contains_paid_content":false,"footnotes":"","jetpack_publicize_message":"","jetpack_publicize_feature_enabled":true,"jetpack_social_post_already_shared":true,"jetpack_social_options":{"image_generator_settings":{"template":"highway","default_image_id":0,"font":"","enabled":false},"version":2},"_wpas_customize_per_network":false},"categories":[21],"tags":[14,15011,9371],"class_list":["post-94394","post","type-post","status-publish","format-standard","has-post-thumbnail","hentry","category-deportes","tag-camila-rolon","tag-escuela-municipal-handball","tag-limeba","generate-columns","tablet-grid-50","mobile-grid-100","grid-parent","grid-50"],"jetpack_publicize_connections":[],"jetpack_featured_media_url":"https:\/\/www.hoymercedes.com.ar\/principal\/wp-content\/uploads\/2019\/06\/61286520_2801765213199203_2080815597968424960_n.jpg","wps_subtitle":"Handball","jetpack_sharing_enabled":true,"_links":{"self":[{"href":"https:\/\/www.hoymercedes.com.ar\/principal\/wp-json\/wp\/v2\/posts\/94394","targetHints":{"allow":["GET"]}}],"collection":[{"href":"https:\/\/www.hoymercedes.com.ar\/principal\/wp-json\/wp\/v2\/posts"}],"about":[{"href":"https:\/\/www.hoymercedes.com.ar\/principal\/wp-json\/wp\/v2\/types\/post"}],"author":[{"embeddable":true,"href":"https:\/\/www.hoymercedes.com.ar\/principal\/wp-json\/wp\/v2\/users\/1"}],"replies":[{"embeddable":true,"href":"https:\/\/www.hoymercedes.com.ar\/principal\/wp-json\/wp\/v2\/comments?post=94394"}],"version-history":[{"count":0,"href":"https:\/\/www.hoymercedes.com.ar\/principal\/wp-json\/wp\/v2\/posts\/94394\/revisions"}],"wp:featuredmedia":[{"embeddable":true,"href":"https:\/\/www.hoymercedes.com.ar\/principal\/wp-json\/wp\/v2\/media\/94395"}],"wp:attachment":[{"href":"https:\/\/www.hoymercedes.com.ar\/principal\/wp-json\/wp\/v2\/media?parent=94394"}],"wp:term":[{"taxonomy":"category","embeddable":true,"href":"https:\/\/www.hoymercedes.com.ar\/principal\/wp-json\/wp\/v2\/categories?post=94394"},{"taxonomy":"post_tag","embeddable":true,"href":"https:\/\/www.hoymercedes.com.ar\/principal\/wp-json\/wp\/v2\/tags?post=94394"}],"curies":[{"name":"wp","href":"https:\/\/api.w.org\/{rel}","templated":true}]}}