{"id":94425,"date":"2019-06-07T11:00:31","date_gmt":"2019-06-07T14:00:31","guid":{"rendered":"http:\/\/www.hoymercedes.com.ar\/principal\/?p=94425"},"modified":"2019-06-07T09:28:14","modified_gmt":"2019-06-07T12:28:14","slug":"carolina-pinta-calala-canta","status":"publish","type":"post","link":"https:\/\/www.hoymercedes.com.ar\/principal\/2019\/06\/07\/carolina-pinta-calala-canta\/","title":{"rendered":"Carolina pinta, Calala canta"},"content":{"rendered":"\n<p>Los colores que propone Carolina Garc\u00eda dar\u00e1n marco a la m\u00fasica de Carlos \u00abCalala\u00bb Luna este lunes 10 de junio en la sede del sindicato AEFIP. Desde la hora 19, en calle 28 casi 31, \u00abCarolina Pinta, Calala Canta\u00bb es el espect\u00e1culo que llevar\u00e1n adelante la artista pl\u00e1stica y el m\u00fasico-periodista. <\/p>\n\n\n\n<p>\u00abRosas, verdes, celestes, imprimen los pinceles de Carolina, imaginando los hados y princesas que su arte descubrir\u00e1. &#8216;No me alcanza con ser tu amigo&#8217; desliza la grabaci\u00f3n que viene ensayando Calala, para este evento\u00bb, explican. <\/p>\n\n\n\n<p>Nueve canciones sumar\u00e1 Luna en el estilo de b\u00fasqueda que se aparta de los caminos conocidos.  \u00abLos temas que voy a desarrollar corresponden a mi quinto disco &#8216;A La Cal 5&#8217;, aclarando que ya he presentado &#8216;A La Cal 6&#8217; y &#8216;A La Cal 7&#8217;. Como todos mis siete discos, es producto del azar donde mezclo los recientes con los que compuse hace m\u00e1s de 50 a\u00f1os; en \u00e9ste caso, est\u00e1 incluido el tema &#8216;Lunares&#8217; que hice para aquel mi programa radial pionero donde hace 20 a\u00f1os difund\u00eda \u00fanica y exclusivamente m\u00fasica mercedina\u00bb, cont\u00f3 Calala.<\/p>\n\n\n\n<p>Por su parte Carolina Garc\u00eda quien tiene una larga trayectoria en.distintas facetas art\u00edsticas como poeta, escritora, bailarina, actriz, artesana y organizadora de espect\u00e1culos. Recientemente gan\u00f3 el segundo premio en el concurso de manchas que organizaron los amigos del Museo de Arte. <\/p>\n\n\n\n<p><\/p>\n","protected":false},"excerpt":{"rendered":"<p>Los colores que propone Carolina Garc\u00eda dar\u00e1n marco a la m\u00fasica de Carlos \u00abCalala\u00bb Luna este lunes 10 de junio &#8230; <a title=\"Carolina pinta, Calala canta\" class=\"read-more\" href=\"https:\/\/www.hoymercedes.com.ar\/principal\/2019\/06\/07\/carolina-pinta-calala-canta\/\" aria-label=\"Leer m\u00e1s sobre Carolina pinta, Calala canta\">Leer m\u00e1s<\/a><\/p>\n","protected":false},"author":1,"featured_media":94604,"comment_status":"closed","ping_status":"open","sticky":false,"template":"","format":"standard","meta":{"_monsterinsights_skip_tracking":false,"_monsterinsights_sitenote_active":false,"_monsterinsights_sitenote_note":"","_monsterinsights_sitenote_category":0,"jetpack_post_was_ever_published":false,"_jetpack_newsletter_access":"","_jetpack_dont_email_post_to_subs":false,"_jetpack_newsletter_tier_id":0,"_jetpack_memberships_contains_paywalled_content":false,"_jetpack_memberships_contains_paid_content":false,"footnotes":"","jetpack_publicize_message":"","jetpack_publicize_feature_enabled":true,"jetpack_social_post_already_shared":true,"jetpack_social_options":{"image_generator_settings":{"template":"highway","default_image_id":0,"font":"","enabled":false},"version":2},"_wpas_customize_per_network":false},"categories":[104],"tags":[7805,8539,9056],"class_list":["post-94425","post","type-post","status-publish","format-standard","has-post-thumbnail","hentry","category-cultura","tag-cultura","tag-musica","tag-pintura","generate-columns","tablet-grid-50","mobile-grid-100","grid-parent","grid-50"],"jetpack_publicize_connections":[],"jetpack_featured_media_url":"https:\/\/www.hoymercedes.com.ar\/principal\/wp-content\/uploads\/2019\/06\/06-calala.jpg","wps_subtitle":"","jetpack_sharing_enabled":true,"_links":{"self":[{"href":"https:\/\/www.hoymercedes.com.ar\/principal\/wp-json\/wp\/v2\/posts\/94425","targetHints":{"allow":["GET"]}}],"collection":[{"href":"https:\/\/www.hoymercedes.com.ar\/principal\/wp-json\/wp\/v2\/posts"}],"about":[{"href":"https:\/\/www.hoymercedes.com.ar\/principal\/wp-json\/wp\/v2\/types\/post"}],"author":[{"embeddable":true,"href":"https:\/\/www.hoymercedes.com.ar\/principal\/wp-json\/wp\/v2\/users\/1"}],"replies":[{"embeddable":true,"href":"https:\/\/www.hoymercedes.com.ar\/principal\/wp-json\/wp\/v2\/comments?post=94425"}],"version-history":[{"count":0,"href":"https:\/\/www.hoymercedes.com.ar\/principal\/wp-json\/wp\/v2\/posts\/94425\/revisions"}],"wp:featuredmedia":[{"embeddable":true,"href":"https:\/\/www.hoymercedes.com.ar\/principal\/wp-json\/wp\/v2\/media\/94604"}],"wp:attachment":[{"href":"https:\/\/www.hoymercedes.com.ar\/principal\/wp-json\/wp\/v2\/media?parent=94425"}],"wp:term":[{"taxonomy":"category","embeddable":true,"href":"https:\/\/www.hoymercedes.com.ar\/principal\/wp-json\/wp\/v2\/categories?post=94425"},{"taxonomy":"post_tag","embeddable":true,"href":"https:\/\/www.hoymercedes.com.ar\/principal\/wp-json\/wp\/v2\/tags?post=94425"}],"curies":[{"name":"wp","href":"https:\/\/api.w.org\/{rel}","templated":true}]}}