{"id":94430,"date":"2019-06-04T19:30:13","date_gmt":"2019-06-04T22:30:13","guid":{"rendered":"http:\/\/www.hoymercedes.com.ar\/principal\/?p=94430"},"modified":"2019-06-04T17:59:15","modified_gmt":"2019-06-04T20:59:15","slug":"recordatorio-amer-francisco-curro-iriart-2","status":"publish","type":"post","link":"https:\/\/www.hoymercedes.com.ar\/principal\/2019\/06\/04\/recordatorio-amer-francisco-curro-iriart-2\/","title":{"rendered":"Recordatorio: Amer Francisco \u00abCurro\u00bb Iriart"},"content":{"rendered":"\n<figure class=\"wp-block-image\"><img loading=\"lazy\" decoding=\"async\" width=\"620\" height=\"711\" data-attachment-id=\"42248\" data-permalink=\"https:\/\/www.hoymercedes.com.ar\/principal\/2015\/06\/04\/amer-francisco-curro-iriart-a-38-anos-de-su-desaparicion\/curroiriart\/#main\" data-orig-file=\"https:\/\/www.hoymercedes.com.ar\/principal\/wp-content\/uploads\/2015\/06\/curroiriart.jpg\" data-orig-size=\"620,711\" data-comments-opened=\"1\" data-image-meta=\"{&quot;aperture&quot;:&quot;0&quot;,&quot;credit&quot;:&quot;&quot;,&quot;camera&quot;:&quot;&quot;,&quot;caption&quot;:&quot;&quot;,&quot;created_timestamp&quot;:&quot;0&quot;,&quot;copyright&quot;:&quot;&quot;,&quot;focal_length&quot;:&quot;0&quot;,&quot;iso&quot;:&quot;0&quot;,&quot;shutter_speed&quot;:&quot;0&quot;,&quot;title&quot;:&quot;&quot;,&quot;orientation&quot;:&quot;0&quot;}\" data-image-title=\"curroiriart\" data-image-description=\"\" data-image-caption=\"\" data-large-file=\"https:\/\/www.hoymercedes.com.ar\/principal\/wp-content\/uploads\/2015\/06\/curroiriart.jpg\" src=\"https:\/\/www.hoymercedes.com.ar\/principal\/wp-content\/uploads\/2015\/06\/curroiriart.jpg\" alt=\"\" class=\"wp-image-42248\" srcset=\"https:\/\/www.hoymercedes.com.ar\/principal\/wp-content\/uploads\/2015\/06\/curroiriart.jpg 620w, https:\/\/www.hoymercedes.com.ar\/principal\/wp-content\/uploads\/2015\/06\/curroiriart-131x150.jpg 131w, https:\/\/www.hoymercedes.com.ar\/principal\/wp-content\/uploads\/2015\/06\/curroiriart-541x620.jpg 541w, https:\/\/www.hoymercedes.com.ar\/principal\/wp-content\/uploads\/2015\/06\/curroiriart-253x290.jpg 253w, https:\/\/www.hoymercedes.com.ar\/principal\/wp-content\/uploads\/2015\/06\/curroiriart-44x50.jpg 44w\" sizes=\"auto, (max-width: 620px) 100vw, 620px\" \/><\/figure>\n\n\n\n<p style=\"text-align:center\">AMER FRANCISCO \u201cCURRO\u201d IRIART <br>A 42 a\u00f1os de su desaparici\u00f3n<br>04 -06 -1977, a los 26 a\u00f1os de edad<\/p>\n\n\n\n<p><strong>Amer Francisco \u201cCurro\u201d Iriart<\/strong> naci\u00f3 en\nMercedes, provincia de Buenos Aires el 4 de mayo de 1951. Su infancia y\njuventud transcurri\u00f3 en un barrio c\u00e9ntrico de la ciudad, en calle 28 entre 25 y\n27. All\u00ed creci\u00f3 junto a sus padres, Amer y Mary Iriart, su hermana Nora, su\nabuela materna, familiares y amigos de la familia, para quienes siempre estuvo\nabierta la casa, y en cuya vereda se ha colocado una baldosa en su memoria, que\nlo recuerda.<\/p>\n\n\n\n<p>Curs\u00f3 sus estudios primarios\nen la Escuela N\u00b0 10 y los secundarios en el Colegio Nacional \u201cFlorentino\nAmeghino\u201d, siendo su abanderado. Inici\u00f3 sus estudios universitarios en la\nciudad de Buenos Aires, cursando hasta 3\u00b0 a\u00f1o de Ingenier\u00eda y luego hizo dos\na\u00f1os de Sociolog\u00eda. Trabajaba como cadete en una firma comercial y estudiaba\nteatro.<\/p>\n\n\n\n<p>En Mercedes fue fundador y\nprincipal referente de la organizaci\u00f3n de la Juventud Peronista.<\/p>\n\n\n\n<p>En el a\u00f1o 1974 se cas\u00f3 con\nMar\u00eda Mercedes Ju\u00e1rez y en 1976 naci\u00f3 su hija Paula Martina Iriart, con quien\ns\u00f3lo pudo compartir sus primeros meses de vida.<\/p>\n\n\n\n<p>A los 26 a\u00f1os de edad fue\nsecuestrado y desaparecido en Capital Federal el 4 de junio de 1977.<\/p>\n\n\n\n<p>Queremos destacar que sus\nvirtudes personales de militante comprometido, altruista, humilde y\nsolidario han sido&nbsp; cualidades siempre\npresentes en el recuerdo de quienes lo conocieron y &nbsp;le otorgan al entra\u00f1able \u201cCurro\u201d un meritorio reconocimiento\nen su rol de dirigente pol\u00edtico de la juventud peronista mercedina. <\/p>\n\n\n\n<p>A un nuevo aniversario de su\ndesaparici\u00f3n, por \u00e9l y por los 30.000 compa\u00f1eros detenidos-desaparecidos y\nasesinados decimos \u00a1PRESENTE! No olvidamos, sostenemos la memoria, reclamamos\nla verdad, luchamos contra la impunidad y exigimos juicio y castigo a todos los\nculpables.<\/p>\n\n\n\n<p style=\"text-align:center\"><strong>Memoria, Verdad y Justicia<\/strong><br><strong>Comisi\u00f3n Municipal por la Memoria de Mercedes<\/strong><\/p>\n","protected":false},"excerpt":{"rendered":"<p>AMER FRANCISCO \u201cCURRO\u201d IRIART A 42 a\u00f1os de su desaparici\u00f3n04 -06 -1977, a los 26 a\u00f1os de edad Amer Francisco &#8230; <a title=\"Recordatorio: Amer Francisco \u00abCurro\u00bb Iriart\" class=\"read-more\" href=\"https:\/\/www.hoymercedes.com.ar\/principal\/2019\/06\/04\/recordatorio-amer-francisco-curro-iriart-2\/\" aria-label=\"Leer m\u00e1s sobre Recordatorio: Amer Francisco \u00abCurro\u00bb Iriart\">Leer m\u00e1s<\/a><\/p>\n","protected":false},"author":1,"featured_media":42248,"comment_status":"closed","ping_status":"open","sticky":false,"template":"","format":"standard","meta":{"_monsterinsights_skip_tracking":false,"_monsterinsights_sitenote_active":false,"_monsterinsights_sitenote_note":"","_monsterinsights_sitenote_category":0,"jetpack_post_was_ever_published":false,"_jetpack_newsletter_access":"","_jetpack_dont_email_post_to_subs":false,"_jetpack_newsletter_tier_id":0,"_jetpack_memberships_contains_paywalled_content":false,"_jetpack_memberships_contains_paid_content":false,"footnotes":"","jetpack_publicize_message":"","jetpack_publicize_feature_enabled":true,"jetpack_social_post_already_shared":true,"jetpack_social_options":{"image_generator_settings":{"template":"highway","default_image_id":0,"font":"","enabled":false},"version":2},"_wpas_customize_per_network":false},"categories":[8],"tags":[9826,9744],"class_list":["post-94430","post","type-post","status-publish","format-standard","has-post-thumbnail","hentry","category-sociedad","tag-comision-por-la-memoria","tag-recordatorio","generate-columns","tablet-grid-50","mobile-grid-100","grid-parent","grid-50"],"jetpack_publicize_connections":[],"jetpack_featured_media_url":"https:\/\/www.hoymercedes.com.ar\/principal\/wp-content\/uploads\/2015\/06\/curroiriart.jpg","wps_subtitle":"Comisi\u00f3n por la Memoria","jetpack_sharing_enabled":true,"_links":{"self":[{"href":"https:\/\/www.hoymercedes.com.ar\/principal\/wp-json\/wp\/v2\/posts\/94430","targetHints":{"allow":["GET"]}}],"collection":[{"href":"https:\/\/www.hoymercedes.com.ar\/principal\/wp-json\/wp\/v2\/posts"}],"about":[{"href":"https:\/\/www.hoymercedes.com.ar\/principal\/wp-json\/wp\/v2\/types\/post"}],"author":[{"embeddable":true,"href":"https:\/\/www.hoymercedes.com.ar\/principal\/wp-json\/wp\/v2\/users\/1"}],"replies":[{"embeddable":true,"href":"https:\/\/www.hoymercedes.com.ar\/principal\/wp-json\/wp\/v2\/comments?post=94430"}],"version-history":[{"count":0,"href":"https:\/\/www.hoymercedes.com.ar\/principal\/wp-json\/wp\/v2\/posts\/94430\/revisions"}],"wp:featuredmedia":[{"embeddable":true,"href":"https:\/\/www.hoymercedes.com.ar\/principal\/wp-json\/wp\/v2\/media\/42248"}],"wp:attachment":[{"href":"https:\/\/www.hoymercedes.com.ar\/principal\/wp-json\/wp\/v2\/media?parent=94430"}],"wp:term":[{"taxonomy":"category","embeddable":true,"href":"https:\/\/www.hoymercedes.com.ar\/principal\/wp-json\/wp\/v2\/categories?post=94430"},{"taxonomy":"post_tag","embeddable":true,"href":"https:\/\/www.hoymercedes.com.ar\/principal\/wp-json\/wp\/v2\/tags?post=94430"}],"curies":[{"name":"wp","href":"https:\/\/api.w.org\/{rel}","templated":true}]}}