{"id":94436,"date":"2019-06-04T21:28:04","date_gmt":"2019-06-05T00:28:04","guid":{"rendered":"http:\/\/www.hoymercedes.com.ar\/principal\/?p=94436"},"modified":"2019-06-04T21:28:07","modified_gmt":"2019-06-05T00:28:07","slug":"kelly-si-no-fuese-por-el-municipio-hoy-los-patrulleros-no-podrian-salir-a-la-calle","status":"publish","type":"post","link":"https:\/\/www.hoymercedes.com.ar\/principal\/2019\/06\/04\/kelly-si-no-fuese-por-el-municipio-hoy-los-patrulleros-no-podrian-salir-a-la-calle\/","title":{"rendered":"Kelly \u201cSi no fuese por el municipio hoy los patrulleros no podr\u00edan salir a la calle\u201d"},"content":{"rendered":"\n<figure class=\"wp-block-image\"><img loading=\"lazy\" decoding=\"async\" width=\"750\" height=\"500\" data-attachment-id=\"87088\" data-permalink=\"https:\/\/www.hoymercedes.com.ar\/principal\/2019\/01\/20\/municipio-de-reunio-con-transporte-de-provincia-por-los-colectivos-locales\/20-josefina-kelly-2\/#main\" data-orig-file=\"https:\/\/www.hoymercedes.com.ar\/principal\/wp-content\/uploads\/2019\/01\/20-josefina-kelly.jpg\" data-orig-size=\"750,500\" data-comments-opened=\"0\" data-image-meta=\"{&quot;aperture&quot;:&quot;3.5&quot;,&quot;credit&quot;:&quot;SEBASTIAN_AMBROSSIO&quot;,&quot;camera&quot;:&quot;&quot;,&quot;caption&quot;:&quot;????????????????????????????????????&quot;,&quot;created_timestamp&quot;:&quot;0&quot;,&quot;copyright&quot;:&quot;Sebastian Ambrossio_&quot;,&quot;focal_length&quot;:&quot;48&quot;,&quot;iso&quot;:&quot;0&quot;,&quot;shutter_speed&quot;:&quot;0.008&quot;,&quot;title&quot;:&quot;&quot;,&quot;orientation&quot;:&quot;1&quot;}\" data-image-title=\"20 josefina kelly\" data-image-description=\"\" data-image-caption=\"&lt;p&gt;????????????????????????????????????&lt;\/p&gt;\n\" data-large-file=\"https:\/\/www.hoymercedes.com.ar\/principal\/wp-content\/uploads\/2019\/01\/20-josefina-kelly.jpg\" src=\"https:\/\/www.hoymercedes.com.ar\/principal\/wp-content\/uploads\/2019\/01\/20-josefina-kelly.jpg\" alt=\"\" class=\"wp-image-87088\" srcset=\"https:\/\/www.hoymercedes.com.ar\/principal\/wp-content\/uploads\/2019\/01\/20-josefina-kelly.jpg 750w, https:\/\/www.hoymercedes.com.ar\/principal\/wp-content\/uploads\/2019\/01\/20-josefina-kelly-150x100.jpg 150w, https:\/\/www.hoymercedes.com.ar\/principal\/wp-content\/uploads\/2019\/01\/20-josefina-kelly-630x420.jpg 630w, https:\/\/www.hoymercedes.com.ar\/principal\/wp-content\/uploads\/2019\/01\/20-josefina-kelly-720x480.jpg 720w, https:\/\/www.hoymercedes.com.ar\/principal\/wp-content\/uploads\/2019\/01\/20-josefina-kelly-360x240.jpg 360w\" sizes=\"auto, (max-width: 750px) 100vw, 750px\" \/><figcaption>Dra. Josefina Kelly<\/figcaption><\/figure>\n\n\n\n<p>La Secretaria de Seguridad Josefina\nKelly confirm\u00f3 que en los primeros seis meses del a\u00f1o la Provincia de Buenos\nAires no envi\u00f3 un solo peso para sostener la Polic\u00eda de la Provincia. El a\u00f1o\npasado ya se hab\u00eda vivido algo similar, donde remitieron casi 2 millones y se\ngastaron m\u00e1s de 13 millones desde fondos municipales, destacaron y remarc\u00f3 que\n\u201ceso no les impide hacer publicidad con hechos que no sucedieron\u201d. <\/p>\n\n\n\n<p>\u201cLa situaci\u00f3n de crisis que vive\necon\u00f3micamente el pa\u00eds la comprendemos todos, pero no el hecho de dejar de\nbrindar por parte de la Provincia aquellos servicios b\u00e1sicos, como es la\nseguridad\u201d, destac\u00f3 la abogada Kelly quien sostuvo que \u201csi no fuera por el\naporte de todos los mercedinos y la decisi\u00f3n pol\u00edtica del intendente Ustarroz,\nhoy la polic\u00eda no tendr\u00eda dinero ni para un litro de nafta, repuestos, papel,\ntinta, neum\u00e1ticos, nada, Vidal no cumple con lo que anuncia en los cortes\npublicitarios. No cumplieron nada de lo comprometido\u201d destac\u00f3 la funcionaria. <\/p>\n\n\n\n<p>La situaci\u00f3n es grave. Iniciamos\nel segundo semestre del a\u00f1o y de recursos \u201cni noticia\u201d afirman desde el Palacio\nMunicipal. Hasta el d\u00eda de hoy no ingreso el dinero necesario para el\nfuncionamiento y el municipio lleva invertido 10.500.000.<\/p>\n\n\n\n<p>\u201cDesde la Municipalidad cada d\u00eda\nse efect\u00faa una erogaci\u00f3n de prepuesto local para pagar los gastos de la\nProvincia\u201d coment\u00f3 Kelly y sostuvo \u201ces preocupante. Porque est\u00e1n desde\nCambiemos en campa\u00f1a, prometen, anuncian, pero es m\u00e1rketing. La realidad\nirrefutable es que el dinero no llega y cuando sucede no alcanza\u201d mencionando\nque \u201cen los \u00faltimos d\u00edas, incluso, vimos dos hechos graves, que generan\nconfusi\u00f3n y hasta miedo en la poblaci\u00f3n\u201d y puntualiz\u00f3 \u201cen las redes sociales\nvimos la publicidad, por ejemplo, que menciona la lucha contra el juego\nclandestino siendo algo que no hicieron ellos,&nbsp;\nsino que lo logr\u00f3 a partir de una decisi\u00f3n pol\u00edtica del intendente con\nintervenci\u00f3n del \u00e1rea de inspecci\u00f3n general, la justicia y la policia. La otra\nes cuando la Polic\u00eda Federal difunde detuvo en Mercedes a personas que se\ndedicaban a la venta de drogas, sin embargo, la Ministra Bullrich anunci\u00f3 era\nen Mercedes y fue en suipacha y lo mismo hicieron varios referentes de\ncambiemos mercedes, cuesti\u00f3n que muestra no se informan c\u00f3mo corresponde. S\u00f3lo\nquieren vender, mostrar aunque ello implique faltar a la verdad\u201d, expres\u00f3 la\nfuncionaria.<\/p>\n\n\n\n<p>M\u00e1s adelante sostuvo \u201cnosotros\npodemos mostrar hechos, n\u00fameros y datos concretos. No hacemos la foto. No\nfaltamos a la verdad. Con errores y aciertos sabemos lo que hacemos. Fuimos el\nprimer municipio de toda la provincia en presentar el plan integral de\nseguridad y se est\u00e1 cumpliendo en su totalidad. Nos sentimos orgullos del\nequipo conformado, del compromiso, por eso a nosotros no nos enga\u00f1an. Sabemos\nqu\u00e9 es real y qu\u00e9 no lo es. Desgraciadamente al vecino, muchas veces, los pueden\nenga\u00f1ar, como hicieron durante toda la campa\u00f1a pasada y hoy sufrimos todos las\nconsecuencias\u201d mencion\u00f3. <\/p>\n\n\n\n<p>Sabemos que las estad\u00edsticas\ndemuestran el aumento del delito en toda la provincia, tenemos informes de la\nProcuracion y hasta funcioanrios del ministerio lo han reconocido y para\nprevenir el delito de necesitan los recursos necesarios para implementar las\ndiferentes pol\u00edticas p\u00fablicas. <\/p>\n\n\n\n<p><strong>Datos duros<\/strong><\/p>\n\n\n\n<p>Durante el 2018, se supo, se\ninvirti\u00f3 en combustible $7.226.419, en repuestos $2.167.000, en mejorar los\nm\u00f3viles $186.000, en alquiler de dep\u00f3sito de autos $604.000, en gr\u00faa $240.000,\ntambi\u00e9n $83.000 en cambio de neum\u00e1ticos y reparaciones, adem\u00e1s de $585.000 en\nlibrer\u00eda, $500.000 de limpieza, reformas edilicias por $20.000, $470.000 en las\nbicicletas y $160.000 en mobiliarios, sin olvidar los $220.000 en las c\u00e1maras\nde las dependencias policiales y $132.000 en comunicaci\u00f3n, entre otros gastos.\nEn cuanto al 2019 se est\u00e1n ejecutando, aproximadamente, gastos por $730.000 en\nla posta de Av.1 y 12bis, $330.000 en cubiertas, $3.980.000 en combustibles, $400.000 en reformas de la comisar\u00eda de la\nmujer, $240.000 en gabinetes de la mujer, $25.000 para sostener el equipo inter\ndiscioplinario, $1.200.000 para la Casa de la Polic\u00eda Rural, $750.000 en\nrepustos para patrulleros, $60.000 en ploteos de m\u00f3viles, $270.000 en gomer\u00eda y\nauxilios,$150.000 para c\u00e1maras en comisar\u00edas y muchos gastos m\u00e1s en un\ndetalle que arriba a los $10.450.000 sin tener una sola contraparte de la\nProvincia de Buenos Aires en lo que son los primeros 6 meses del a\u00f1o.<\/p>\n","protected":false},"excerpt":{"rendered":"<p>La Secretaria de Seguridad Josefina Kelly confirm\u00f3 que en los primeros seis meses del a\u00f1o la Provincia de Buenos Aires &#8230; <a title=\"Kelly \u201cSi no fuese por el municipio hoy los patrulleros no podr\u00edan salir a la calle\u201d\" class=\"read-more\" href=\"https:\/\/www.hoymercedes.com.ar\/principal\/2019\/06\/04\/kelly-si-no-fuese-por-el-municipio-hoy-los-patrulleros-no-podrian-salir-a-la-calle\/\" aria-label=\"Leer m\u00e1s sobre Kelly \u201cSi no fuese por el municipio hoy los patrulleros no podr\u00edan salir a la calle\u201d\">Leer m\u00e1s<\/a><\/p>\n","protected":false},"author":1,"featured_media":87088,"comment_status":"closed","ping_status":"open","sticky":false,"template":"","format":"standard","meta":{"_monsterinsights_skip_tracking":false,"_monsterinsights_sitenote_active":false,"_monsterinsights_sitenote_note":"","_monsterinsights_sitenote_category":0,"jetpack_post_was_ever_published":false,"_jetpack_newsletter_access":"","_jetpack_dont_email_post_to_subs":false,"_jetpack_newsletter_tier_id":0,"_jetpack_memberships_contains_paywalled_content":false,"_jetpack_memberships_contains_paid_content":false,"footnotes":"","jetpack_publicize_message":"","jetpack_publicize_feature_enabled":true,"jetpack_social_post_already_shared":true,"jetpack_social_options":{"image_generator_settings":{"template":"highway","default_image_id":0,"font":"","enabled":false},"version":2},"_wpas_customize_per_network":false},"categories":[30],"tags":[15242,13220],"class_list":["post-94436","post","type-post","status-publish","format-standard","has-post-thumbnail","hentry","category-municipio","tag-fondos-municipales-mercedes","tag-videl","generate-columns","tablet-grid-50","mobile-grid-100","grid-parent","grid-50"],"jetpack_publicize_connections":[],"jetpack_featured_media_url":"https:\/\/www.hoymercedes.com.ar\/principal\/wp-content\/uploads\/2019\/01\/20-josefina-kelly.jpg","wps_subtitle":"Inversi\u00f3n en seguridad ","jetpack_sharing_enabled":true,"_links":{"self":[{"href":"https:\/\/www.hoymercedes.com.ar\/principal\/wp-json\/wp\/v2\/posts\/94436","targetHints":{"allow":["GET"]}}],"collection":[{"href":"https:\/\/www.hoymercedes.com.ar\/principal\/wp-json\/wp\/v2\/posts"}],"about":[{"href":"https:\/\/www.hoymercedes.com.ar\/principal\/wp-json\/wp\/v2\/types\/post"}],"author":[{"embeddable":true,"href":"https:\/\/www.hoymercedes.com.ar\/principal\/wp-json\/wp\/v2\/users\/1"}],"replies":[{"embeddable":true,"href":"https:\/\/www.hoymercedes.com.ar\/principal\/wp-json\/wp\/v2\/comments?post=94436"}],"version-history":[{"count":0,"href":"https:\/\/www.hoymercedes.com.ar\/principal\/wp-json\/wp\/v2\/posts\/94436\/revisions"}],"wp:featuredmedia":[{"embeddable":true,"href":"https:\/\/www.hoymercedes.com.ar\/principal\/wp-json\/wp\/v2\/media\/87088"}],"wp:attachment":[{"href":"https:\/\/www.hoymercedes.com.ar\/principal\/wp-json\/wp\/v2\/media?parent=94436"}],"wp:term":[{"taxonomy":"category","embeddable":true,"href":"https:\/\/www.hoymercedes.com.ar\/principal\/wp-json\/wp\/v2\/categories?post=94436"},{"taxonomy":"post_tag","embeddable":true,"href":"https:\/\/www.hoymercedes.com.ar\/principal\/wp-json\/wp\/v2\/tags?post=94436"}],"curies":[{"name":"wp","href":"https:\/\/api.w.org\/{rel}","templated":true}]}}