{"id":9444,"date":"2011-11-30T01:57:26","date_gmt":"2011-11-30T01:57:26","guid":{"rendered":"http:\/\/www.hoymercedes.com.ar\/principal\/?p=9444"},"modified":"2011-11-30T01:57:26","modified_gmt":"2011-11-30T01:57:26","slug":"estara-en-mercedes-lacteos-y-carnes-para-todos","status":"publish","type":"post","link":"https:\/\/www.hoymercedes.com.ar\/principal\/2011\/11\/30\/estara-en-mercedes-lacteos-y-carnes-para-todos\/","title":{"rendered":"Estar\u00e1 en Mercedes \u00abL\u00e1cteos y Carnes para todos\u00bb"},"content":{"rendered":"<p>Los programas \u201cL\u00e1cteos para todos\u201d y \u201cCarne para todos\u201d, son programas del Gobierno Nacional lanzado en su momento por la Presidente Cristina Fernandez de Kirchner, a cargo del Secretario de Comercio Interior, Guillermo Moreno, con la colaboraci\u00f3n en la coordinaci\u00f3n de la Subsecretaria de Gesti\u00f3n Municipal del Ministerio del Interior, Silvina Ratti.<\/p>\n<p>Por estas horas ya se ha informado que, gracias a gestiones realizadas por el Intendente Municipal Carlos Selva,<\/p>\n<p>estos programas se har\u00e1n presentes en Mercedes, los d\u00edas 2 y 3 de Diciembre.<\/p>\n<p>El primer programa, \u201cL\u00e1cteos para todos\u201d tiene como objetivo que las familias argentinas tengan acceso a los productos alimenticios b\u00e1sicos de la canasta familiar a precios populares, logrando as\u00ed satisfacer los requerimientos nutricionales de la comunidad.<\/p>\n<p>Con la implementaci\u00f3n de \u201cCarne para todos\u201d, se pretende brindar la posibilidad de dar acceso a la carne vacuna, a precios accesibles, a lo largo y a lo ancho de todo el pa\u00eds.<\/p>\n<p>Respecto a los productos y precios que se ofrecer\u00e1n, el sistema utilizado es la implementaci\u00f3n de bolsas o cajas, que contienen diferentes packs. Por ejemplo, lo que ser\u00e1 la Bolsa 1, contendr\u00e1 1 litro de leche, 1 manteca de 100grs, \u00bd Kg de Queso Cremoso, 400 grs de Dulce de leche y 320 grs de Queso Crema, y tendr\u00e1 un costo de $25. En cambio la Bolsa 2 tendr\u00e1 un costo de $50, y contendr\u00e1 1 litro de leche, 1 manteca de 100grs, \u00bd Kg de Queso Cremoso, 400 grs de Dulce de leche, 320 grs de Queso Crema, 1 litro de yogurt y \u00bd kg de Queso Mar del Plata.<\/p>\n<p>En lo que respecta a las carnes, se ofrecer\u00e1n 2 cajas distintas. Una de ellas contendr\u00e1 10kgs de carne con distintos cortes, milanesas, churrasco o carnaza, falda u osobuco, espinazo, bife y asado. Esta caja tendr\u00e1 un valor de $90.<\/p>\n<p>Como opci\u00f3n se ofrecer\u00e1 una caja de 5kgs donde se encontrara osobuco o falda, bife, asado, milanesas y espinazo. Esta \u00faltima ascender\u00e1 a un valor de $55.<\/p>\n<p>El lugar de expendio ser\u00e1 nuevamente la vieja Estaci\u00f3n de La Trocha, en la esquina de avenida 40 esquina 21, y el horario de atenci\u00f3n al publico en nuestra ciudad, ser\u00e1 desde las 8.30hs hasta las 18hs, con una hora de receso para el almuerzo de aquellas personas que estar\u00e1n trabajando en ese lugar.<\/p>\n<p><span style=\"color: #888888;\">Fuente: MM<\/span><\/p>\n","protected":false},"excerpt":{"rendered":"<p>Los programas \u201cL\u00e1cteos para todos\u201d y \u201cCarne para todos\u201d, son programas del Gobierno Nacional lanzado en su momento por la &#8230; <a title=\"Estar\u00e1 en Mercedes \u00abL\u00e1cteos y Carnes para todos\u00bb\" class=\"read-more\" href=\"https:\/\/www.hoymercedes.com.ar\/principal\/2011\/11\/30\/estara-en-mercedes-lacteos-y-carnes-para-todos\/\" aria-label=\"Leer m\u00e1s sobre Estar\u00e1 en Mercedes \u00abL\u00e1cteos y Carnes para todos\u00bb\">Leer m\u00e1s<\/a><\/p>\n","protected":false},"author":1,"featured_media":0,"comment_status":"open","ping_status":"open","sticky":false,"template":"","format":"standard","meta":{"_monsterinsights_skip_tracking":false,"_monsterinsights_sitenote_active":false,"_monsterinsights_sitenote_note":"","_monsterinsights_sitenote_category":0,"jetpack_post_was_ever_published":false,"_jetpack_newsletter_access":"","_jetpack_dont_email_post_to_subs":false,"_jetpack_newsletter_tier_id":0,"_jetpack_memberships_contains_paywalled_content":false,"_jetpack_memberships_contains_paid_content":false,"footnotes":"","jetpack_publicize_message":"","jetpack_publicize_feature_enabled":true,"jetpack_social_post_already_shared":false,"jetpack_social_options":{"image_generator_settings":{"template":"highway","default_image_id":0,"font":"","enabled":false},"version":2},"_wpas_customize_per_network":false},"categories":[8],"tags":[1644],"class_list":["post-9444","post","type-post","status-publish","format-standard","hentry","category-sociedad","tag-carnes-y-lacteos-para-todos","generate-columns","tablet-grid-50","mobile-grid-100","grid-parent","grid-50"],"jetpack_publicize_connections":[],"jetpack_featured_media_url":"","wps_subtitle":"","jetpack_sharing_enabled":true,"_links":{"self":[{"href":"https:\/\/www.hoymercedes.com.ar\/principal\/wp-json\/wp\/v2\/posts\/9444","targetHints":{"allow":["GET"]}}],"collection":[{"href":"https:\/\/www.hoymercedes.com.ar\/principal\/wp-json\/wp\/v2\/posts"}],"about":[{"href":"https:\/\/www.hoymercedes.com.ar\/principal\/wp-json\/wp\/v2\/types\/post"}],"author":[{"embeddable":true,"href":"https:\/\/www.hoymercedes.com.ar\/principal\/wp-json\/wp\/v2\/users\/1"}],"replies":[{"embeddable":true,"href":"https:\/\/www.hoymercedes.com.ar\/principal\/wp-json\/wp\/v2\/comments?post=9444"}],"version-history":[{"count":0,"href":"https:\/\/www.hoymercedes.com.ar\/principal\/wp-json\/wp\/v2\/posts\/9444\/revisions"}],"wp:attachment":[{"href":"https:\/\/www.hoymercedes.com.ar\/principal\/wp-json\/wp\/v2\/media?parent=9444"}],"wp:term":[{"taxonomy":"category","embeddable":true,"href":"https:\/\/www.hoymercedes.com.ar\/principal\/wp-json\/wp\/v2\/categories?post=9444"},{"taxonomy":"post_tag","embeddable":true,"href":"https:\/\/www.hoymercedes.com.ar\/principal\/wp-json\/wp\/v2\/tags?post=9444"}],"curies":[{"name":"wp","href":"https:\/\/api.w.org\/{rel}","templated":true}]}}