{"id":94452,"date":"2019-06-05T15:20:52","date_gmt":"2019-06-05T18:20:52","guid":{"rendered":"http:\/\/www.hoymercedes.com.ar\/principal\/?p=94452"},"modified":"2019-06-04T22:24:04","modified_gmt":"2019-06-05T01:24:04","slug":"este-domingo-habra-hipismo-en-el-parque-independencia","status":"publish","type":"post","link":"https:\/\/www.hoymercedes.com.ar\/principal\/2019\/06\/05\/este-domingo-habra-hipismo-en-el-parque-independencia\/","title":{"rendered":"Este domingo habra hipismo en el Parque Independencia"},"content":{"rendered":"\n<p>El Domingo 9 de junio a partir de las 9, se realizar\u00e1 en el predio del Parque Municipal Independencia el Tercer Encuentro H\u00edpico y de Equitaci\u00f3n Adaptada, en donde esta vez, los anfitriones ser\u00e1n los responsables del Centro Ecuestre y de Equinoterapia Mar\u00eda Silvina, junto a la ayuda de la Municipalidad de Mercedes.<\/p>\n\n\n\n<figure class=\"wp-block-image\"><img loading=\"lazy\" decoding=\"async\" width=\"529\" height=\"529\" data-attachment-id=\"94453\" data-permalink=\"https:\/\/www.hoymercedes.com.ar\/principal\/2019\/06\/05\/este-domingo-habra-hipismo-en-el-parque-independencia\/whatsapp-image-2019-06-02-at-15-11-55\/#main\" data-orig-file=\"https:\/\/www.hoymercedes.com.ar\/principal\/wp-content\/uploads\/2019\/06\/WhatsApp-Image-2019-06-02-at-15.11.55.jpeg\" data-orig-size=\"529,529\" data-comments-opened=\"0\" data-image-meta=\"{&quot;aperture&quot;:&quot;0&quot;,&quot;credit&quot;:&quot;&quot;,&quot;camera&quot;:&quot;&quot;,&quot;caption&quot;:&quot;&quot;,&quot;created_timestamp&quot;:&quot;0&quot;,&quot;copyright&quot;:&quot;&quot;,&quot;focal_length&quot;:&quot;0&quot;,&quot;iso&quot;:&quot;0&quot;,&quot;shutter_speed&quot;:&quot;0&quot;,&quot;title&quot;:&quot;&quot;,&quot;orientation&quot;:&quot;0&quot;}\" data-image-title=\"WhatsApp-Image-2019-06-02-at-15.11.55\" data-image-description=\"\" data-image-caption=\"\" data-large-file=\"https:\/\/www.hoymercedes.com.ar\/principal\/wp-content\/uploads\/2019\/06\/WhatsApp-Image-2019-06-02-at-15.11.55.jpeg\" src=\"https:\/\/www.hoymercedes.com.ar\/principal\/wp-content\/uploads\/2019\/06\/WhatsApp-Image-2019-06-02-at-15.11.55.jpeg\" alt=\"\" class=\"wp-image-94453\" srcset=\"https:\/\/www.hoymercedes.com.ar\/principal\/wp-content\/uploads\/2019\/06\/WhatsApp-Image-2019-06-02-at-15.11.55.jpeg 529w, https:\/\/www.hoymercedes.com.ar\/principal\/wp-content\/uploads\/2019\/06\/WhatsApp-Image-2019-06-02-at-15.11.55-150x150.jpeg 150w, https:\/\/www.hoymercedes.com.ar\/principal\/wp-content\/uploads\/2019\/06\/WhatsApp-Image-2019-06-02-at-15.11.55-100x100.jpeg 100w\" sizes=\"auto, (max-width: 529px) 100vw, 529px\" \/><\/figure>\n\n\n\n<p>La invitaci\u00f3n se hace extensiva a todos los clubes de equitaci\u00f3n mercedinos que quieran participar del evento, y al p\u00fablico en general, ya que la entrada es libre y gratuita.<\/p>\n\n\n\n<p>El evento contar\u00e1 con servicio de cantina a beneficio de la Escuela de Equinoterapia y habr\u00e1 juegos infantiles y sorteos especiales durante todo el evento.<\/p>\n","protected":false},"excerpt":{"rendered":"<p>El Domingo 9 de junio a partir de las 9, se realizar\u00e1 en el predio del Parque Municipal Independencia el &#8230; <a title=\"Este domingo habra hipismo en el Parque Independencia\" class=\"read-more\" href=\"https:\/\/www.hoymercedes.com.ar\/principal\/2019\/06\/05\/este-domingo-habra-hipismo-en-el-parque-independencia\/\" aria-label=\"Leer m\u00e1s sobre Este domingo habra hipismo en el Parque Independencia\">Leer m\u00e1s<\/a><\/p>\n","protected":false},"author":1,"featured_media":94453,"comment_status":"closed","ping_status":"open","sticky":false,"template":"","format":"standard","meta":{"_monsterinsights_skip_tracking":false,"_monsterinsights_sitenote_active":false,"_monsterinsights_sitenote_note":"","_monsterinsights_sitenote_category":0,"jetpack_post_was_ever_published":false,"_jetpack_newsletter_access":"","_jetpack_dont_email_post_to_subs":false,"_jetpack_newsletter_tier_id":0,"_jetpack_memberships_contains_paywalled_content":false,"_jetpack_memberships_contains_paid_content":false,"footnotes":"","jetpack_publicize_message":"","jetpack_publicize_feature_enabled":true,"jetpack_social_post_already_shared":true,"jetpack_social_options":{"image_generator_settings":{"template":"highway","default_image_id":0,"font":"","enabled":false},"version":2},"_wpas_customize_per_network":false},"categories":[21],"tags":[14844,13447,1821],"class_list":["post-94452","post","type-post","status-publish","format-standard","has-post-thumbnail","hentry","category-deportes","tag-ahdo","tag-centro-ecuestre-maria-silvina","tag-equitacion","generate-columns","tablet-grid-50","mobile-grid-100","grid-parent","grid-50"],"jetpack_publicize_connections":[],"jetpack_featured_media_url":"https:\/\/www.hoymercedes.com.ar\/principal\/wp-content\/uploads\/2019\/06\/WhatsApp-Image-2019-06-02-at-15.11.55.jpeg","wps_subtitle":"Equitaci\u00f3n","jetpack_sharing_enabled":true,"_links":{"self":[{"href":"https:\/\/www.hoymercedes.com.ar\/principal\/wp-json\/wp\/v2\/posts\/94452","targetHints":{"allow":["GET"]}}],"collection":[{"href":"https:\/\/www.hoymercedes.com.ar\/principal\/wp-json\/wp\/v2\/posts"}],"about":[{"href":"https:\/\/www.hoymercedes.com.ar\/principal\/wp-json\/wp\/v2\/types\/post"}],"author":[{"embeddable":true,"href":"https:\/\/www.hoymercedes.com.ar\/principal\/wp-json\/wp\/v2\/users\/1"}],"replies":[{"embeddable":true,"href":"https:\/\/www.hoymercedes.com.ar\/principal\/wp-json\/wp\/v2\/comments?post=94452"}],"version-history":[{"count":0,"href":"https:\/\/www.hoymercedes.com.ar\/principal\/wp-json\/wp\/v2\/posts\/94452\/revisions"}],"wp:featuredmedia":[{"embeddable":true,"href":"https:\/\/www.hoymercedes.com.ar\/principal\/wp-json\/wp\/v2\/media\/94453"}],"wp:attachment":[{"href":"https:\/\/www.hoymercedes.com.ar\/principal\/wp-json\/wp\/v2\/media?parent=94452"}],"wp:term":[{"taxonomy":"category","embeddable":true,"href":"https:\/\/www.hoymercedes.com.ar\/principal\/wp-json\/wp\/v2\/categories?post=94452"},{"taxonomy":"post_tag","embeddable":true,"href":"https:\/\/www.hoymercedes.com.ar\/principal\/wp-json\/wp\/v2\/tags?post=94452"}],"curies":[{"name":"wp","href":"https:\/\/api.w.org\/{rel}","templated":true}]}}