{"id":9448,"date":"2011-11-30T02:02:06","date_gmt":"2011-11-30T02:02:06","guid":{"rendered":"http:\/\/www.hoymercedes.com.ar\/principal\/?p=9448"},"modified":"2011-11-30T02:02:06","modified_gmt":"2011-11-30T02:02:06","slug":"bomberos-anuncia-venta-por-licitacion-camion-1114","status":"publish","type":"post","link":"https:\/\/www.hoymercedes.com.ar\/principal\/2011\/11\/30\/bomberos-anuncia-venta-por-licitacion-camion-1114\/","title":{"rendered":"Bomberos anuncia venta por licitaci\u00f3n Cami\u00f3n 1114"},"content":{"rendered":"<p>La Asociaci\u00f3n de Bomberos Voluntarios de Mercedes Vende por licitaci\u00f3n cami\u00f3n\u00a0Mercedes Benz 1114\/36 A\u00f1o 1971 dominio WPJ-511(desarmado con faltantes, motor fundido), siendo el valor base $ 20.000,00.<\/p>\n<p>Por motivos de organizaci\u00f3n se postergo al d\u00eda martes 06 de Diciembre a las 21:00hs\u00a0la apertura de los sobres, que se realizara ante la presencia de Directivos de esta Instituci\u00f3n y de los licitantes.<\/p>\n<p>Para poder ver el cami\u00f3n se podr\u00e1 pasar por la instituci\u00f3n a partir del d\u00eda de la fecha de Lunes a S\u00e1bado en el horario de 08:30 hs. hasta 20:30 hs.<\/p>\n<p>Alfredo Armando BORSALINO O<\/p>\n<p>Secretario Gral.<\/p>\n<p>H\u00e9ctor Pedro DI CECCO<\/p>\n","protected":false},"excerpt":{"rendered":"<p>La Asociaci\u00f3n de Bomberos Voluntarios de Mercedes Vende por licitaci\u00f3n cami\u00f3n\u00a0Mercedes Benz 1114\/36 A\u00f1o 1971 dominio WPJ-511(desarmado con faltantes, motor &#8230; <a title=\"Bomberos anuncia venta por licitaci\u00f3n Cami\u00f3n 1114\" class=\"read-more\" href=\"https:\/\/www.hoymercedes.com.ar\/principal\/2011\/11\/30\/bomberos-anuncia-venta-por-licitacion-camion-1114\/\" aria-label=\"Leer m\u00e1s sobre Bomberos anuncia venta por licitaci\u00f3n Cami\u00f3n 1114\">Leer m\u00e1s<\/a><\/p>\n","protected":false},"author":1,"featured_media":0,"comment_status":"open","ping_status":"open","sticky":false,"template":"","format":"standard","meta":{"_monsterinsights_skip_tracking":false,"_monsterinsights_sitenote_active":false,"_monsterinsights_sitenote_note":"","_monsterinsights_sitenote_category":0,"jetpack_post_was_ever_published":false,"_jetpack_newsletter_access":"","_jetpack_dont_email_post_to_subs":false,"_jetpack_newsletter_tier_id":0,"_jetpack_memberships_contains_paywalled_content":false,"_jetpack_memberships_contains_paid_content":false,"footnotes":"","jetpack_publicize_message":"","jetpack_publicize_feature_enabled":true,"jetpack_social_post_already_shared":false,"jetpack_social_options":{"image_generator_settings":{"template":"highway","default_image_id":0,"font":"","enabled":false},"version":2},"_wpas_customize_per_network":false},"categories":[8],"tags":[287,1645],"class_list":["post-9448","post","type-post","status-publish","format-standard","hentry","category-sociedad","tag-bomberos-mercedes","tag-camion-1114","generate-columns","tablet-grid-50","mobile-grid-100","grid-parent","grid-50"],"jetpack_publicize_connections":[],"jetpack_featured_media_url":"","wps_subtitle":"","jetpack_sharing_enabled":true,"_links":{"self":[{"href":"https:\/\/www.hoymercedes.com.ar\/principal\/wp-json\/wp\/v2\/posts\/9448","targetHints":{"allow":["GET"]}}],"collection":[{"href":"https:\/\/www.hoymercedes.com.ar\/principal\/wp-json\/wp\/v2\/posts"}],"about":[{"href":"https:\/\/www.hoymercedes.com.ar\/principal\/wp-json\/wp\/v2\/types\/post"}],"author":[{"embeddable":true,"href":"https:\/\/www.hoymercedes.com.ar\/principal\/wp-json\/wp\/v2\/users\/1"}],"replies":[{"embeddable":true,"href":"https:\/\/www.hoymercedes.com.ar\/principal\/wp-json\/wp\/v2\/comments?post=9448"}],"version-history":[{"count":0,"href":"https:\/\/www.hoymercedes.com.ar\/principal\/wp-json\/wp\/v2\/posts\/9448\/revisions"}],"wp:attachment":[{"href":"https:\/\/www.hoymercedes.com.ar\/principal\/wp-json\/wp\/v2\/media?parent=9448"}],"wp:term":[{"taxonomy":"category","embeddable":true,"href":"https:\/\/www.hoymercedes.com.ar\/principal\/wp-json\/wp\/v2\/categories?post=9448"},{"taxonomy":"post_tag","embeddable":true,"href":"https:\/\/www.hoymercedes.com.ar\/principal\/wp-json\/wp\/v2\/tags?post=9448"}],"curies":[{"name":"wp","href":"https:\/\/api.w.org\/{rel}","templated":true}]}}