{"id":94488,"date":"2019-06-05T09:23:33","date_gmt":"2019-06-05T12:23:33","guid":{"rendered":"http:\/\/www.hoymercedes.com.ar\/principal\/?p=94488"},"modified":"2019-06-05T15:19:54","modified_gmt":"2019-06-05T18:19:54","slug":"programa-invierno-por-los-barrios","status":"publish","type":"post","link":"https:\/\/www.hoymercedes.com.ar\/principal\/2019\/06\/05\/programa-invierno-por-los-barrios\/","title":{"rendered":"Programa Invierno por los barrios"},"content":{"rendered":"\n<p>El Municipio de Mercedes lanz\u00f3 en el barrio San Mart\u00edn el\u00a0\u00a0\u201cprograma invierno\u201d que lo que intenta es asistir de manera directa a las familias vulnerables de nuestra ciudad. Esta iniciativa est\u00e1 enmarcada dentro de las acciones de atenci\u00f3n y contenci\u00f3n barrial que lleva a delante la Secretaria de Desarrollo Social Municipal. <\/p>\n\n\n\n<figure class=\"wp-block-image\"><img loading=\"lazy\" decoding=\"async\" width=\"750\" height=\"500\" data-attachment-id=\"94489\" data-permalink=\"https:\/\/www.hoymercedes.com.ar\/principal\/2019\/06\/05\/programa-invierno-por-los-barrios\/05-programainvierno\/#main\" data-orig-file=\"https:\/\/www.hoymercedes.com.ar\/principal\/wp-content\/uploads\/2019\/06\/05-ProgramaInvierno.jpeg\" data-orig-size=\"750,500\" data-comments-opened=\"0\" data-image-meta=\"{&quot;aperture&quot;:&quot;0&quot;,&quot;credit&quot;:&quot;&quot;,&quot;camera&quot;:&quot;&quot;,&quot;caption&quot;:&quot;&quot;,&quot;created_timestamp&quot;:&quot;0&quot;,&quot;copyright&quot;:&quot;&quot;,&quot;focal_length&quot;:&quot;0&quot;,&quot;iso&quot;:&quot;0&quot;,&quot;shutter_speed&quot;:&quot;0&quot;,&quot;title&quot;:&quot;&quot;,&quot;orientation&quot;:&quot;0&quot;}\" data-image-title=\"05 ProgramaInvierno\" data-image-description=\"\" data-image-caption=\"\" data-large-file=\"https:\/\/www.hoymercedes.com.ar\/principal\/wp-content\/uploads\/2019\/06\/05-ProgramaInvierno.jpeg\" src=\"https:\/\/www.hoymercedes.com.ar\/principal\/wp-content\/uploads\/2019\/06\/05-ProgramaInvierno.jpeg\" alt=\"\" class=\"wp-image-94489\" srcset=\"https:\/\/www.hoymercedes.com.ar\/principal\/wp-content\/uploads\/2019\/06\/05-ProgramaInvierno.jpeg 750w, https:\/\/www.hoymercedes.com.ar\/principal\/wp-content\/uploads\/2019\/06\/05-ProgramaInvierno-150x100.jpeg 150w, https:\/\/www.hoymercedes.com.ar\/principal\/wp-content\/uploads\/2019\/06\/05-ProgramaInvierno-630x420.jpeg 630w, https:\/\/www.hoymercedes.com.ar\/principal\/wp-content\/uploads\/2019\/06\/05-ProgramaInvierno-720x480.jpeg 720w, https:\/\/www.hoymercedes.com.ar\/principal\/wp-content\/uploads\/2019\/06\/05-ProgramaInvierno-360x240.jpeg 360w\" sizes=\"auto, (max-width: 750px) 100vw, 750px\" \/><\/figure>\n\n\n\n<p>\u201cAgradezco a los vecinos y a la sociedad de fomento por acompa\u00f1ar este programa que es muy importante para poder paliar el invierno crudo que se viene, donde como Municipio tratamos de estar junto a la gente\u201d manifest\u00f3 el intendente Juan Ignacio Ustarroz.<\/p>\n\n\n\n<p>Asimismo, Ustarroz se\u00f1al\u00f3 \u201cas\u00ed como lo hicimos el a\u00f1o pasado, todo lo que es poda, principalmente Acacio negro, lo distribuimos en los diferentes barrios\u201d y agreg\u00f3 \u201cde esta manera, se le da le\u00f1a a la gente, cargas de gas, frazadas de polar, donde lo que intentamos es acompa\u00f1ar y ayudar a los vecinos en estos momentos, donde la econom\u00eda de sus hogares no les permite solventar estos gastos b\u00e1sicos\u201d.<\/p>\n\n\n\n<p>Por su parte, la Secretaria de Desarrollo Social, Lic. Jorgelina Silva sostuvo \u201cante el aumento de los problemas econ\u00f3micos que sufre nuestro pa\u00eds y provincia, trataremos de asistir a m\u00e1s barrios con un trabajo en conjunto con las diferentes \u00e1reas del municipio, buscando el bienestar de los vecinos\u201d.<\/p>\n\n\n\n<p>Estuvieron tambi\u00e9n presentes Nicol\u00e1s Zeballos, director territorial y Miguel Olivella, coordinador del \u00e1rea.<\/p>\n\n\n\n<p>Mariana Zunino vecina que de manera solidaria coordina las entregas en el barrio expres\u00f3 \u201cesto es para la gente que m\u00e1s lo necesita, donde gracias a esta iniciativa impulsada por el intendente Ustarroz, pudimos entregar colchones frazadas y cargas de gas\u201d e inform\u00f3 \u201cen poco tiempo ya han venido m\u00e1s de 20 personas\u201d.<br><\/p>\n","protected":false},"excerpt":{"rendered":"<p>El Municipio de Mercedes lanz\u00f3 en el barrio San Mart\u00edn el\u00a0\u00a0\u201cprograma invierno\u201d que lo que intenta es asistir de manera &#8230; <a title=\"Programa Invierno por los barrios\" class=\"read-more\" href=\"https:\/\/www.hoymercedes.com.ar\/principal\/2019\/06\/05\/programa-invierno-por-los-barrios\/\" aria-label=\"Leer m\u00e1s sobre Programa Invierno por los barrios\">Leer m\u00e1s<\/a><\/p>\n","protected":false},"author":1,"featured_media":94489,"comment_status":"closed","ping_status":"open","sticky":false,"template":"","format":"standard","meta":{"_monsterinsights_skip_tracking":false,"_monsterinsights_sitenote_active":false,"_monsterinsights_sitenote_note":"","_monsterinsights_sitenote_category":0,"jetpack_post_was_ever_published":false,"_jetpack_newsletter_access":"","_jetpack_dont_email_post_to_subs":false,"_jetpack_newsletter_tier_id":0,"_jetpack_memberships_contains_paywalled_content":false,"_jetpack_memberships_contains_paid_content":false,"footnotes":"","jetpack_publicize_message":"","jetpack_publicize_feature_enabled":true,"jetpack_social_post_already_shared":true,"jetpack_social_options":{"image_generator_settings":{"template":"highway","default_image_id":0,"font":"","enabled":false},"version":2},"_wpas_customize_per_network":false},"categories":[8],"tags":[870,244,15252],"class_list":["post-94488","post","type-post","status-publish","format-standard","has-post-thumbnail","hentry","category-sociedad","tag-desarrollo-social","tag-municipio-2","tag-programa-invierno","generate-columns","tablet-grid-50","mobile-grid-100","grid-parent","grid-50"],"jetpack_publicize_connections":[],"jetpack_featured_media_url":"https:\/\/www.hoymercedes.com.ar\/principal\/wp-content\/uploads\/2019\/06\/05-ProgramaInvierno.jpeg","wps_subtitle":"","jetpack_sharing_enabled":true,"_links":{"self":[{"href":"https:\/\/www.hoymercedes.com.ar\/principal\/wp-json\/wp\/v2\/posts\/94488","targetHints":{"allow":["GET"]}}],"collection":[{"href":"https:\/\/www.hoymercedes.com.ar\/principal\/wp-json\/wp\/v2\/posts"}],"about":[{"href":"https:\/\/www.hoymercedes.com.ar\/principal\/wp-json\/wp\/v2\/types\/post"}],"author":[{"embeddable":true,"href":"https:\/\/www.hoymercedes.com.ar\/principal\/wp-json\/wp\/v2\/users\/1"}],"replies":[{"embeddable":true,"href":"https:\/\/www.hoymercedes.com.ar\/principal\/wp-json\/wp\/v2\/comments?post=94488"}],"version-history":[{"count":0,"href":"https:\/\/www.hoymercedes.com.ar\/principal\/wp-json\/wp\/v2\/posts\/94488\/revisions"}],"wp:featuredmedia":[{"embeddable":true,"href":"https:\/\/www.hoymercedes.com.ar\/principal\/wp-json\/wp\/v2\/media\/94489"}],"wp:attachment":[{"href":"https:\/\/www.hoymercedes.com.ar\/principal\/wp-json\/wp\/v2\/media?parent=94488"}],"wp:term":[{"taxonomy":"category","embeddable":true,"href":"https:\/\/www.hoymercedes.com.ar\/principal\/wp-json\/wp\/v2\/categories?post=94488"},{"taxonomy":"post_tag","embeddable":true,"href":"https:\/\/www.hoymercedes.com.ar\/principal\/wp-json\/wp\/v2\/tags?post=94488"}],"curies":[{"name":"wp","href":"https:\/\/api.w.org\/{rel}","templated":true}]}}