{"id":94497,"date":"2019-06-05T16:30:12","date_gmt":"2019-06-05T19:30:12","guid":{"rendered":"http:\/\/www.hoymercedes.com.ar\/principal\/?p=94497"},"modified":"2019-06-05T17:14:11","modified_gmt":"2019-06-05T20:14:11","slug":"veinte-anos-en-veinte-canciones-para-oscar-rosselo","status":"publish","type":"post","link":"https:\/\/www.hoymercedes.com.ar\/principal\/2019\/06\/05\/veinte-anos-en-veinte-canciones-para-oscar-rosselo\/","title":{"rendered":"Veinte a\u00f1os en veinte canciones para Oscar Rosselo"},"content":{"rendered":"\n<p>Por\nTeCleArte &#8211; En noviembre ser\u00e1n veinte los a\u00f1os que Oscar Rosselo subi\u00f3 por\nprimera vez al escenario del Teatro Argentino. Fue un Pre Cosqu\u00edn de 1999. En\nesa \u00e9poca, Cristina Zuffo organizaba la selecci\u00f3n de los m\u00fasicos locales que luego\nir\u00edan al festival folcl\u00f3rico m\u00e1s importante del pa\u00eds. 14 a\u00f1os ten\u00eda \u201cOscarcito\u201d,\n\u201cOsky\u201d o \u201cPato\u201d. &nbsp;Era acompa\u00f1ado por su\npadre en el bombo s\u00f3lo para acompa\u00f1arlo y unos amigos que tambi\u00e9n reci\u00e9n\nempezaba. Empezaba a transitar el mundo de los m\u00fasicos mercedinos. <\/p>\n\n\n\n<figure class=\"wp-block-image\"><img loading=\"lazy\" decoding=\"async\" width=\"750\" height=\"500\" data-attachment-id=\"94498\" data-permalink=\"https:\/\/www.hoymercedes.com.ar\/principal\/2019\/06\/05\/veinte-anos-en-veinte-canciones-para-oscar-rosselo\/05-oscar-rossello-bands\/#main\" data-orig-file=\"https:\/\/www.hoymercedes.com.ar\/principal\/wp-content\/uploads\/2019\/06\/05-oscar-Rossello-bands.jpg\" data-orig-size=\"750,500\" data-comments-opened=\"0\" data-image-meta=\"{&quot;aperture&quot;:&quot;0&quot;,&quot;credit&quot;:&quot;&quot;,&quot;camera&quot;:&quot;&quot;,&quot;caption&quot;:&quot;&quot;,&quot;created_timestamp&quot;:&quot;0&quot;,&quot;copyright&quot;:&quot;&quot;,&quot;focal_length&quot;:&quot;0&quot;,&quot;iso&quot;:&quot;0&quot;,&quot;shutter_speed&quot;:&quot;0&quot;,&quot;title&quot;:&quot;&quot;,&quot;orientation&quot;:&quot;0&quot;}\" data-image-title=\"05 oscar Rossello bands\" data-image-description=\"\" data-image-caption=\"\" data-large-file=\"https:\/\/www.hoymercedes.com.ar\/principal\/wp-content\/uploads\/2019\/06\/05-oscar-Rossello-bands.jpg\" src=\"https:\/\/www.hoymercedes.com.ar\/principal\/wp-content\/uploads\/2019\/06\/05-oscar-Rossello-bands.jpg\" alt=\"\" class=\"wp-image-94498\" srcset=\"https:\/\/www.hoymercedes.com.ar\/principal\/wp-content\/uploads\/2019\/06\/05-oscar-Rossello-bands.jpg 750w, https:\/\/www.hoymercedes.com.ar\/principal\/wp-content\/uploads\/2019\/06\/05-oscar-Rossello-bands-150x100.jpg 150w, https:\/\/www.hoymercedes.com.ar\/principal\/wp-content\/uploads\/2019\/06\/05-oscar-Rossello-bands-630x420.jpg 630w, https:\/\/www.hoymercedes.com.ar\/principal\/wp-content\/uploads\/2019\/06\/05-oscar-Rossello-bands-720x480.jpg 720w, https:\/\/www.hoymercedes.com.ar\/principal\/wp-content\/uploads\/2019\/06\/05-oscar-Rossello-bands-360x240.jpg 360w\" sizes=\"auto, (max-width: 750px) 100vw, 750px\" \/><\/figure>\n\n\n\n<p>Hoy Oscar, a 20 a\u00f1os de ese primer show y con 34 a\u00f1os (los cumpli\u00f3 el 4 de junio), transita el folklore desde siempre e incursiona en el tango como invitado de algunos de los m\u00fasicos de la ciudad y de la regi\u00f3n. Por la ciudad se encuentra a conversar de igual a igual tanto con Lito C\u00f3rdoba, como con Daniel Capaccio y Santiago Su\u00e1rez, algo que sucedi\u00f3 mientras hac\u00edamos la entrevista. Es docente, pero tiene una agenda de espect\u00e1culos semanal en lugares tur\u00edsticos. <\/p>\n\n\n\n<p>Despu\u00e9s de ese primer espect\u00e1culo, Estirpe Mercedina lo vio crecer, tuvo un paso por Vocal Mercedes, y hace seis a\u00f1os se lanz\u00f3 como solista y cantautor. Con banda propia, est\u00e1n ultimando los detalles del show, no sabe el n\u00famero de espect\u00e1culo, pero si le pregunta a su Abuela, la carpeta con folios con recortes de los diarios desde hace 20 a\u00f1os le puede estimar un n\u00famero de presentaciones sobre el escenario. &nbsp;&nbsp;<\/p>\n\n\n\n<figure class=\"wp-block-embed-facebook wp-block-embed is-type-video is-provider-facebook\"><div class=\"wp-block-embed__wrapper\">\n<div class=\"fb-video\" data-allowfullscreen=\"true\" data-href=\"https:\/\/www.facebook.com\/orossello\/videos\/10217352126089028\/\" style=\"background-color: #fff; display: inline-block;\"><\/div>\n<\/div><\/figure>\n\n\n\n<p>\u201cSe dio la\ncasualidad que son 20 canciones las que preparamos para el Teatro. El 80% son\ntemas propios. Hay algunos covers de algunos amigos. Tambi\u00e9n estar\u00e1 Aquiles\nRoggero como \u00fanico invitado que tendr\u00e1 un momento solista y otro acompa\u00f1\u00e1ndonos.\nHabr\u00e1 otras sorpresas con videos. Juan Ferrandis har\u00e1 la voz en off de un video\nque sintetice mi historia en la m\u00fasica\u201d, adelant\u00f3 Oscar contando, entre risas,\nlos entretelones de lograr que el pianista \u201cmaestruli\u201d participe del espect\u00e1culo\ny las intenciones de que Javier Calamaro participe en vivo tambi\u00e9n. <\/p>\n\n\n\n<p>\u201cEl escenario del teatro tiene mucho que ver en mi historia con la m\u00fasica. El d\u00eda del espect\u00e1culo estaremos grabando un disco en DVD en vivo. Logramos algo muy lindo en el armado previo. Lo arm\u00f3 Fede Rementer\u00eda. Y con Dami\u00e1n Tessore grabaremos el disco en vivo. Es para que salga ya. El disco en vivo no va a ser en formato f\u00edsico, sino que se compartir\u00e1 en las redes sociales y aplicaciones musicales\u201d, agreg\u00f3 Rossello agradeciendo a quienes participan y apoyan en la difusi\u00f3n del espect\u00e1culo. &nbsp;<\/p>\n\n\n\n<p>La banda de m\u00fasicos que acompa\u00f1ar\u00e1 a Oscar est\u00e1 integrada\npor Agust\u00edn Vitta en el bajo y coros, Tom\u00e1s Maldonado en guitarra el\u00e9ctrica,\nLucas Catapano en bater\u00eda y Marcelo \u201cNano\u201d Esp\u00edndola en la percusi\u00f3n y\naccesorios. Adem\u00e1s, habr\u00e1 dos parejas de baile Manucho Costa y Romina Duro y Esteban\ny Roc\u00edo, dos ex alumnos de Rossello. <\/p>\n\n\n\n<p>Los 20 a\u00f1os de Oscar Rossello con la m\u00fasica, los festejar\u00e1n el s\u00e1bado 8 de junio, 21 horas, en el Teatro Argentino \u00abInt. Julio C. Gioscio\u00bb. Las entradas ya est\u00e1n a la venta en la boleter\u00eda del Teatro Argentino o su n\u00famero de celular particular (15 463553) o a trav\u00e9s de las redes sociales (Facebook, Instagram). <\/p>\n\n\n\n<figure class=\"wp-block-embed-facebook wp-block-embed is-type-video is-provider-facebook\"><div class=\"wp-block-embed__wrapper\">\n<div class=\"fb-video\" data-allowfullscreen=\"true\" data-href=\"https:\/\/www.facebook.com\/orossello\/videos\/10217290276822835\/\" style=\"background-color: #fff; display: inline-block;\"><\/div>\n<\/div><\/figure>\n","protected":false},"excerpt":{"rendered":"<p>Por TeCleArte &#8211; En noviembre ser\u00e1n veinte los a\u00f1os que Oscar Rosselo subi\u00f3 por primera vez al escenario del Teatro &#8230; <a title=\"Veinte a\u00f1os en veinte canciones para Oscar Rosselo\" class=\"read-more\" href=\"https:\/\/www.hoymercedes.com.ar\/principal\/2019\/06\/05\/veinte-anos-en-veinte-canciones-para-oscar-rosselo\/\" aria-label=\"Leer m\u00e1s sobre Veinte a\u00f1os en veinte canciones para Oscar Rosselo\">Leer m\u00e1s<\/a><\/p>\n","protected":false},"author":1,"featured_media":94499,"comment_status":"closed","ping_status":"open","sticky":false,"template":"","format":"standard","meta":{"_monsterinsights_skip_tracking":false,"_monsterinsights_sitenote_active":false,"_monsterinsights_sitenote_note":"","_monsterinsights_sitenote_category":0,"jetpack_post_was_ever_published":false,"_jetpack_newsletter_access":"","_jetpack_dont_email_post_to_subs":false,"_jetpack_newsletter_tier_id":0,"_jetpack_memberships_contains_paywalled_content":false,"_jetpack_memberships_contains_paid_content":false,"footnotes":"","jetpack_publicize_message":"","jetpack_publicize_feature_enabled":true,"jetpack_social_post_already_shared":true,"jetpack_social_options":{"image_generator_settings":{"template":"highway","default_image_id":0,"font":"","enabled":false},"version":2},"_wpas_customize_per_network":false},"categories":[104],"tags":[15253,7805,8539,8181],"class_list":["post-94497","post","type-post","status-publish","format-standard","has-post-thumbnail","hentry","category-cultura","tag-20-anos-con-la-musica","tag-cultura","tag-musica","tag-oscar-rossello","generate-columns","tablet-grid-50","mobile-grid-100","grid-parent","grid-50"],"jetpack_publicize_connections":[],"jetpack_featured_media_url":"https:\/\/www.hoymercedes.com.ar\/principal\/wp-content\/uploads\/2019\/06\/05-oscar-Rossello.jpg","wps_subtitle":"Show en vivo para grabar DVD","jetpack_sharing_enabled":true,"_links":{"self":[{"href":"https:\/\/www.hoymercedes.com.ar\/principal\/wp-json\/wp\/v2\/posts\/94497","targetHints":{"allow":["GET"]}}],"collection":[{"href":"https:\/\/www.hoymercedes.com.ar\/principal\/wp-json\/wp\/v2\/posts"}],"about":[{"href":"https:\/\/www.hoymercedes.com.ar\/principal\/wp-json\/wp\/v2\/types\/post"}],"author":[{"embeddable":true,"href":"https:\/\/www.hoymercedes.com.ar\/principal\/wp-json\/wp\/v2\/users\/1"}],"replies":[{"embeddable":true,"href":"https:\/\/www.hoymercedes.com.ar\/principal\/wp-json\/wp\/v2\/comments?post=94497"}],"version-history":[{"count":0,"href":"https:\/\/www.hoymercedes.com.ar\/principal\/wp-json\/wp\/v2\/posts\/94497\/revisions"}],"wp:featuredmedia":[{"embeddable":true,"href":"https:\/\/www.hoymercedes.com.ar\/principal\/wp-json\/wp\/v2\/media\/94499"}],"wp:attachment":[{"href":"https:\/\/www.hoymercedes.com.ar\/principal\/wp-json\/wp\/v2\/media?parent=94497"}],"wp:term":[{"taxonomy":"category","embeddable":true,"href":"https:\/\/www.hoymercedes.com.ar\/principal\/wp-json\/wp\/v2\/categories?post=94497"},{"taxonomy":"post_tag","embeddable":true,"href":"https:\/\/www.hoymercedes.com.ar\/principal\/wp-json\/wp\/v2\/tags?post=94497"}],"curies":[{"name":"wp","href":"https:\/\/api.w.org\/{rel}","templated":true}]}}