{"id":94502,"date":"2019-06-05T17:29:56","date_gmt":"2019-06-05T20:29:56","guid":{"rendered":"http:\/\/www.hoymercedes.com.ar\/principal\/?p=94502"},"modified":"2019-06-05T17:02:53","modified_gmt":"2019-06-05T20:02:53","slug":"partido-fe-reclama-participacion-en-las-listas","status":"publish","type":"post","link":"https:\/\/www.hoymercedes.com.ar\/principal\/2019\/06\/05\/partido-fe-reclama-participacion-en-las-listas\/","title":{"rendered":"Partido FE reclama participaci\u00f3n en las listas"},"content":{"rendered":"\n<p>El Partido FE tuvo una reuni\u00f3n provincial donde reclamaron \u00abparticipaci\u00f3n protag\u00f3nica para su espacio en las listas y en las esferas de gobierno\u00bb dentro de Cambiemos. La Concejal Sabrina Vi\u00f1ales, referente del Partido FE, dejar\u00e1 la presidencia del HCD para expresar la voz del Partido FE en el cuerpo deliberativo. Este jueves, 11 horas, Vi\u00f1ales y el presidente del partido Jorge Pirotta dar\u00e1n una conferencia de prensa para explicar la posici\u00f3n. <\/p>\n\n\n\n<figure class=\"wp-block-image\"><img loading=\"lazy\" decoding=\"async\" width=\"750\" height=\"500\" data-attachment-id=\"94503\" data-permalink=\"https:\/\/www.hoymercedes.com.ar\/principal\/2019\/06\/05\/partido-fe-reclama-participacion-en-las-listas\/05-partido-fe\/#main\" data-orig-file=\"https:\/\/www.hoymercedes.com.ar\/principal\/wp-content\/uploads\/2019\/06\/05-partido-FE.jpg\" data-orig-size=\"750,500\" data-comments-opened=\"0\" data-image-meta=\"{&quot;aperture&quot;:&quot;0&quot;,&quot;credit&quot;:&quot;&quot;,&quot;camera&quot;:&quot;&quot;,&quot;caption&quot;:&quot;&quot;,&quot;created_timestamp&quot;:&quot;0&quot;,&quot;copyright&quot;:&quot;&quot;,&quot;focal_length&quot;:&quot;0&quot;,&quot;iso&quot;:&quot;0&quot;,&quot;shutter_speed&quot;:&quot;0&quot;,&quot;title&quot;:&quot;&quot;,&quot;orientation&quot;:&quot;0&quot;}\" data-image-title=\"05 partido FE\" data-image-description=\"\" data-image-caption=\"\" data-large-file=\"https:\/\/www.hoymercedes.com.ar\/principal\/wp-content\/uploads\/2019\/06\/05-partido-FE.jpg\" src=\"https:\/\/www.hoymercedes.com.ar\/principal\/wp-content\/uploads\/2019\/06\/05-partido-FE.jpg\" alt=\"\" class=\"wp-image-94503\" srcset=\"https:\/\/www.hoymercedes.com.ar\/principal\/wp-content\/uploads\/2019\/06\/05-partido-FE.jpg 750w, https:\/\/www.hoymercedes.com.ar\/principal\/wp-content\/uploads\/2019\/06\/05-partido-FE-150x100.jpg 150w, https:\/\/www.hoymercedes.com.ar\/principal\/wp-content\/uploads\/2019\/06\/05-partido-FE-630x420.jpg 630w, https:\/\/www.hoymercedes.com.ar\/principal\/wp-content\/uploads\/2019\/06\/05-partido-FE-720x480.jpg 720w, https:\/\/www.hoymercedes.com.ar\/principal\/wp-content\/uploads\/2019\/06\/05-partido-FE-360x240.jpg 360w\" sizes=\"auto, (max-width: 750px) 100vw, 750px\" \/><\/figure>\n\n\n\n<p>En la ma\u00f1ana de este mi\u00e9rcoles se realiz\u00f3, en la sede de la Escuela Pol\u00edtico Sindical de la UATRE en la Ciudad Aut\u00f3noma de Buenos Aires, el Plenario de la Provincia de Buenos Aires del Partido FE. Encabezaron el encuentro, junto al presidente provincial Jorge Pirotta, el Secretario General de Uatre y las 62 Organizaciones Gremiales Peronistas, Ram\u00f3n Ayala, el diputado y presidente nacional del partido, Pablo Ansaloni, el intendente de San Pedro y vicepresidente partidario, Cecilio Salazar, el candidato a Intendente de Necochea Arturo Rojas, y las concejales del partido fe de San Vicente, Natalia S\u00e1nchez J\u00e1uregui y de Ezeiza, Susana Pintos. <\/p>\n\n\n\n<p>Participaron 196 dirigentes en representaci\u00f3n de 52 distritos de la provincia de Buenos Aires, as\u00ed como representantes de varios sindicatos pertenecientes a las 62 Organizaciones. <\/p>\n\n\n\n<p>Al t\u00e9rmino de los debates, se aprob\u00f3 una declaraci\u00f3n en la que el Partido FE ratifica su pertenencia al Frente Cambiemos reclamando una participaci\u00f3n protag\u00f3nica para su espacio en las listas y en las esferas de gobierno: <\/p>\n\n\n\n<p>\u00abPorque somos peronistas tenemos vocaci\u00f3n de poder, no aceptamos ser simples espectadores, pretendemos ser protagonistas del cambio, militamos para aportarle a nuestro gobierno nuestros hombres y mujeres, nuestros profesionales, nuestras ideas y proyectos. Por eso reclamamos leg\u00edtimamente los espacios necesarios que permitan hacer realidad esos aportes. Porque somos peronistas y decidimos cargar la mochila de nuestra doctrina nacional, humanista y cristiana, y porque llevamos en esa mochila el bast\u00f3n de mariscal, vamos a seguir en Cambiemos impulsando las transformaciones que el pa\u00eds necesita y que el pueblo argentino le reclama a sus dirigentes. Porque primero est\u00e1 la Patria, despu\u00e9s el Movimiento y por \u00faltimo los hombres\u00bb, expresan en la comunicaci\u00f3n enviada a los medios. <\/p>\n\n\n\n<p><strong>Vi\u00f1ales<\/strong><\/p>\n\n\n\n<p>Por otra parte, los referentes locales Jorge Pirotta y Sabrina Vi\u00f1ales confirmaron que el jueves a la ma\u00f1ana dar\u00e1n una conferencia de prensa para brindar detalles sobre la actitud del Partido FE en Mercedes. <\/p>\n\n\n\n<p>En el mismo encuentro confirmar\u00e1n la renuncia de la concejal Vi\u00f1ales como presidenta del HCD para que el lunes, en la sesi\u00f3n ordinaria, se elijan las nuevas autoridades legislativas. En distintas declaraciones radiales, Vi\u00f1ales anticip\u00f3 que su renuncia le permitir\u00eda expresar la voz del Partido FE ante los distintos temas, algo que desde la Presidencia no puede hacer. <\/p>\n\n\n\n<p>La conferencia de prensa ser\u00e1 a las hora 11 del jueves 6 de junio en un lugar a confirmar.  <\/p>\n","protected":false},"excerpt":{"rendered":"<p>El Partido FE tuvo una reuni\u00f3n provincial donde reclamaron \u00abparticipaci\u00f3n protag\u00f3nica para su espacio en las listas y en las &#8230; <a title=\"Partido FE reclama participaci\u00f3n en las listas\" class=\"read-more\" href=\"https:\/\/www.hoymercedes.com.ar\/principal\/2019\/06\/05\/partido-fe-reclama-participacion-en-las-listas\/\" aria-label=\"Leer m\u00e1s sobre Partido FE reclama participaci\u00f3n en las listas\">Leer m\u00e1s<\/a><\/p>\n","protected":false},"author":1,"featured_media":94503,"comment_status":"closed","ping_status":"open","sticky":false,"template":"","format":"standard","meta":{"_monsterinsights_skip_tracking":false,"_monsterinsights_sitenote_active":false,"_monsterinsights_sitenote_note":"","_monsterinsights_sitenote_category":0,"jetpack_post_was_ever_published":false,"_jetpack_newsletter_access":"","_jetpack_dont_email_post_to_subs":false,"_jetpack_newsletter_tier_id":0,"_jetpack_memberships_contains_paywalled_content":false,"_jetpack_memberships_contains_paid_content":false,"footnotes":"","jetpack_publicize_message":"","jetpack_publicize_feature_enabled":true,"jetpack_social_post_already_shared":true,"jetpack_social_options":{"image_generator_settings":{"template":"highway","default_image_id":0,"font":"","enabled":false},"version":2},"_wpas_customize_per_network":false},"categories":[5],"tags":[14403,6497,5319],"class_list":["post-94502","post","type-post","status-publish","format-standard","has-post-thumbnail","hentry","category-politica","tag-elecciones-2019","tag-partido-fe","tag-politica-2","generate-columns","tablet-grid-50","mobile-grid-100","grid-parent","grid-50"],"jetpack_publicize_connections":[],"jetpack_featured_media_url":"https:\/\/www.hoymercedes.com.ar\/principal\/wp-content\/uploads\/2019\/06\/05-partido-FE.jpg","wps_subtitle":"En reuni\u00f3n provincial","jetpack_sharing_enabled":true,"_links":{"self":[{"href":"https:\/\/www.hoymercedes.com.ar\/principal\/wp-json\/wp\/v2\/posts\/94502","targetHints":{"allow":["GET"]}}],"collection":[{"href":"https:\/\/www.hoymercedes.com.ar\/principal\/wp-json\/wp\/v2\/posts"}],"about":[{"href":"https:\/\/www.hoymercedes.com.ar\/principal\/wp-json\/wp\/v2\/types\/post"}],"author":[{"embeddable":true,"href":"https:\/\/www.hoymercedes.com.ar\/principal\/wp-json\/wp\/v2\/users\/1"}],"replies":[{"embeddable":true,"href":"https:\/\/www.hoymercedes.com.ar\/principal\/wp-json\/wp\/v2\/comments?post=94502"}],"version-history":[{"count":0,"href":"https:\/\/www.hoymercedes.com.ar\/principal\/wp-json\/wp\/v2\/posts\/94502\/revisions"}],"wp:featuredmedia":[{"embeddable":true,"href":"https:\/\/www.hoymercedes.com.ar\/principal\/wp-json\/wp\/v2\/media\/94503"}],"wp:attachment":[{"href":"https:\/\/www.hoymercedes.com.ar\/principal\/wp-json\/wp\/v2\/media?parent=94502"}],"wp:term":[{"taxonomy":"category","embeddable":true,"href":"https:\/\/www.hoymercedes.com.ar\/principal\/wp-json\/wp\/v2\/categories?post=94502"},{"taxonomy":"post_tag","embeddable":true,"href":"https:\/\/www.hoymercedes.com.ar\/principal\/wp-json\/wp\/v2\/tags?post=94502"}],"curies":[{"name":"wp","href":"https:\/\/api.w.org\/{rel}","templated":true}]}}