{"id":94625,"date":"2019-06-07T00:49:08","date_gmt":"2019-06-07T03:49:08","guid":{"rendered":"http:\/\/www.hoymercedes.com.ar\/principal\/?p=94625"},"modified":"2019-06-06T16:29:24","modified_gmt":"2019-06-06T19:29:24","slug":"sabado-8-programan-corte-de-luz-en-distintas-zonas","status":"publish","type":"post","link":"https:\/\/www.hoymercedes.com.ar\/principal\/2019\/06\/07\/sabado-8-programan-corte-de-luz-en-distintas-zonas\/","title":{"rendered":"S\u00e1bado 8 programan corte de luz en distintas zonas"},"content":{"rendered":"\n<p>Desde la Distribuidora de Energ\u00eda El\u00e9ctrica EDEN informaron que el s\u00e1bado 8 de junio deber\u00e1n interrumpir el suministro de energ\u00eda el\u00e9ctrica en distintas zonas de la ciudad con el fin de realizar trabajos en la red el\u00e9ctrica y por un pedido puntual para reparaciones varias. <\/p>\n\n\n\n<p>Para poder realizar las mejoras y como medida de seguridad, es necesario interrumpir el suministro de forma moment\u00e1nea el s\u00e1bado 8 de junio: <br>&#8211; de 8 a 11.30 hs. en la zona de la Liga Mercedina de F\u00fatbol, Club Mercedes, Barrio Lowe y Barrio Parque Municipal. <br>&#8211; de 8 a 13 hs. en la zona comprendida por las calles 114 a 178 y 103 a 19.<\/p>\n\n\n\n<p>En caso de presentarse condiciones clim\u00e1ticas adversas, las actividades ser\u00e1n reprogramadas.<\/p>\n\n\n\n<p><\/p>\n","protected":false},"excerpt":{"rendered":"<p>Desde la Distribuidora de Energ\u00eda El\u00e9ctrica EDEN informaron que el s\u00e1bado 8 de junio deber\u00e1n interrumpir el suministro de energ\u00eda &#8230; <a title=\"S\u00e1bado 8 programan corte de luz en distintas zonas\" class=\"read-more\" href=\"https:\/\/www.hoymercedes.com.ar\/principal\/2019\/06\/07\/sabado-8-programan-corte-de-luz-en-distintas-zonas\/\" aria-label=\"Leer m\u00e1s sobre S\u00e1bado 8 programan corte de luz en distintas zonas\">Leer m\u00e1s<\/a><\/p>\n","protected":false},"author":1,"featured_media":46617,"comment_status":"closed","ping_status":"open","sticky":false,"template":"","format":"standard","meta":{"_monsterinsights_skip_tracking":false,"_monsterinsights_sitenote_active":false,"_monsterinsights_sitenote_note":"","_monsterinsights_sitenote_category":0,"jetpack_post_was_ever_published":false,"_jetpack_newsletter_access":"","_jetpack_dont_email_post_to_subs":false,"_jetpack_newsletter_tier_id":0,"_jetpack_memberships_contains_paywalled_content":false,"_jetpack_memberships_contains_paid_content":false,"footnotes":"","jetpack_publicize_message":"","jetpack_publicize_feature_enabled":true,"jetpack_social_post_already_shared":true,"jetpack_social_options":{"image_generator_settings":{"template":"highway","default_image_id":0,"font":"","enabled":false},"version":2},"_wpas_customize_per_network":false},"categories":[11],"tags":[5861,1023,8808],"class_list":["post-94625","post","type-post","status-publish","format-standard","has-post-thumbnail","hentry","category-ciudad","tag-corte-de-luz","tag-eden","tag-energia-electrica","generate-columns","tablet-grid-50","mobile-grid-100","grid-parent","grid-50"],"jetpack_publicize_connections":[],"jetpack_featured_media_url":"https:\/\/www.hoymercedes.com.ar\/principal\/wp-content\/uploads\/2015\/12\/eden.jpg","wps_subtitle":"Servicio a la comunidad","jetpack_sharing_enabled":true,"_links":{"self":[{"href":"https:\/\/www.hoymercedes.com.ar\/principal\/wp-json\/wp\/v2\/posts\/94625","targetHints":{"allow":["GET"]}}],"collection":[{"href":"https:\/\/www.hoymercedes.com.ar\/principal\/wp-json\/wp\/v2\/posts"}],"about":[{"href":"https:\/\/www.hoymercedes.com.ar\/principal\/wp-json\/wp\/v2\/types\/post"}],"author":[{"embeddable":true,"href":"https:\/\/www.hoymercedes.com.ar\/principal\/wp-json\/wp\/v2\/users\/1"}],"replies":[{"embeddable":true,"href":"https:\/\/www.hoymercedes.com.ar\/principal\/wp-json\/wp\/v2\/comments?post=94625"}],"version-history":[{"count":0,"href":"https:\/\/www.hoymercedes.com.ar\/principal\/wp-json\/wp\/v2\/posts\/94625\/revisions"}],"wp:featuredmedia":[{"embeddable":true,"href":"https:\/\/www.hoymercedes.com.ar\/principal\/wp-json\/wp\/v2\/media\/46617"}],"wp:attachment":[{"href":"https:\/\/www.hoymercedes.com.ar\/principal\/wp-json\/wp\/v2\/media?parent=94625"}],"wp:term":[{"taxonomy":"category","embeddable":true,"href":"https:\/\/www.hoymercedes.com.ar\/principal\/wp-json\/wp\/v2\/categories?post=94625"},{"taxonomy":"post_tag","embeddable":true,"href":"https:\/\/www.hoymercedes.com.ar\/principal\/wp-json\/wp\/v2\/tags?post=94625"}],"curies":[{"name":"wp","href":"https:\/\/api.w.org\/{rel}","templated":true}]}}