{"id":9463,"date":"2011-11-30T11:20:32","date_gmt":"2011-11-30T11:20:32","guid":{"rendered":"http:\/\/www.hoymercedes.com.ar\/principal\/?p=9463"},"modified":"2011-11-30T11:20:32","modified_gmt":"2011-11-30T11:20:32","slug":"fuerte-aumento-en-el-2011-en-las-visitas-de-establecimientos-escolares-al-museo-ameghino","status":"publish","type":"post","link":"https:\/\/www.hoymercedes.com.ar\/principal\/2011\/11\/30\/fuerte-aumento-en-el-2011-en-las-visitas-de-establecimientos-escolares-al-museo-ameghino\/","title":{"rendered":"Fuerte aumento en el 2011 en las visitas de Establecimientos Escolares al Museo Ameghino"},"content":{"rendered":"<p><a href=\"https:\/\/www.hoymercedes.com.ar\/principal\/wp-content\/uploads\/2011\/11\/DianaManos.jpg\"><img loading=\"lazy\" decoding=\"async\" data-attachment-id=\"9465\" data-permalink=\"https:\/\/www.hoymercedes.com.ar\/principal\/2011\/11\/30\/fuerte-aumento-en-el-2011-en-las-visitas-de-establecimientos-escolares-al-museo-ameghino\/dianamanos\/#main\" data-orig-file=\"https:\/\/www.hoymercedes.com.ar\/principal\/wp-content\/uploads\/2011\/11\/DianaManos.jpg\" data-orig-size=\"612,438\" data-comments-opened=\"1\" data-image-meta=\"{&quot;aperture&quot;:&quot;2.8&quot;,&quot;credit&quot;:&quot;&quot;,&quot;camera&quot;:&quot;COOLPIX L10&quot;,&quot;caption&quot;:&quot;&quot;,&quot;created_timestamp&quot;:&quot;1322380452&quot;,&quot;copyright&quot;:&quot;Copyright 2006&quot;,&quot;focal_length&quot;:&quot;6.2&quot;,&quot;iso&quot;:&quot;64&quot;,&quot;shutter_speed&quot;:&quot;0.033333333333333&quot;,&quot;title&quot;:&quot;&quot;}\" data-image-title=\"DianaManos\" data-image-description=\"\" data-image-caption=\"\" data-large-file=\"https:\/\/www.hoymercedes.com.ar\/principal\/wp-content\/uploads\/2011\/11\/DianaManos.jpg\" class=\"aligncenter size-full wp-image-9465\" title=\"DianaManos\" src=\"https:\/\/www.hoymercedes.com.ar\/principal\/wp-content\/uploads\/2011\/11\/DianaManos.jpg\" alt=\"\" width=\"612\" height=\"438\" \/><\/a><\/p>\n<p>La directora del Complejo Cultural Ameghino-Mar\u00edn, Diana Manos sostuvo ayer que ha sido muy importante el incremento de las visitas al mismo realizadas por distintos cursos y grupos de alumnos pertenecientes a los diferentes establecimientos educacionales de nuestra ciudad a lo largo del presente a\u00f1o.<\/p>\n<p>Manos precis\u00f3 \u201cen general vivimos en nuestro Complejo Cultural un a\u00f1o muy positivo sobre todo por la cantidad de actividades que logramos realizar en las tres \u00e1reas en las que estamos divididos, es decir la parte pura y exclusiva del tradicional Museo de Ciencias Naturales Carlos Ameghino, el centro Municipal de Inform\u00e1tica y lo que tiene que ver con el sal\u00f3n de exposiciones donde a lo largo de todo el a\u00f1o son constantes las muestras que se presentan.<\/p>\n<p>La tarea del Museo ha sido muy intensa y por suerte este a\u00f1o logramos algo que quer\u00edamos hacer y por diferentes motivos siempre ten\u00edamos que posponer, la Jornada sobre Florentino Ameghino en la que contamos con la presencia de los principales investigadores y cient\u00edficos del pa\u00eds lo cual no ha llenado de orgullo.<\/p>\n<p>Pero adem\u00e1s a lo largo de a\u00f1o hemos concretado una serie de actividades aunque de menor trascendencia por cierto tambi\u00e9n de una significativa importancia y algo realmente muy significativos para todos los que desempe\u00f1amos tareas en este lugar ha sido el notable incremento de las visitas efectuadas por cursos o grupos de alumnos de los diferentes establecimientos educativos de nuestro Partido, de la zona urbana y tambi\u00e9n de la rural, incluso algo realmente muy llamativo como la ultima sala de los jardines de Infantes y hay que ver con que inter\u00e9s los m\u00e1s chiquitos miraban y preguntaban.<\/p>\n<p>Con relaci\u00f3n al Centro de Inform\u00e1tica tambi\u00e9n las actividades del a\u00f1o fueron buenas a pesar que en determinado momentos estuvimos parados debido a un problema que se present\u00f3 casi sin esperarlo en nuestras m\u00e1quinas, ello nos oblig\u00f3 a tener que suspender durante varios d\u00edas nuestras actividades pero afortunadamente todo se pudo arreglar y ya hemos retomado las actividades con total normalidad. Este a\u00f1o hemos prestamos mucha atenci\u00f3n y todo el apoyo necesario a los alumnos que concurren a la Escuela Laboral, ellos han realizado en nuestra sede toda la parte de aprendizaje con la pr\u00e1ctica incluida.<\/p>\n<p>Y el tercer eje en que nos dividimos es del Sal\u00f3n de Exposiciones que como seguramente todos lo han visto, han sido numerosas las muestras que se presentaron ya sea de artistas locales como de otras localidades vecinas m\u00e1s all\u00e1 que alguna que otra muestra espec\u00edfica que pudo haber venido desde alguna otra parte del pa\u00eds o cedidas a pr\u00e9stamo por alg\u00fan museo de car\u00e1cter nacional.<\/p>\n<p>En estos momentos se est\u00e1n llevando a cabo las exposiciones de los talleres y escuelas que muestran los trabajos realizados por sus alumnos a lo largo del a\u00f1o y esto tambi\u00e9n es importante porque permite conocer a quienes seguramente con el correr del tiempo tomar\u00e1n la posta por ejemplo de los actuales artistas pl\u00e1sticos de nuestra ciudad\u201d.<\/p>\n<p>M\u00e1s adelante agreg\u00f3 con relaci\u00f3n a las exposiciones \u201caunque falte un mes para terminar el a\u00f1o ya hemos tenido que abrir el registro de inscripci\u00f3n y pedidos de fechas para el 2012, a\u00f1o en que si las cosas siguen as\u00ed realmente va a estar siempre cubierto con alguna exposici\u00f3n m\u00e1s all\u00e1 de los concursos anuales que se organizan desde la direcci\u00f3n de Cultura como el de Pinturas y el de Fotograf\u00eda\u201d.<\/p>\n<p>Por ultimo Diana manos se refiri\u00f3 a las actividades de verano, que se va a realizar, y las posibles tareas de campo que habitualmente el grupo que trabaja en el \u00e1rea del Museo de Ciencias Naturales a\u00f1o tras a\u00f1o realiza en diferentes sectores del Partido.<\/p>\n<p>Sostuvo \u201caun no hemos conversado con el director de cultura acerca de lo que vamos a hacer en verano, especialmente durante el mes de enero.<\/p>\n<p>El a\u00f1o pasado solo atendimos al p\u00fablico los fines de semana parta que pudiesen visitarnos aquellos que sus viajes de fin de semana llegan a nuestra ciudad, eso nos permiti\u00f3 hacer durante los dem\u00e1s d\u00edas de la semana importantes tareas de mejoramiento y mantenimiento dentro de nuestro edificio como por ejemplo pintar o acomodar nuevos elementos y tambi\u00e9n nos falta definir que tipo de tareas de ampo vamos a realizar en el 2012 y donde, seguramente a mediados de diciembre ya tengamos todo armado\u201d.<\/p>\n","protected":false},"excerpt":{"rendered":"<p>La directora del Complejo Cultural Ameghino-Mar\u00edn, Diana Manos sostuvo ayer que ha sido muy importante el incremento de las visitas &#8230; <a title=\"Fuerte aumento en el 2011 en las visitas de Establecimientos Escolares al Museo Ameghino\" class=\"read-more\" href=\"https:\/\/www.hoymercedes.com.ar\/principal\/2011\/11\/30\/fuerte-aumento-en-el-2011-en-las-visitas-de-establecimientos-escolares-al-museo-ameghino\/\" aria-label=\"Leer m\u00e1s sobre Fuerte aumento en el 2011 en las visitas de Establecimientos Escolares al Museo Ameghino\">Leer m\u00e1s<\/a><\/p>\n","protected":false},"author":1,"featured_media":0,"comment_status":"open","ping_status":"open","sticky":false,"template":"","format":"standard","meta":{"_monsterinsights_skip_tracking":false,"_monsterinsights_sitenote_active":false,"_monsterinsights_sitenote_note":"","_monsterinsights_sitenote_category":0,"jetpack_post_was_ever_published":false,"_jetpack_newsletter_access":"","_jetpack_dont_email_post_to_subs":false,"_jetpack_newsletter_tier_id":0,"_jetpack_memberships_contains_paywalled_content":false,"_jetpack_memberships_contains_paid_content":false,"footnotes":"","jetpack_publicize_message":"","jetpack_publicize_feature_enabled":true,"jetpack_social_post_already_shared":false,"jetpack_social_options":{"image_generator_settings":{"template":"highway","default_image_id":0,"font":"","enabled":false},"version":2},"_wpas_customize_per_network":false},"categories":[8],"tags":[1647,1648],"class_list":["post-9463","post","type-post","status-publish","format-standard","hentry","category-sociedad","tag-diana-manos","tag-museo-ameghino-marin","generate-columns","tablet-grid-50","mobile-grid-100","grid-parent","grid-50"],"jetpack_publicize_connections":[],"jetpack_featured_media_url":"","wps_subtitle":"","jetpack_sharing_enabled":true,"_links":{"self":[{"href":"https:\/\/www.hoymercedes.com.ar\/principal\/wp-json\/wp\/v2\/posts\/9463","targetHints":{"allow":["GET"]}}],"collection":[{"href":"https:\/\/www.hoymercedes.com.ar\/principal\/wp-json\/wp\/v2\/posts"}],"about":[{"href":"https:\/\/www.hoymercedes.com.ar\/principal\/wp-json\/wp\/v2\/types\/post"}],"author":[{"embeddable":true,"href":"https:\/\/www.hoymercedes.com.ar\/principal\/wp-json\/wp\/v2\/users\/1"}],"replies":[{"embeddable":true,"href":"https:\/\/www.hoymercedes.com.ar\/principal\/wp-json\/wp\/v2\/comments?post=9463"}],"version-history":[{"count":0,"href":"https:\/\/www.hoymercedes.com.ar\/principal\/wp-json\/wp\/v2\/posts\/9463\/revisions"}],"wp:attachment":[{"href":"https:\/\/www.hoymercedes.com.ar\/principal\/wp-json\/wp\/v2\/media?parent=9463"}],"wp:term":[{"taxonomy":"category","embeddable":true,"href":"https:\/\/www.hoymercedes.com.ar\/principal\/wp-json\/wp\/v2\/categories?post=9463"},{"taxonomy":"post_tag","embeddable":true,"href":"https:\/\/www.hoymercedes.com.ar\/principal\/wp-json\/wp\/v2\/tags?post=9463"}],"curies":[{"name":"wp","href":"https:\/\/api.w.org\/{rel}","templated":true}]}}