{"id":94648,"date":"2019-06-07T19:56:04","date_gmt":"2019-06-07T22:56:04","guid":{"rendered":"http:\/\/www.hoymercedes.com.ar\/principal\/?p=94648"},"modified":"2019-06-07T15:38:23","modified_gmt":"2019-06-07T18:38:23","slug":"matias-silvestre-le-informo-a-nicolas-burdisso-que-no-volvera-a-boca","status":"publish","type":"post","link":"https:\/\/www.hoymercedes.com.ar\/principal\/2019\/06\/07\/matias-silvestre-le-informo-a-nicolas-burdisso-que-no-volvera-a-boca\/","title":{"rendered":"Mat\u00edas Silvestre le inform\u00f3 a Nicol\u00e1s Burdisso que no volver\u00e1 a Boca"},"content":{"rendered":"\n<p>TyC Sports.  Las \u00faltimas horas no fueron con buenas noticias para Boca en lo relativo al mercado de pases, con\u00a0el alejamiento en las negociaciones por Ever Banega\u00a0y la<strong>\u00a0negativa de Mat\u00edas Silvestre de volver al Xeneize.<\/strong><\/p>\n\n\n\n<figure class=\"wp-block-image\"><img loading=\"lazy\" decoding=\"async\" width=\"1024\" height=\"575\" data-attachment-id=\"94649\" data-permalink=\"https:\/\/www.hoymercedes.com.ar\/principal\/2019\/06\/07\/matias-silvestre-le-informo-a-nicolas-burdisso-que-no-volvera-a-boca\/matias-silvestre_-empoli\/#main\" data-orig-file=\"https:\/\/www.hoymercedes.com.ar\/principal\/wp-content\/uploads\/2019\/06\/matias-silvestre_-Empoli.jpg\" data-orig-size=\"1440,809\" data-comments-opened=\"0\" data-image-meta=\"{&quot;aperture&quot;:&quot;0&quot;,&quot;credit&quot;:&quot;&quot;,&quot;camera&quot;:&quot;&quot;,&quot;caption&quot;:&quot;&quot;,&quot;created_timestamp&quot;:&quot;0&quot;,&quot;copyright&quot;:&quot;&quot;,&quot;focal_length&quot;:&quot;0&quot;,&quot;iso&quot;:&quot;0&quot;,&quot;shutter_speed&quot;:&quot;0&quot;,&quot;title&quot;:&quot;&quot;,&quot;orientation&quot;:&quot;0&quot;}\" data-image-title=\"matias-silvestre_-Empoli\" data-image-description=\"\" data-image-caption=\"\" data-large-file=\"https:\/\/www.hoymercedes.com.ar\/principal\/wp-content\/uploads\/2019\/06\/matias-silvestre_-Empoli-1024x575.jpg\" src=\"https:\/\/www.hoymercedes.com.ar\/principal\/wp-content\/uploads\/2019\/06\/matias-silvestre_-Empoli-1024x575.jpg\" alt=\"\" class=\"wp-image-94649\" srcset=\"https:\/\/www.hoymercedes.com.ar\/principal\/wp-content\/uploads\/2019\/06\/matias-silvestre_-Empoli-1024x575.jpg 1024w, https:\/\/www.hoymercedes.com.ar\/principal\/wp-content\/uploads\/2019\/06\/matias-silvestre_-Empoli-150x84.jpg 150w, https:\/\/www.hoymercedes.com.ar\/principal\/wp-content\/uploads\/2019\/06\/matias-silvestre_-Empoli-630x354.jpg 630w, https:\/\/www.hoymercedes.com.ar\/principal\/wp-content\/uploads\/2019\/06\/matias-silvestre_-Empoli.jpg 1440w\" sizes=\"auto, (max-width: 1024px) 100vw, 1024px\" \/><\/figure>\n\n\n\n<p><strong>El zaguero, de 34 a\u00f1os, hab\u00eda comenzado a sonar con fuerza luego de que su equipo, el Empoli, descendiera a la Serie B.\u00a0<\/strong>Sin embargo, surgieron otros pretendientes en Italia, entre ellos el recientemente ascendido Lecce, que se entrometieron en las intenciones de Boca.<\/p>\n\n\n\n<p>As\u00ed las cosas, el Xeneize deber\u00e1 apuntar para otro lado. Entre los puestos a reforzar, el de defensor central es una de las prioridades de\u00a0Gustavo Alfaro.\u00a0Un volante mixto (suena Daniele De Rossi)\u00a0y otro por afuera (Eduardo Salvio\u00a0y Maxi Meza) son los otros objetivos.<\/p>\n\n\n\n<p>Silvestre surgi\u00f3 de las Inferiores de Boca y debut\u00f3 en Primera en 2003. Luego pas\u00f3 por Catania, Palermo, Inter, Milan, Sampdoria y Empoli.<\/p>\n","protected":false},"excerpt":{"rendered":"<p>TyC Sports. Las \u00faltimas horas no fueron con buenas noticias para Boca en lo relativo al mercado de pases, con\u00a0el &#8230; <a title=\"Mat\u00edas Silvestre le inform\u00f3 a Nicol\u00e1s Burdisso que no volver\u00e1 a Boca\" class=\"read-more\" href=\"https:\/\/www.hoymercedes.com.ar\/principal\/2019\/06\/07\/matias-silvestre-le-informo-a-nicolas-burdisso-que-no-volvera-a-boca\/\" aria-label=\"Leer m\u00e1s sobre Mat\u00edas Silvestre le inform\u00f3 a Nicol\u00e1s Burdisso que no volver\u00e1 a Boca\">Leer m\u00e1s<\/a><\/p>\n","protected":false},"author":1,"featured_media":94649,"comment_status":"closed","ping_status":"open","sticky":false,"template":"","format":"standard","meta":{"_monsterinsights_skip_tracking":false,"_monsterinsights_sitenote_active":false,"_monsterinsights_sitenote_note":"","_monsterinsights_sitenote_category":0,"jetpack_post_was_ever_published":false,"_jetpack_newsletter_access":"","_jetpack_dont_email_post_to_subs":false,"_jetpack_newsletter_tier_id":0,"_jetpack_memberships_contains_paywalled_content":false,"_jetpack_memberships_contains_paid_content":false,"footnotes":"","jetpack_publicize_message":"","jetpack_publicize_feature_enabled":true,"jetpack_social_post_already_shared":true,"jetpack_social_options":{"image_generator_settings":{"template":"highway","default_image_id":0,"font":"","enabled":false},"version":2},"_wpas_customize_per_network":false},"categories":[21],"tags":[3130,204,13572,753],"class_list":["post-94648","post","type-post","status-publish","format-standard","has-post-thumbnail","hentry","category-deportes","tag-boca-juniors","tag-deportes-2","tag-empoli","tag-matias-silvestre","generate-columns","tablet-grid-50","mobile-grid-100","grid-parent","grid-50"],"jetpack_publicize_connections":[],"jetpack_featured_media_url":"https:\/\/www.hoymercedes.com.ar\/principal\/wp-content\/uploads\/2019\/06\/matias-silvestre_-Empoli.jpg","wps_subtitle":"La Legi\u00f3n","jetpack_sharing_enabled":true,"_links":{"self":[{"href":"https:\/\/www.hoymercedes.com.ar\/principal\/wp-json\/wp\/v2\/posts\/94648","targetHints":{"allow":["GET"]}}],"collection":[{"href":"https:\/\/www.hoymercedes.com.ar\/principal\/wp-json\/wp\/v2\/posts"}],"about":[{"href":"https:\/\/www.hoymercedes.com.ar\/principal\/wp-json\/wp\/v2\/types\/post"}],"author":[{"embeddable":true,"href":"https:\/\/www.hoymercedes.com.ar\/principal\/wp-json\/wp\/v2\/users\/1"}],"replies":[{"embeddable":true,"href":"https:\/\/www.hoymercedes.com.ar\/principal\/wp-json\/wp\/v2\/comments?post=94648"}],"version-history":[{"count":0,"href":"https:\/\/www.hoymercedes.com.ar\/principal\/wp-json\/wp\/v2\/posts\/94648\/revisions"}],"wp:featuredmedia":[{"embeddable":true,"href":"https:\/\/www.hoymercedes.com.ar\/principal\/wp-json\/wp\/v2\/media\/94649"}],"wp:attachment":[{"href":"https:\/\/www.hoymercedes.com.ar\/principal\/wp-json\/wp\/v2\/media?parent=94648"}],"wp:term":[{"taxonomy":"category","embeddable":true,"href":"https:\/\/www.hoymercedes.com.ar\/principal\/wp-json\/wp\/v2\/categories?post=94648"},{"taxonomy":"post_tag","embeddable":true,"href":"https:\/\/www.hoymercedes.com.ar\/principal\/wp-json\/wp\/v2\/tags?post=94648"}],"curies":[{"name":"wp","href":"https:\/\/api.w.org\/{rel}","templated":true}]}}