{"id":94652,"date":"2019-06-07T22:49:25","date_gmt":"2019-06-08T01:49:25","guid":{"rendered":"http:\/\/www.hoymercedes.com.ar\/principal\/?p=94652"},"modified":"2019-06-06T22:52:52","modified_gmt":"2019-06-07T01:52:52","slug":"federico-lertora-a-un-paso-de-ser-jugador-de-atletico-de-tucuman","status":"publish","type":"post","link":"https:\/\/www.hoymercedes.com.ar\/principal\/2019\/06\/07\/federico-lertora-a-un-paso-de-ser-jugador-de-atletico-de-tucuman\/","title":{"rendered":"Federico L\u00e9rtora a un paso de ser jugador de Atl\u00e9tico de Tucum\u00e1n"},"content":{"rendered":"\n<p><strong>Mundo Ascenso.<\/strong> Mientras se confirm\u00f3 el festejo de la llegada del delantero Pablo Vegetti proveniente de Instituto de C\u00f3rdoba, podr\u00eda haber una baja ya que desde Tucum\u00e1n se\u00f1alaron que Federico L\u00e9rtora estar\u00eda a un paso de sumarse a Atl\u00e9tico e incluso el jugador llegar\u00e1 a esa provincia esta semana. Ricardo Zielinski no tendr\u00e1 en cuenta a Juan Ignacio Mercier y el jugador Pirata ser\u00eda el elegido por encima de N\u00e9stor Ortigoza. <\/p>\n\n\n\n<figure class=\"wp-block-image\"><img loading=\"lazy\" decoding=\"async\" width=\"1024\" height=\"681\" data-attachment-id=\"94653\" data-permalink=\"https:\/\/www.hoymercedes.com.ar\/principal\/2019\/06\/07\/federico-lertora-a-un-paso-de-ser-jugador-de-atletico-de-tucuman\/federico-lertora-vs-godoy-cruz-descenso-2\/#main\" data-orig-file=\"https:\/\/www.hoymercedes.com.ar\/principal\/wp-content\/uploads\/2019\/06\/Federico-L\u00e9rtora-Vs-Godoy-Cruz-descenso.jpeg\" data-orig-size=\"1072,713\" data-comments-opened=\"0\" data-image-meta=\"{&quot;aperture&quot;:&quot;0&quot;,&quot;credit&quot;:&quot;&quot;,&quot;camera&quot;:&quot;&quot;,&quot;caption&quot;:&quot;&quot;,&quot;created_timestamp&quot;:&quot;0&quot;,&quot;copyright&quot;:&quot;&quot;,&quot;focal_length&quot;:&quot;0&quot;,&quot;iso&quot;:&quot;0&quot;,&quot;shutter_speed&quot;:&quot;0&quot;,&quot;title&quot;:&quot;&quot;,&quot;orientation&quot;:&quot;0&quot;}\" data-image-title=\"Federico-L\u00e9rtora-Vs-Godoy-Cruz-descenso\" data-image-description=\"\" data-image-caption=\"\" data-large-file=\"https:\/\/www.hoymercedes.com.ar\/principal\/wp-content\/uploads\/2019\/06\/Federico-L\u00e9rtora-Vs-Godoy-Cruz-descenso-1024x681.jpeg\" src=\"https:\/\/www.hoymercedes.com.ar\/principal\/wp-content\/uploads\/2019\/06\/Federico-L\u00e9rtora-Vs-Godoy-Cruz-descenso-1024x681.jpeg\" alt=\"\" class=\"wp-image-94653\" srcset=\"https:\/\/www.hoymercedes.com.ar\/principal\/wp-content\/uploads\/2019\/06\/Federico-L\u00e9rtora-Vs-Godoy-Cruz-descenso-1024x681.jpeg 1024w, https:\/\/www.hoymercedes.com.ar\/principal\/wp-content\/uploads\/2019\/06\/Federico-L\u00e9rtora-Vs-Godoy-Cruz-descenso-150x100.jpeg 150w, https:\/\/www.hoymercedes.com.ar\/principal\/wp-content\/uploads\/2019\/06\/Federico-L\u00e9rtora-Vs-Godoy-Cruz-descenso-630x419.jpeg 630w, https:\/\/www.hoymercedes.com.ar\/principal\/wp-content\/uploads\/2019\/06\/Federico-L\u00e9rtora-Vs-Godoy-Cruz-descenso-720x480.jpeg 720w, https:\/\/www.hoymercedes.com.ar\/principal\/wp-content\/uploads\/2019\/06\/Federico-L\u00e9rtora-Vs-Godoy-Cruz-descenso-360x240.jpeg 360w, https:\/\/www.hoymercedes.com.ar\/principal\/wp-content\/uploads\/2019\/06\/Federico-L\u00e9rtora-Vs-Godoy-Cruz-descenso.jpeg 1072w\" sizes=\"auto, (max-width: 1024px) 100vw, 1024px\" \/><\/figure>\n\n\n\n<p>En tanto que se espera una resoluci\u00f3n sobre el futuro de los arqueros, ya que Leonardo Acosta estar\u00eda en carpeta de Racing de Avellaneda, Lanus, Col\u00f3n de Santa Fe y Nacional de Montevideo. Mientras que Cesar Rigamonti tambi\u00e9n es una opci\u00f3n en el Sabalero de Pablo Lavallen que ya no cuenta con el uruguayo Leonardo Burian. <\/p>\n","protected":false},"excerpt":{"rendered":"<p>Mundo Ascenso. Mientras se confirm\u00f3 el festejo de la llegada del delantero Pablo Vegetti proveniente de Instituto de C\u00f3rdoba, podr\u00eda &#8230; <a title=\"Federico L\u00e9rtora a un paso de ser jugador de Atl\u00e9tico de Tucum\u00e1n\" class=\"read-more\" href=\"https:\/\/www.hoymercedes.com.ar\/principal\/2019\/06\/07\/federico-lertora-a-un-paso-de-ser-jugador-de-atletico-de-tucuman\/\" aria-label=\"Leer m\u00e1s sobre Federico L\u00e9rtora a un paso de ser jugador de Atl\u00e9tico de Tucum\u00e1n\">Leer m\u00e1s<\/a><\/p>\n","protected":false},"author":1,"featured_media":94653,"comment_status":"closed","ping_status":"open","sticky":false,"template":"","format":"standard","meta":{"_monsterinsights_skip_tracking":false,"_monsterinsights_sitenote_active":false,"_monsterinsights_sitenote_note":"","_monsterinsights_sitenote_category":0,"jetpack_post_was_ever_published":false,"_jetpack_newsletter_access":"","_jetpack_dont_email_post_to_subs":false,"_jetpack_newsletter_tier_id":0,"_jetpack_memberships_contains_paywalled_content":false,"_jetpack_memberships_contains_paid_content":false,"footnotes":"","jetpack_publicize_message":"","jetpack_publicize_feature_enabled":true,"jetpack_social_post_already_shared":true,"jetpack_social_options":{"image_generator_settings":{"template":"highway","default_image_id":0,"font":"","enabled":false},"version":2},"_wpas_customize_per_network":false},"categories":[21],"tags":[15201,15271,1800],"class_list":["post-94652","post","type-post","status-publish","format-standard","has-post-thumbnail","hentry","category-deportes","tag-atletico-tucuman","tag-belgrano-de-cordona","tag-federico-lertora","generate-columns","tablet-grid-50","mobile-grid-100","grid-parent","grid-50"],"jetpack_publicize_connections":[],"jetpack_featured_media_url":"https:\/\/www.hoymercedes.com.ar\/principal\/wp-content\/uploads\/2019\/06\/Federico-L\u00e9rtora-Vs-Godoy-Cruz-descenso.jpeg","wps_subtitle":"La Legi\u00f3n","jetpack_sharing_enabled":true,"_links":{"self":[{"href":"https:\/\/www.hoymercedes.com.ar\/principal\/wp-json\/wp\/v2\/posts\/94652","targetHints":{"allow":["GET"]}}],"collection":[{"href":"https:\/\/www.hoymercedes.com.ar\/principal\/wp-json\/wp\/v2\/posts"}],"about":[{"href":"https:\/\/www.hoymercedes.com.ar\/principal\/wp-json\/wp\/v2\/types\/post"}],"author":[{"embeddable":true,"href":"https:\/\/www.hoymercedes.com.ar\/principal\/wp-json\/wp\/v2\/users\/1"}],"replies":[{"embeddable":true,"href":"https:\/\/www.hoymercedes.com.ar\/principal\/wp-json\/wp\/v2\/comments?post=94652"}],"version-history":[{"count":0,"href":"https:\/\/www.hoymercedes.com.ar\/principal\/wp-json\/wp\/v2\/posts\/94652\/revisions"}],"wp:featuredmedia":[{"embeddable":true,"href":"https:\/\/www.hoymercedes.com.ar\/principal\/wp-json\/wp\/v2\/media\/94653"}],"wp:attachment":[{"href":"https:\/\/www.hoymercedes.com.ar\/principal\/wp-json\/wp\/v2\/media?parent=94652"}],"wp:term":[{"taxonomy":"category","embeddable":true,"href":"https:\/\/www.hoymercedes.com.ar\/principal\/wp-json\/wp\/v2\/categories?post=94652"},{"taxonomy":"post_tag","embeddable":true,"href":"https:\/\/www.hoymercedes.com.ar\/principal\/wp-json\/wp\/v2\/tags?post=94652"}],"curies":[{"name":"wp","href":"https:\/\/api.w.org\/{rel}","templated":true}]}}