{"id":94656,"date":"2019-06-07T09:00:57","date_gmt":"2019-06-07T12:00:57","guid":{"rendered":"http:\/\/www.hoymercedes.com.ar\/principal\/?p=94656"},"modified":"2019-06-07T09:29:19","modified_gmt":"2019-06-07T12:29:19","slug":"un-aprehendido-por-robar-una-tricicleta-en-el-centro","status":"publish","type":"post","link":"https:\/\/www.hoymercedes.com.ar\/principal\/2019\/06\/07\/un-aprehendido-por-robar-una-tricicleta-en-el-centro\/","title":{"rendered":"Un aprehendido por  robar una tricicleta en el centro"},"content":{"rendered":"\n<p>D\u00edas pasados las redes sociales se hicieron eco de la denuncia de una vecina de la ciudad de Mercedes estudiante del nivel terciario, por el hurto de una tricicleta que utilizaba para movilizarse, y que le hab\u00eda sido sustra\u00edda cuando la dej\u00f3 estacionada en el bicicletero de calles 15 y 24, frente al Instituto N\u00b0 7. El hecho ocurri\u00f3 alrededor de las 19:25 horas del pasado martes 4 de junio.<\/p>\n\n\n\n<p>Tras percatarse del faltante se realiz\u00f3 la correspondiente denuncia policial. De tareas investigativas a cargo de personal de la Comisar\u00eda Mercedes Segunda, observando en la jornada del mi\u00e9rcoles las c\u00e1maras de seguridad p\u00fablicas desde el Centro de Monitoreo Municipal, con el apoyo del Gabinete T\u00e9cnico Operativo de la Estaci\u00f3n Comunal Mercedes se lograron elementos que aportaron la individualizaci\u00f3n del autor y del posible domicilio donde se encontrar\u00eda el rodado. <\/p>\n\n\n\n<p>Tras ello, el\nagente fiscal doctor Luis Carcagno, a cargo de la Unidad Funcional de\nInstrucci\u00f3n y Juicio N\u00ba 6 departamental dispuso &#8211; de acuerdo a&nbsp; facultades aut\u00f3nomas que le asisten \u2013 un\nallanamiento de la vivienda ubicada en inmediaciones de calle 20 entre 59 y 61.\nEl procedimiento se realiz\u00f3 en las primeras horas de la jornada de hoy y cont\u00f3\ncon el aval del Juzgado de Garant\u00edas actuante. En el marco del mismo, fue\naprehendido un sujeto mayor de edad.<\/p>\n\n\n\n<p>Vale destacar que en la vivienda se encontr\u00f3 parte del rodado que hab\u00eda sido desguazado por el imputado. Los elementos fueron secuestrados y exhibidos a las v\u00edctimas para su reconocimiento. La joven estudiante lament\u00f3 haber encontrado su veh\u00edculo desarmado, pero conforme porque s\u00f3lo tendr\u00eda que armarla y as\u00ed usarla para su movilidad. <\/p>\n\n\n\n<p>Imputado como autor del delito de \u201cHurto agravado de veh\u00edculo dejado en la v\u00eda p\u00fablica\u201d compareci\u00f3 ante el dr. Carcagno para prestar declaraci\u00f3n indagatoria en la jornada de hoy.<\/p>\n","protected":false},"excerpt":{"rendered":"<p>D\u00edas pasados las redes sociales se hicieron eco de la denuncia de una vecina de la ciudad de Mercedes estudiante &#8230; <a title=\"Un aprehendido por  robar una tricicleta en el centro\" class=\"read-more\" href=\"https:\/\/www.hoymercedes.com.ar\/principal\/2019\/06\/07\/un-aprehendido-por-robar-una-tricicleta-en-el-centro\/\" aria-label=\"Leer m\u00e1s sobre Un aprehendido por  robar una tricicleta en el centro\">Leer m\u00e1s<\/a><\/p>\n","protected":false},"author":1,"featured_media":94657,"comment_status":"closed","ping_status":"open","sticky":false,"template":"","format":"standard","meta":{"_monsterinsights_skip_tracking":false,"_monsterinsights_sitenote_active":false,"_monsterinsights_sitenote_note":"","_monsterinsights_sitenote_category":0,"jetpack_post_was_ever_published":false,"_jetpack_newsletter_access":"","_jetpack_dont_email_post_to_subs":false,"_jetpack_newsletter_tier_id":0,"_jetpack_memberships_contains_paywalled_content":false,"_jetpack_memberships_contains_paid_content":false,"footnotes":"","jetpack_publicize_message":"","jetpack_publicize_feature_enabled":true,"jetpack_social_post_already_shared":true,"jetpack_social_options":{"image_generator_settings":{"template":"highway","default_image_id":0,"font":"","enabled":false},"version":2},"_wpas_customize_per_network":false},"categories":[85],"tags":[14998,96],"class_list":["post-94656","post","type-post","status-publish","format-standard","has-post-thumbnail","hentry","category-policial","tag-ministerio-publico-fiscal","tag-policial-2","generate-columns","tablet-grid-50","mobile-grid-100","grid-parent","grid-50"],"jetpack_publicize_connections":[],"jetpack_featured_media_url":"https:\/\/www.hoymercedes.com.ar\/principal\/wp-content\/uploads\/2019\/06\/07-tricicleta.jpg","wps_subtitle":"","jetpack_sharing_enabled":true,"_links":{"self":[{"href":"https:\/\/www.hoymercedes.com.ar\/principal\/wp-json\/wp\/v2\/posts\/94656","targetHints":{"allow":["GET"]}}],"collection":[{"href":"https:\/\/www.hoymercedes.com.ar\/principal\/wp-json\/wp\/v2\/posts"}],"about":[{"href":"https:\/\/www.hoymercedes.com.ar\/principal\/wp-json\/wp\/v2\/types\/post"}],"author":[{"embeddable":true,"href":"https:\/\/www.hoymercedes.com.ar\/principal\/wp-json\/wp\/v2\/users\/1"}],"replies":[{"embeddable":true,"href":"https:\/\/www.hoymercedes.com.ar\/principal\/wp-json\/wp\/v2\/comments?post=94656"}],"version-history":[{"count":0,"href":"https:\/\/www.hoymercedes.com.ar\/principal\/wp-json\/wp\/v2\/posts\/94656\/revisions"}],"wp:featuredmedia":[{"embeddable":true,"href":"https:\/\/www.hoymercedes.com.ar\/principal\/wp-json\/wp\/v2\/media\/94657"}],"wp:attachment":[{"href":"https:\/\/www.hoymercedes.com.ar\/principal\/wp-json\/wp\/v2\/media?parent=94656"}],"wp:term":[{"taxonomy":"category","embeddable":true,"href":"https:\/\/www.hoymercedes.com.ar\/principal\/wp-json\/wp\/v2\/categories?post=94656"},{"taxonomy":"post_tag","embeddable":true,"href":"https:\/\/www.hoymercedes.com.ar\/principal\/wp-json\/wp\/v2\/tags?post=94656"}],"curies":[{"name":"wp","href":"https:\/\/api.w.org\/{rel}","templated":true}]}}