{"id":94672,"date":"2019-06-07T15:00:26","date_gmt":"2019-06-07T18:00:26","guid":{"rendered":"http:\/\/www.hoymercedes.com.ar\/principal\/?p=94672"},"modified":"2019-06-07T15:15:30","modified_gmt":"2019-06-07T18:15:30","slug":"carlos-selva-el-gobierno-esta-reculando-en-chancletas","status":"publish","type":"post","link":"https:\/\/www.hoymercedes.com.ar\/principal\/2019\/06\/07\/carlos-selva-el-gobierno-esta-reculando-en-chancletas\/","title":{"rendered":"Carlos Selva: \u201cEl gobierno est\u00e1 reculando en chancletas\u201d"},"content":{"rendered":"\n<p>El diputado nacional Carlos Selva, en di\u00e1logo con un medio radial comunitario de Capital Federal, dio a conocer algunos de sus pensamientos sobre el armado de las listas y las candidaturas presidenciales y bonaerenses, sobre todo desde su pertenencia al espacio de Sergio Massa.<\/p>\n\n\n\n<figure class=\"wp-block-image\"><img loading=\"lazy\" decoding=\"async\" width=\"512\" height=\"335\" data-attachment-id=\"94673\" data-permalink=\"https:\/\/www.hoymercedes.com.ar\/principal\/2019\/06\/07\/carlos-selva-el-gobierno-esta-reculando-en-chancletas\/07-selvaenyou\/#main\" data-orig-file=\"https:\/\/www.hoymercedes.com.ar\/principal\/wp-content\/uploads\/2019\/06\/07-selvaenyou.jpg\" data-orig-size=\"512,335\" data-comments-opened=\"0\" data-image-meta=\"{&quot;aperture&quot;:&quot;0&quot;,&quot;credit&quot;:&quot;&quot;,&quot;camera&quot;:&quot;&quot;,&quot;caption&quot;:&quot;&quot;,&quot;created_timestamp&quot;:&quot;0&quot;,&quot;copyright&quot;:&quot;&quot;,&quot;focal_length&quot;:&quot;0&quot;,&quot;iso&quot;:&quot;0&quot;,&quot;shutter_speed&quot;:&quot;0&quot;,&quot;title&quot;:&quot;&quot;,&quot;orientation&quot;:&quot;0&quot;}\" data-image-title=\"07 selvaenyou\" data-image-description=\"\" data-image-caption=\"\" data-large-file=\"https:\/\/www.hoymercedes.com.ar\/principal\/wp-content\/uploads\/2019\/06\/07-selvaenyou.jpg\" src=\"https:\/\/www.hoymercedes.com.ar\/principal\/wp-content\/uploads\/2019\/06\/07-selvaenyou.jpg\" alt=\"\" class=\"wp-image-94673\" srcset=\"https:\/\/www.hoymercedes.com.ar\/principal\/wp-content\/uploads\/2019\/06\/07-selvaenyou.jpg 512w, https:\/\/www.hoymercedes.com.ar\/principal\/wp-content\/uploads\/2019\/06\/07-selvaenyou-150x98.jpg 150w\" sizes=\"auto, (max-width: 512px) 100vw, 512px\" \/><\/figure>\n\n\n\n<p>\u201cEl gobierno est\u00e1 reculando en chancletas, a partir de esta noticia hay que tener presente qui\u00e9n es el ventajista: si vos haces un decreto para prohibir las colectoras y ahora la med\u00eds, no te da ventaja y rebobin\u00e1s, la sociedad tiene que tener en claro que pretenden sacar solamente ventaja electoral\u201d, dijo el diputado nacional por el Frente Renovador Carlos Selva, en di\u00e1logo con una radio del a provincia.<\/p>\n\n\n\n<p>El ex intendente de Mercedes anticip\u00f3 que la jugada de Cambiemos puede jugarle en contra, ya que \u201cesta movida se habilita para todos\u201d. Pese a que aun el massismo pertenece al espacio junto a Juan Schiaretti, Juan Manuel Urtubey y Miguel \u00c1ngel Pichetto, la negociaci\u00f3n con el kirchnerismo se solidifica, a tal punto que los propios dirigentes massistas dieron a entender que la coalici\u00f3n se formalizar\u00eda acordando cinco puntos: el programa de gobierno, las listas y candidaturas, el nombre del frente y las l\u00edneas centrales de la campa\u00f1a y de la estrategia electoral.<\/p>\n\n\n\n<p>\u201cNo hemos sido todo lo capaces que requer\u00eda la coyuntura, vemos la polarizaci\u00f3n, hoy el pa\u00eds demanda volver a discutir cuales son las prioridades y lo que nos une con el kirchnerismo es que estamos en contra de este modelo\u201d, reconoci\u00f3 Selva, uno de aquellos que ve con buenos ojos el acercamiento entre ambos partidos. \u201cHay que generar un frente electoral que trate de unificar a la oposici\u00f3n, no es una tarea solamente nuestra\u201d, advirti\u00f3 el ex Jefe Comunal que gan\u00f3 las elecciones locales de 2007 y 2011 con el sello del Frente para la Victoria y en 2013 pas\u00f3 el Frente Renovador. <\/p>\n","protected":false},"excerpt":{"rendered":"<p>El diputado nacional Carlos Selva, en di\u00e1logo con un medio radial comunitario de Capital Federal, dio a conocer algunos de &#8230; <a title=\"Carlos Selva: \u201cEl gobierno est\u00e1 reculando en chancletas\u201d\" class=\"read-more\" href=\"https:\/\/www.hoymercedes.com.ar\/principal\/2019\/06\/07\/carlos-selva-el-gobierno-esta-reculando-en-chancletas\/\" aria-label=\"Leer m\u00e1s sobre Carlos Selva: \u201cEl gobierno est\u00e1 reculando en chancletas\u201d\">Leer m\u00e1s<\/a><\/p>\n","protected":false},"author":1,"featured_media":94673,"comment_status":"closed","ping_status":"open","sticky":false,"template":"","format":"standard","meta":{"_monsterinsights_skip_tracking":false,"_monsterinsights_sitenote_active":false,"_monsterinsights_sitenote_note":"","_monsterinsights_sitenote_category":0,"jetpack_post_was_ever_published":false,"_jetpack_newsletter_access":"","_jetpack_dont_email_post_to_subs":false,"_jetpack_newsletter_tier_id":0,"_jetpack_memberships_contains_paywalled_content":false,"_jetpack_memberships_contains_paid_content":false,"footnotes":"","jetpack_publicize_message":"","jetpack_publicize_feature_enabled":true,"jetpack_social_post_already_shared":true,"jetpack_social_options":{"image_generator_settings":{"template":"highway","default_image_id":0,"font":"","enabled":false},"version":2},"_wpas_customize_per_network":false},"categories":[5210],"tags":[39,3537,10113],"class_list":["post-94672","post","type-post","status-publish","format-standard","has-post-thumbnail","hentry","category-politica-nacional","tag-carlos-selva","tag-frente-renovador","tag-politica-nacional","generate-columns","tablet-grid-50","mobile-grid-100","grid-parent","grid-50"],"jetpack_publicize_connections":[],"jetpack_featured_media_url":"https:\/\/www.hoymercedes.com.ar\/principal\/wp-content\/uploads\/2019\/06\/07-selvaenyou.jpg","wps_subtitle":"","jetpack_sharing_enabled":true,"_links":{"self":[{"href":"https:\/\/www.hoymercedes.com.ar\/principal\/wp-json\/wp\/v2\/posts\/94672","targetHints":{"allow":["GET"]}}],"collection":[{"href":"https:\/\/www.hoymercedes.com.ar\/principal\/wp-json\/wp\/v2\/posts"}],"about":[{"href":"https:\/\/www.hoymercedes.com.ar\/principal\/wp-json\/wp\/v2\/types\/post"}],"author":[{"embeddable":true,"href":"https:\/\/www.hoymercedes.com.ar\/principal\/wp-json\/wp\/v2\/users\/1"}],"replies":[{"embeddable":true,"href":"https:\/\/www.hoymercedes.com.ar\/principal\/wp-json\/wp\/v2\/comments?post=94672"}],"version-history":[{"count":0,"href":"https:\/\/www.hoymercedes.com.ar\/principal\/wp-json\/wp\/v2\/posts\/94672\/revisions"}],"wp:featuredmedia":[{"embeddable":true,"href":"https:\/\/www.hoymercedes.com.ar\/principal\/wp-json\/wp\/v2\/media\/94673"}],"wp:attachment":[{"href":"https:\/\/www.hoymercedes.com.ar\/principal\/wp-json\/wp\/v2\/media?parent=94672"}],"wp:term":[{"taxonomy":"category","embeddable":true,"href":"https:\/\/www.hoymercedes.com.ar\/principal\/wp-json\/wp\/v2\/categories?post=94672"},{"taxonomy":"post_tag","embeddable":true,"href":"https:\/\/www.hoymercedes.com.ar\/principal\/wp-json\/wp\/v2\/tags?post=94672"}],"curies":[{"name":"wp","href":"https:\/\/api.w.org\/{rel}","templated":true}]}}