{"id":94679,"date":"2019-06-07T16:00:48","date_gmt":"2019-06-07T19:00:48","guid":{"rendered":"http:\/\/www.hoymercedes.com.ar\/principal\/?p=94679"},"modified":"2019-06-07T15:39:13","modified_gmt":"2019-06-07T18:39:13","slug":"suspenden-espectaculo-en-colegio-nacional","status":"publish","type":"post","link":"https:\/\/www.hoymercedes.com.ar\/principal\/2019\/06\/07\/suspenden-espectaculo-en-colegio-nacional\/","title":{"rendered":"Suspenden espect\u00e1culo en Colegio Nacional"},"content":{"rendered":"\n<p>Las autoridades del Centro de Egresados del Colegio Nacional, organizadores del ciclo Proarte Mercedes, comunicaron que, por causas laborales en el Teatro Col\u00f3n de Buenos Aires, el grupo de artistas que participar\u00eda en la velada l\u00edrica que se hab\u00eda organizado para el s\u00e1bado 8 de junio, se ha postergado para el s\u00e1bado 5 de octubre a la hora 20.30. M\u00e1s adelante daremos m\u00e1s informaci\u00f3n de lo proyectado para dicha \u00faltima fecha. <\/p>\n","protected":false},"excerpt":{"rendered":"<p>Las autoridades del Centro de Egresados del Colegio Nacional, organizadores del ciclo Proarte Mercedes, comunicaron que, por causas laborales en &#8230; <a title=\"Suspenden espect\u00e1culo en Colegio Nacional\" class=\"read-more\" href=\"https:\/\/www.hoymercedes.com.ar\/principal\/2019\/06\/07\/suspenden-espectaculo-en-colegio-nacional\/\" aria-label=\"Leer m\u00e1s sobre Suspenden espect\u00e1culo en Colegio Nacional\">Leer m\u00e1s<\/a><\/p>\n","protected":false},"author":1,"featured_media":94587,"comment_status":"closed","ping_status":"open","sticky":false,"template":"","format":"standard","meta":{"_monsterinsights_skip_tracking":false,"_monsterinsights_sitenote_active":false,"_monsterinsights_sitenote_note":"","_monsterinsights_sitenote_category":0,"jetpack_post_was_ever_published":false,"_jetpack_newsletter_access":"","_jetpack_dont_email_post_to_subs":false,"_jetpack_newsletter_tier_id":0,"_jetpack_memberships_contains_paywalled_content":false,"_jetpack_memberships_contains_paid_content":false,"footnotes":"","jetpack_publicize_message":"","jetpack_publicize_feature_enabled":true,"jetpack_social_post_already_shared":true,"jetpack_social_options":{"image_generator_settings":{"template":"highway","default_image_id":0,"font":"","enabled":false},"version":2},"_wpas_customize_per_network":false},"categories":[104],"tags":[15276,15275,465,7805],"class_list":["post-94679","post","type-post","status-publish","format-standard","has-post-thumbnail","hentry","category-cultura","tag-centro-de-egresado","tag-ciclo-de-musica","tag-colegio-nacional","tag-cultura","generate-columns","tablet-grid-50","mobile-grid-100","grid-parent","grid-50"],"jetpack_publicize_connections":[],"jetpack_featured_media_url":"https:\/\/www.hoymercedes.com.ar\/principal\/wp-content\/uploads\/2019\/06\/06-colegio-nacional.jpg","wps_subtitle":"Reprogramaci\u00f3n de espect\u00e1culo","jetpack_sharing_enabled":true,"_links":{"self":[{"href":"https:\/\/www.hoymercedes.com.ar\/principal\/wp-json\/wp\/v2\/posts\/94679","targetHints":{"allow":["GET"]}}],"collection":[{"href":"https:\/\/www.hoymercedes.com.ar\/principal\/wp-json\/wp\/v2\/posts"}],"about":[{"href":"https:\/\/www.hoymercedes.com.ar\/principal\/wp-json\/wp\/v2\/types\/post"}],"author":[{"embeddable":true,"href":"https:\/\/www.hoymercedes.com.ar\/principal\/wp-json\/wp\/v2\/users\/1"}],"replies":[{"embeddable":true,"href":"https:\/\/www.hoymercedes.com.ar\/principal\/wp-json\/wp\/v2\/comments?post=94679"}],"version-history":[{"count":0,"href":"https:\/\/www.hoymercedes.com.ar\/principal\/wp-json\/wp\/v2\/posts\/94679\/revisions"}],"wp:featuredmedia":[{"embeddable":true,"href":"https:\/\/www.hoymercedes.com.ar\/principal\/wp-json\/wp\/v2\/media\/94587"}],"wp:attachment":[{"href":"https:\/\/www.hoymercedes.com.ar\/principal\/wp-json\/wp\/v2\/media?parent=94679"}],"wp:term":[{"taxonomy":"category","embeddable":true,"href":"https:\/\/www.hoymercedes.com.ar\/principal\/wp-json\/wp\/v2\/categories?post=94679"},{"taxonomy":"post_tag","embeddable":true,"href":"https:\/\/www.hoymercedes.com.ar\/principal\/wp-json\/wp\/v2\/tags?post=94679"}],"curies":[{"name":"wp","href":"https:\/\/api.w.org\/{rel}","templated":true}]}}