{"id":9468,"date":"2011-11-30T11:22:54","date_gmt":"2011-11-30T11:22:54","guid":{"rendered":"http:\/\/www.hoymercedes.com.ar\/principal\/?p=9468"},"modified":"2011-11-30T11:22:54","modified_gmt":"2011-11-30T11:22:54","slug":"disertara-el-eminente-ginecologo-y-mastologo-dr-antonio-lorusso","status":"publish","type":"post","link":"https:\/\/www.hoymercedes.com.ar\/principal\/2011\/11\/30\/disertara-el-eminente-ginecologo-y-mastologo-dr-antonio-lorusso\/","title":{"rendered":"Disertar\u00e1  el eminente Ginec\u00f3logo y Mast\u00f3logo Dr. Antonio Lorusso"},"content":{"rendered":"<p>Convocado por la filial de nuestra ciudad de la Liga Argentina de Lucha contra el C\u00e1ncer (LALCEC) visitar\u00e1 Mercedes para participar de una charla que se llevar\u00e1 a cabo el jueves 1\u00b0 de diciembre a partir de las 18.30 en la C\u00e1mara Econ\u00f3mica el Profesor Antonio Lorusso, uno de los eminentes profesionales de la Rep\u00fablica Argentina en las especialidades de Ginecolog\u00eda y Mastolog\u00eda.<\/p>\n<p>La presidente de LALCEC Mercedes, Dra. L\u00eda Matilde Dulevich sostuvo \u201cel Dr. Antonio Lorusso es uno de los principales facultativos que trabaja con nuestra entidad a nivel nacional en todo lo que significa las tareas preventivas del C\u00e1ncer de Cuello Uterino y ese ser\u00e1 el tema central de la charola que dar\u00e1 en nuestra ciudad el 1\u00b0 de diciembre pr\u00f3ximo.<\/p>\n<p>Desde nuestra filial todos los a\u00f1os intentamos realizar diferentes encuentros, charlas y jornadas, como as\u00ed tambi\u00e9n buscar la manera de poder implementar ciertas acciones preventivas contra varios tipos de c\u00e1ncer y en esta oportunidad hemos cre\u00eddo muy oportuno poder contar con la presencia de uno de los eminentes m\u00e9dicos Ginec\u00f3logos y especialista el Mastolog\u00eda de nuestro pa\u00eds y de Am\u00e9rica Latina que como lo manifest\u00e9 trabaja al lado de nuestra entidad para hablarnos de la problem\u00e1tica del c\u00e1ncer de cuello uterino.<\/p>\n<p>Este tema se ha instalado entre la gente a partir de la decisi\u00f3n adoptada por el gobierno nacional, implementada desde el Ministerio de Salud, consistente en la vacunaci\u00f3n en todo el pa\u00eds de manera obligatoria de todas aquellas ni\u00f1as nacidas a lo largo del a\u00f1o 2000, es decir aquellas que ya han cumplido o cumplan en el mes que resta para finalizar el 2011, once a\u00f1os de vida.<\/p>\n<p>A partir de esta decisi\u00f3n de aplicar la vacuna contra el HPV (Virus del Papiloma Humano) a las ni\u00f1as de la edad mencionada ha hecho que incluso en nuestra sede hayamos comenzado a recibir una cantidad muy grande de consultas que efect\u00faan especialmente las mam\u00e1s de chicas que ahora tienen 12 a\u00f1os, habi\u00e9ndolos cumplido por ejemplo en los \u00faltimos tres o cuatro meses del este 2011, por tal motivo el Dr. Antonio Lorusso, m\u00e1s all\u00e1 de abordar otros teas relacionados con la prevenci\u00f3n, se va a referir con una explicaci\u00f3n especial a las causas por la cuales desde el Ministerio de estableci\u00f3 como edad los 11 a\u00f1o, ni antes ni despu\u00e9s, es decir que las madres podr\u00e1n despejar cualquier tipo de duda que lleguen a tener al respecto.<\/p>\n<p>Por otra parte entre los temas que se abordar\u00e1n en la charla podemos citar \u00bfCu\u00e1l es la enfermedad de c\u00e1ncer de \u00fatero?, \u00bfCu\u00e1l es la seriedad de la enfermedad?, \u00bfCual es la causa que la origina?, \u00bfC\u00f3mo se infecta una persona con HPV Oncog\u00e9nicos?, \u00bfCu\u00e1les son los signos o s\u00edntomas vinculados con el c\u00e1ncer de cuello uterino?, \u00bfC\u00f3mo puede prevenirse?, \u00bfQu\u00e9 es el PAPANICOLAOU? Y \u00bfQu\u00e9 es la COLPOSCOP\u00cdA?<\/p>\n<p>Por todo esto y teniendo en cuenta que como lo manifest\u00e9 el Dr. Antonio Lorusso es una de las eminencias m\u00e9dicas que nuestro pa\u00eds tiene en estos temases una magn\u00edfica oportunidad la que tienen los mercedinos de poder escucharlo y en el aso de la Filial LALCEC Mercedes el gran orgullo de haberlo convocado y que vaya a estar junto a nosotros\u201d<\/p>\n<p>Cabe recordar que las Campa\u00f1as desde LALCEC son frecuentes sobre todo en temas tan problem\u00e1ticos como lo son el C\u00e1ncer de Mamas, c\u00e1ncer de piel, C\u00e1ncer de Col\u00f3n, de Prostota, y ahora el de Cuello Uterino.<\/p>\n","protected":false},"excerpt":{"rendered":"<p>Convocado por la filial de nuestra ciudad de la Liga Argentina de Lucha contra el C\u00e1ncer (LALCEC) visitar\u00e1 Mercedes para &#8230; <a title=\"Disertar\u00e1  el eminente Ginec\u00f3logo y Mast\u00f3logo Dr. Antonio Lorusso\" class=\"read-more\" href=\"https:\/\/www.hoymercedes.com.ar\/principal\/2011\/11\/30\/disertara-el-eminente-ginecologo-y-mastologo-dr-antonio-lorusso\/\" aria-label=\"Leer m\u00e1s sobre Disertar\u00e1  el eminente Ginec\u00f3logo y Mast\u00f3logo Dr. Antonio Lorusso\">Leer m\u00e1s<\/a><\/p>\n","protected":false},"author":1,"featured_media":0,"comment_status":"open","ping_status":"open","sticky":false,"template":"","format":"standard","meta":{"_monsterinsights_skip_tracking":false,"_monsterinsights_sitenote_active":false,"_monsterinsights_sitenote_note":"","_monsterinsights_sitenote_category":0,"jetpack_post_was_ever_published":false,"_jetpack_newsletter_access":"","_jetpack_dont_email_post_to_subs":false,"_jetpack_newsletter_tier_id":0,"_jetpack_memberships_contains_paywalled_content":false,"_jetpack_memberships_contains_paid_content":false,"footnotes":"","jetpack_publicize_message":"","jetpack_publicize_feature_enabled":true,"jetpack_social_post_already_shared":false,"jetpack_social_options":{"image_generator_settings":{"template":"highway","default_image_id":0,"font":"","enabled":false},"version":2},"_wpas_customize_per_network":false},"categories":[8],"tags":[1649],"class_list":["post-9468","post","type-post","status-publish","format-standard","hentry","category-sociedad","tag-dr-antonio-lorusso","generate-columns","tablet-grid-50","mobile-grid-100","grid-parent","grid-50"],"jetpack_publicize_connections":[],"jetpack_featured_media_url":"","wps_subtitle":"","jetpack_sharing_enabled":true,"_links":{"self":[{"href":"https:\/\/www.hoymercedes.com.ar\/principal\/wp-json\/wp\/v2\/posts\/9468","targetHints":{"allow":["GET"]}}],"collection":[{"href":"https:\/\/www.hoymercedes.com.ar\/principal\/wp-json\/wp\/v2\/posts"}],"about":[{"href":"https:\/\/www.hoymercedes.com.ar\/principal\/wp-json\/wp\/v2\/types\/post"}],"author":[{"embeddable":true,"href":"https:\/\/www.hoymercedes.com.ar\/principal\/wp-json\/wp\/v2\/users\/1"}],"replies":[{"embeddable":true,"href":"https:\/\/www.hoymercedes.com.ar\/principal\/wp-json\/wp\/v2\/comments?post=9468"}],"version-history":[{"count":0,"href":"https:\/\/www.hoymercedes.com.ar\/principal\/wp-json\/wp\/v2\/posts\/9468\/revisions"}],"wp:attachment":[{"href":"https:\/\/www.hoymercedes.com.ar\/principal\/wp-json\/wp\/v2\/media?parent=9468"}],"wp:term":[{"taxonomy":"category","embeddable":true,"href":"https:\/\/www.hoymercedes.com.ar\/principal\/wp-json\/wp\/v2\/categories?post=9468"},{"taxonomy":"post_tag","embeddable":true,"href":"https:\/\/www.hoymercedes.com.ar\/principal\/wp-json\/wp\/v2\/tags?post=9468"}],"curies":[{"name":"wp","href":"https:\/\/api.w.org\/{rel}","templated":true}]}}