{"id":94688,"date":"2019-06-07T19:24:09","date_gmt":"2019-06-07T22:24:09","guid":{"rendered":"http:\/\/www.hoymercedes.com.ar\/principal\/?p=94688"},"modified":"2019-06-07T19:26:50","modified_gmt":"2019-06-07T22:26:50","slug":"velez-gano-y-volvio-a-ser-escolta-de-juventud-y-la-diego-armando-sorprendio-a-pabellon","status":"publish","type":"post","link":"https:\/\/www.hoymercedes.com.ar\/principal\/2019\/06\/07\/velez-gano-y-volvio-a-ser-escolta-de-juventud-y-la-diego-armando-sorprendio-a-pabellon\/","title":{"rendered":"Velez gan\u00f3 y volvi\u00f3 a ser escolta de Juventud y La Diego Armando sorprendi\u00f3 a Pabell\u00f3n"},"content":{"rendered":"\n<p>Otros dos partidos se llevaron a cabo es jueves en cancha de la Liga Mercedina de los adeudados que se programaron para el mes de junio, con miras a poner el torneo al d\u00eda. Estos, sumado al de El Front\u00f3n, acomod\u00f3 un poco las tablas de posiciones ya que ahora son diez los que tienen encuentros por jugar.<\/p>\n\n\n\n<p>El primero de los dos partidos que se jugaron fue el de la victoria de V\u00e9lez ante Costa Brava por 2 a 0. La victoria de los de Ernesto Ballesteros les permite volver a la segunda colocaci\u00f3n en la Zona D, quedando a cuatro puntos de Juventud de Suipacha. Por el lado del Rojo, sigue \u00faltimo con un punto, es el \u00fanico que tiene un partido pendiente (ante El Front\u00f3n, se jugar\u00e1 el 20 de junio pr\u00f3ximo), y qued\u00f3 muy complicado de cara a la clasificaci\u00f3n a la Liguilla, ya que tiene que est\u00e1 a 14 puntos del \u00faltimo que por el momento clasifica, El Tim\u00f3n, tiene 15 unidades.<\/p>\n\n\n\n<p><strong>V\u00e9lez 2:<\/strong>&nbsp;Mat\u00edas Ram\u00edrez, Lucas Alfonso, Jonathan Torre, Santiago Gonz\u00e1lez, Daniel Mu\u00f1oz, Maximiliano Lettieri, Federico Alderete, Daniel Jara, Nicol\u00e1s Bartolomeo, Ariel Mu\u00f1oz y Dante D\u00edaz.&nbsp;<strong>DT:<\/strong>&nbsp;Ernesto Ballestero.<br><strong>Costa Brava 0:<\/strong>&nbsp;Tob\u00edas Gonz\u00e1lez, Robertino Orcajo, Alejandro Amaya, Ignacio Zabala, Franco Zabala, Alejandro P\u00e9rez, Alexis Oxener, Jonatan Tust, R\u00faben Zalba, Mat\u00edas G\u00f3mez y Gerardo Ben\u00edtez.&nbsp;<strong>DT:<\/strong>&nbsp;Omar Andrada.&nbsp;<strong>Suplentes:<\/strong>&nbsp;Agust\u00edn Mansilla y Lautaro Zambrano.<br><strong>Goles en el PT:<\/strong>&nbsp;Nicol\u00e1s Bartolomeo y Dante D\u00edaz para V\u00e9lez.<br><strong>Cambios:<\/strong>&nbsp;Agust\u00edn Alfonso por Ariel Mu\u00f1oz, Gabriel Maldonado por Federico Alderete y Edward Cordales por Dante D\u00edaz en V\u00e9lez. Joaqu\u00edn Ullua por Alejandro Amaya, Alan Tust por Mat\u00edas G\u00f3mez y Ariel Rold\u00e1n por Jonatan Tust en Costa Brava.<br><strong>Arbitro:<\/strong>&nbsp;Eduardo Aguirre (AAM).<\/p>\n\n\n\n<p><strong>Diego Armando 2:<\/strong>\u00a0Gabriel Cejas, Gonzalo Duberti, Sergio Chaparro, Nicol\u00e1s Vargas, Federico Del Bianco, Juan Asenzo, Federico Denis, Cristian Corredera, Ramiro Radrizani, Lucas Atampi y Maximiliano Guzm\u00e1n.\u00a0<strong>DT:<\/strong>\u00a0Maximiliano Can\u00e9.\u00a0<strong>Suplentes:<\/strong>\u00a0Dar\u00edo Duarte, Lucas Roseo, Gast\u00f3n Garc\u00eda, Pablo Gorosito, Jos\u00e9 Comalini y V\u00edctor Clavero.<br><strong>Pabell\u00f3n Argentino 0:<\/strong>\u00a0Juan, Mauro Vigliarolo, Ezequiel Lacrouts, Nicol\u00e1s Guarnieri, Bernardo Paulerena, Franco Delpiero, Nahuel Romero, Juan Barandari\u00e1n, Juan Paulerena y Franco Monz\u00f3n.\u00a0<strong>DT:<\/strong>\u00a0Juan Achucarro.\u00a0<strong>Suplentes:<\/strong>\u00a0Alexis Arias, Ramiro Guerra, Esteban Fern\u00e1ndez, Gast\u00f3n Bianchi, Juan Castelano y Bautista Olgiati.<br><strong>Goles:<\/strong>\u00a0Ramiro Radrizani y V\u00edctor Clavero para Diego Armando.<br><strong>Arbitro:<\/strong>\u00a0Luis L\u00f3pez (AAM).<br><strong>Expulsado:<\/strong>\u00a0Bernardo Paulerena y Nahuel Romero en Pabell\u00f3n.<\/p>\n\n\n\n<figure class=\"wp-block-image\"><img loading=\"lazy\" decoding=\"async\" width=\"654\" height=\"812\" data-attachment-id=\"94690\" data-permalink=\"https:\/\/www.hoymercedes.com.ar\/principal\/2019\/06\/07\/velez-gano-y-volvio-a-ser-escolta-de-juventud-y-la-diego-armando-sorprendio-a-pabellon\/primera-liga-pos-2-2\/#main\" data-orig-file=\"https:\/\/www.hoymercedes.com.ar\/principal\/wp-content\/uploads\/2019\/06\/PRIMERA-LIGA-POS-2.png\" data-orig-size=\"654,812\" data-comments-opened=\"0\" data-image-meta=\"{&quot;aperture&quot;:&quot;0&quot;,&quot;credit&quot;:&quot;&quot;,&quot;camera&quot;:&quot;&quot;,&quot;caption&quot;:&quot;&quot;,&quot;created_timestamp&quot;:&quot;0&quot;,&quot;copyright&quot;:&quot;&quot;,&quot;focal_length&quot;:&quot;0&quot;,&quot;iso&quot;:&quot;0&quot;,&quot;shutter_speed&quot;:&quot;0&quot;,&quot;title&quot;:&quot;&quot;,&quot;orientation&quot;:&quot;0&quot;}\" data-image-title=\"PRIMERA-LIGA-POS-2\" data-image-description=\"\" data-image-caption=\"\" data-large-file=\"https:\/\/www.hoymercedes.com.ar\/principal\/wp-content\/uploads\/2019\/06\/PRIMERA-LIGA-POS-2.png\" src=\"https:\/\/www.hoymercedes.com.ar\/principal\/wp-content\/uploads\/2019\/06\/PRIMERA-LIGA-POS-2.png\" alt=\"\" class=\"wp-image-94690\" srcset=\"https:\/\/www.hoymercedes.com.ar\/principal\/wp-content\/uploads\/2019\/06\/PRIMERA-LIGA-POS-2.png 654w, https:\/\/www.hoymercedes.com.ar\/principal\/wp-content\/uploads\/2019\/06\/PRIMERA-LIGA-POS-2-121x150.png 121w, https:\/\/www.hoymercedes.com.ar\/principal\/wp-content\/uploads\/2019\/06\/PRIMERA-LIGA-POS-2-499x620.png 499w\" sizes=\"auto, (max-width: 654px) 100vw, 654px\" \/><\/figure>\n","protected":false},"excerpt":{"rendered":"<p>Otros dos partidos se llevaron a cabo es jueves en cancha de la Liga Mercedina de los adeudados que se &#8230; <a title=\"Velez gan\u00f3 y volvi\u00f3 a ser escolta de Juventud y La Diego Armando sorprendi\u00f3 a Pabell\u00f3n\" class=\"read-more\" href=\"https:\/\/www.hoymercedes.com.ar\/principal\/2019\/06\/07\/velez-gano-y-volvio-a-ser-escolta-de-juventud-y-la-diego-armando-sorprendio-a-pabellon\/\" aria-label=\"Leer m\u00e1s sobre Velez gan\u00f3 y volvi\u00f3 a ser escolta de Juventud y La Diego Armando sorprendi\u00f3 a Pabell\u00f3n\">Leer m\u00e1s<\/a><\/p>\n","protected":false},"author":1,"featured_media":94690,"comment_status":"closed","ping_status":"open","sticky":false,"template":"","format":"standard","meta":{"_monsterinsights_skip_tracking":false,"_monsterinsights_sitenote_active":false,"_monsterinsights_sitenote_note":"","_monsterinsights_sitenote_category":0,"jetpack_post_was_ever_published":false,"_jetpack_newsletter_access":"","_jetpack_dont_email_post_to_subs":false,"_jetpack_newsletter_tier_id":0,"_jetpack_memberships_contains_paywalled_content":false,"_jetpack_memberships_contains_paid_content":false,"footnotes":"","jetpack_publicize_message":"","jetpack_publicize_feature_enabled":true,"jetpack_social_post_already_shared":true,"jetpack_social_options":{"image_generator_settings":{"template":"highway","default_image_id":0,"font":"","enabled":false},"version":2},"_wpas_customize_per_network":false},"categories":[21],"tags":[1901,14382],"class_list":["post-94688","post","type-post","status-publish","format-standard","has-post-thumbnail","hentry","category-deportes","tag-liga-mercedina","tag-pabellon-marcos-paz","generate-columns","tablet-grid-50","mobile-grid-100","grid-parent","grid-50"],"jetpack_publicize_connections":[],"jetpack_featured_media_url":"https:\/\/www.hoymercedes.com.ar\/principal\/wp-content\/uploads\/2019\/06\/PRIMERA-LIGA-POS-2.png","wps_subtitle":"Liga Mercedina","jetpack_sharing_enabled":true,"_links":{"self":[{"href":"https:\/\/www.hoymercedes.com.ar\/principal\/wp-json\/wp\/v2\/posts\/94688","targetHints":{"allow":["GET"]}}],"collection":[{"href":"https:\/\/www.hoymercedes.com.ar\/principal\/wp-json\/wp\/v2\/posts"}],"about":[{"href":"https:\/\/www.hoymercedes.com.ar\/principal\/wp-json\/wp\/v2\/types\/post"}],"author":[{"embeddable":true,"href":"https:\/\/www.hoymercedes.com.ar\/principal\/wp-json\/wp\/v2\/users\/1"}],"replies":[{"embeddable":true,"href":"https:\/\/www.hoymercedes.com.ar\/principal\/wp-json\/wp\/v2\/comments?post=94688"}],"version-history":[{"count":0,"href":"https:\/\/www.hoymercedes.com.ar\/principal\/wp-json\/wp\/v2\/posts\/94688\/revisions"}],"wp:featuredmedia":[{"embeddable":true,"href":"https:\/\/www.hoymercedes.com.ar\/principal\/wp-json\/wp\/v2\/media\/94690"}],"wp:attachment":[{"href":"https:\/\/www.hoymercedes.com.ar\/principal\/wp-json\/wp\/v2\/media?parent=94688"}],"wp:term":[{"taxonomy":"category","embeddable":true,"href":"https:\/\/www.hoymercedes.com.ar\/principal\/wp-json\/wp\/v2\/categories?post=94688"},{"taxonomy":"post_tag","embeddable":true,"href":"https:\/\/www.hoymercedes.com.ar\/principal\/wp-json\/wp\/v2\/tags?post=94688"}],"curies":[{"name":"wp","href":"https:\/\/api.w.org\/{rel}","templated":true}]}}