{"id":94709,"date":"2019-06-08T11:15:18","date_gmt":"2019-06-08T14:15:18","guid":{"rendered":"http:\/\/www.hoymercedes.com.ar\/principal\/?p=94709"},"modified":"2019-06-08T11:11:42","modified_gmt":"2019-06-08T14:11:42","slug":"caravana-de-concientizacion-contra-la-violencia-vial","status":"publish","type":"post","link":"https:\/\/www.hoymercedes.com.ar\/principal\/2019\/06\/08\/caravana-de-concientizacion-contra-la-violencia-vial\/","title":{"rendered":"Caravana de concientizaci\u00f3n contra la violencia vial"},"content":{"rendered":"\n<p>El domingo\n9, partiendo a la hora 16 desde la Plaza San Mart\u00edn, se llevar\u00e1 adelante una\ncaravana de veh\u00edculos para reclamar que no haya m\u00e1s violencia vial. La\nactividad que organiza el Grupo Estrellas Amarillas Mercedes, se realiza en el\nmarco del D\u00eda Nacional por la Seguridad Vial y el aniversario del Grupo de\nfamiliares y amigos de v\u00edctimas fatales de siniestro viales. <\/p>\n\n\n\n<p>La caravana\ndel d\u00eda domingo por la tarde, partir\u00e1 de la avenida 29 y dar\u00e1 una vuelta por\ndistintas calles de la ciudad, principalmente avenidas. De acuerdo a lo\ninformado, la caravana ir\u00e1 por la avenida hasta la calle 42, para seguir hasta\nla 15, retomar por la 40 y doblar en la 17. En esa intersecci\u00f3n hay una\nestrella amarilla en homenaje a un peque\u00f1o que circulaba en bicicleta. Luego\ncontinuar\u00e1 hasta la Av 2 por Av 17 y para luego retomar por avenida 29,\nregresando al punto de partida. <\/p>\n\n\n\n<p>El D\u00eda\nMundial de la Seguridad Vial, el 10 de junio, por la ma\u00f1ana se lanzar\u00e1 el\nCentro de Atenci\u00f3n a V\u00edctimas de Siniestros Viales. Las oficinas funcionar\u00e1n en\n30, entre 27 y 29. Ese mismo d\u00eda se inaugurar\u00e1 el monolito que recordar\u00e1 a todas\nlas v\u00edctimas fatales de siniestros viales de Mercedes, tengan o no una estrella\namarilla en el lugar del siniestro, hayan sufrido el siniestro en la ciudad o\nen la ruta, en la zona o en otro punto del pa\u00eds. <\/p>\n\n\n\n<p>El\nmonolito, elegido tras un concurso y dise\u00f1ado por Jorge Blanco, ser\u00e1 inaugurado\nel d\u00eda lunes, 17 horas, en la plaza San Luis, cerca de la esquina de 22 y 15. <\/p>\n","protected":false},"excerpt":{"rendered":"<p>El domingo 9, partiendo a la hora 16 desde la Plaza San Mart\u00edn, se llevar\u00e1 adelante una caravana de veh\u00edculos &#8230; <a title=\"Caravana de concientizaci\u00f3n contra la violencia vial\" class=\"read-more\" href=\"https:\/\/www.hoymercedes.com.ar\/principal\/2019\/06\/08\/caravana-de-concientizacion-contra-la-violencia-vial\/\" aria-label=\"Leer m\u00e1s sobre Caravana de concientizaci\u00f3n contra la violencia vial\">Leer m\u00e1s<\/a><\/p>\n","protected":false},"author":1,"featured_media":94710,"comment_status":"closed","ping_status":"open","sticky":false,"template":"","format":"standard","meta":{"_monsterinsights_skip_tracking":false,"_monsterinsights_sitenote_active":false,"_monsterinsights_sitenote_note":"","_monsterinsights_sitenote_category":0,"jetpack_post_was_ever_published":false,"_jetpack_newsletter_access":"","_jetpack_dont_email_post_to_subs":false,"_jetpack_newsletter_tier_id":0,"_jetpack_memberships_contains_paywalled_content":false,"_jetpack_memberships_contains_paid_content":false,"footnotes":"","jetpack_publicize_message":"","jetpack_publicize_feature_enabled":true,"jetpack_social_post_already_shared":true,"jetpack_social_options":{"image_generator_settings":{"template":"highway","default_image_id":0,"font":"","enabled":false},"version":2},"_wpas_customize_per_network":false},"categories":[8],"tags":[11755,8819,15281,9453],"class_list":["post-94709","post","type-post","status-publish","format-standard","has-post-thumbnail","hentry","category-sociedad","tag-caravana","tag-concientizacion","tag-grupo-estrellas-amarilla","tag-siniestros-viales","generate-columns","tablet-grid-50","mobile-grid-100","grid-parent","grid-50"],"jetpack_publicize_connections":[],"jetpack_featured_media_url":"https:\/\/www.hoymercedes.com.ar\/principal\/wp-content\/uploads\/2019\/06\/08-estrella-amarilla.jpg","wps_subtitle":"Seguridad vial","jetpack_sharing_enabled":true,"_links":{"self":[{"href":"https:\/\/www.hoymercedes.com.ar\/principal\/wp-json\/wp\/v2\/posts\/94709","targetHints":{"allow":["GET"]}}],"collection":[{"href":"https:\/\/www.hoymercedes.com.ar\/principal\/wp-json\/wp\/v2\/posts"}],"about":[{"href":"https:\/\/www.hoymercedes.com.ar\/principal\/wp-json\/wp\/v2\/types\/post"}],"author":[{"embeddable":true,"href":"https:\/\/www.hoymercedes.com.ar\/principal\/wp-json\/wp\/v2\/users\/1"}],"replies":[{"embeddable":true,"href":"https:\/\/www.hoymercedes.com.ar\/principal\/wp-json\/wp\/v2\/comments?post=94709"}],"version-history":[{"count":0,"href":"https:\/\/www.hoymercedes.com.ar\/principal\/wp-json\/wp\/v2\/posts\/94709\/revisions"}],"wp:featuredmedia":[{"embeddable":true,"href":"https:\/\/www.hoymercedes.com.ar\/principal\/wp-json\/wp\/v2\/media\/94710"}],"wp:attachment":[{"href":"https:\/\/www.hoymercedes.com.ar\/principal\/wp-json\/wp\/v2\/media?parent=94709"}],"wp:term":[{"taxonomy":"category","embeddable":true,"href":"https:\/\/www.hoymercedes.com.ar\/principal\/wp-json\/wp\/v2\/categories?post=94709"},{"taxonomy":"post_tag","embeddable":true,"href":"https:\/\/www.hoymercedes.com.ar\/principal\/wp-json\/wp\/v2\/tags?post=94709"}],"curies":[{"name":"wp","href":"https:\/\/api.w.org\/{rel}","templated":true}]}}