{"id":94725,"date":"2019-06-08T14:34:03","date_gmt":"2019-06-08T17:34:03","guid":{"rendered":"http:\/\/www.hoymercedes.com.ar\/principal\/?p=94725"},"modified":"2019-06-08T16:20:22","modified_gmt":"2019-06-08T19:20:22","slug":"ate-se-movilizara-al-consejo-escolar-por-descuentos-en-los-salarios","status":"publish","type":"post","link":"https:\/\/www.hoymercedes.com.ar\/principal\/2019\/06\/08\/ate-se-movilizara-al-consejo-escolar-por-descuentos-en-los-salarios\/","title":{"rendered":"ATE se movilizar\u00e1 al Consejo Escolar por descuentos en los salarios"},"content":{"rendered":"\n<p>El Secretario General de ATE Mercedes, Hugo Bonafina, comunic\u00f3 que el pr\u00f3ximo lunes, 10 de junio, 10 horas, los delegados y representantes gremiales de los auxiliares de educaci\u00f3n y docentes se har\u00e1n presentes en el Consejo Escolar en consonancia con el reclamo que se har\u00e1 en ese mismo momento en La Plata ante la Direcci\u00f3n General de Cultura y Educaci\u00f3n provincial.<\/p>\n\n\n\n<p>El reclamo se central en los descuentos y falta de pago de salarios por los d\u00edas de paro de semanas atr\u00e1s para los auxiliares, administrativos y docentes. Fueron muchos los trabajadores de la educaci\u00f3n de la provincia que el d\u00eda viernes se encontraron con descuentos o falta de pago en horas de trabajo. <\/p>\n\n\n\n<p><\/p>\n\n\n\n<p> <\/p>\n","protected":false},"excerpt":{"rendered":"<p>El Secretario General de ATE Mercedes, Hugo Bonafina, comunic\u00f3 que el pr\u00f3ximo lunes, 10 de junio, 10 horas, los delegados &#8230; <a title=\"ATE se movilizar\u00e1 al Consejo Escolar por descuentos en los salarios\" class=\"read-more\" href=\"https:\/\/www.hoymercedes.com.ar\/principal\/2019\/06\/08\/ate-se-movilizara-al-consejo-escolar-por-descuentos-en-los-salarios\/\" aria-label=\"Leer m\u00e1s sobre ATE se movilizar\u00e1 al Consejo Escolar por descuentos en los salarios\">Leer m\u00e1s<\/a><\/p>\n","protected":false},"author":1,"featured_media":78,"comment_status":"closed","ping_status":"open","sticky":false,"template":"","format":"standard","meta":{"_monsterinsights_skip_tracking":false,"_monsterinsights_sitenote_active":false,"_monsterinsights_sitenote_note":"","_monsterinsights_sitenote_category":0,"jetpack_post_was_ever_published":false,"_jetpack_newsletter_access":"","_jetpack_dont_email_post_to_subs":false,"_jetpack_newsletter_tier_id":0,"_jetpack_memberships_contains_paywalled_content":false,"_jetpack_memberships_contains_paid_content":false,"footnotes":"","jetpack_publicize_message":"","jetpack_publicize_feature_enabled":true,"jetpack_social_post_already_shared":true,"jetpack_social_options":{"image_generator_settings":{"template":"highway","default_image_id":0,"font":"","enabled":false},"version":2},"_wpas_customize_per_network":false},"categories":[10563],"tags":[418,47,8799,1443],"class_list":["post-94725","post","type-post","status-publish","format-standard","has-post-thumbnail","hentry","category-gremios-sindicatos","tag-ate","tag-educacion-2","tag-gremios","tag-sindicatos","generate-columns","tablet-grid-50","mobile-grid-100","grid-parent","grid-50"],"jetpack_publicize_connections":[],"jetpack_featured_media_url":"https:\/\/www.hoymercedes.com.ar\/principal\/wp-content\/uploads\/2010\/11\/bonafina.jpg","wps_subtitle":"","jetpack_sharing_enabled":true,"_links":{"self":[{"href":"https:\/\/www.hoymercedes.com.ar\/principal\/wp-json\/wp\/v2\/posts\/94725","targetHints":{"allow":["GET"]}}],"collection":[{"href":"https:\/\/www.hoymercedes.com.ar\/principal\/wp-json\/wp\/v2\/posts"}],"about":[{"href":"https:\/\/www.hoymercedes.com.ar\/principal\/wp-json\/wp\/v2\/types\/post"}],"author":[{"embeddable":true,"href":"https:\/\/www.hoymercedes.com.ar\/principal\/wp-json\/wp\/v2\/users\/1"}],"replies":[{"embeddable":true,"href":"https:\/\/www.hoymercedes.com.ar\/principal\/wp-json\/wp\/v2\/comments?post=94725"}],"version-history":[{"count":0,"href":"https:\/\/www.hoymercedes.com.ar\/principal\/wp-json\/wp\/v2\/posts\/94725\/revisions"}],"wp:featuredmedia":[{"embeddable":true,"href":"https:\/\/www.hoymercedes.com.ar\/principal\/wp-json\/wp\/v2\/media\/78"}],"wp:attachment":[{"href":"https:\/\/www.hoymercedes.com.ar\/principal\/wp-json\/wp\/v2\/media?parent=94725"}],"wp:term":[{"taxonomy":"category","embeddable":true,"href":"https:\/\/www.hoymercedes.com.ar\/principal\/wp-json\/wp\/v2\/categories?post=94725"},{"taxonomy":"post_tag","embeddable":true,"href":"https:\/\/www.hoymercedes.com.ar\/principal\/wp-json\/wp\/v2\/tags?post=94725"}],"curies":[{"name":"wp","href":"https:\/\/api.w.org\/{rel}","templated":true}]}}