{"id":94735,"date":"2019-06-08T18:41:35","date_gmt":"2019-06-08T21:41:35","guid":{"rendered":"http:\/\/www.hoymercedes.com.ar\/principal\/?p=94735"},"modified":"2019-06-09T11:39:37","modified_gmt":"2019-06-09T14:39:37","slug":"abogados-tuvieron-una-jornada-sobre-lenguaje-claro","status":"publish","type":"post","link":"https:\/\/www.hoymercedes.com.ar\/principal\/2019\/06\/08\/abogados-tuvieron-una-jornada-sobre-lenguaje-claro\/","title":{"rendered":"Abogados tuvieron una jornada sobre lenguaje claro"},"content":{"rendered":"\n<p>D\u00edas atr\u00e1s\nen el Colegio de Abogados de Mercedes se llev\u00f3 adelante una Jornada de\nCapacitaci\u00f3n ante la necesidad y un reconocimiento del \u201cderecho a un lenguaje\nclaro\u201d a cargo de representantes del Senado de la Naci\u00f3n. <\/p>\n\n\n\n<figure class=\"wp-block-image\"><img loading=\"lazy\" decoding=\"async\" width=\"750\" height=\"500\" data-attachment-id=\"94736\" data-permalink=\"https:\/\/www.hoymercedes.com.ar\/principal\/2019\/06\/08\/abogados-tuvieron-una-jornada-sobre-lenguaje-claro\/08-lenguaje-claro-abogados\/#main\" data-orig-file=\"https:\/\/www.hoymercedes.com.ar\/principal\/wp-content\/uploads\/2019\/06\/08-lenguaje-claro-abogados.jpg\" data-orig-size=\"750,500\" data-comments-opened=\"0\" data-image-meta=\"{&quot;aperture&quot;:&quot;2&quot;,&quot;credit&quot;:&quot;&quot;,&quot;camera&quot;:&quot;Moto G (5S) Plus&quot;,&quot;caption&quot;:&quot;&quot;,&quot;created_timestamp&quot;:&quot;1559307716&quot;,&quot;copyright&quot;:&quot;&quot;,&quot;focal_length&quot;:&quot;3.59&quot;,&quot;iso&quot;:&quot;1143&quot;,&quot;shutter_speed&quot;:&quot;0.01&quot;,&quot;title&quot;:&quot;&quot;,&quot;orientation&quot;:&quot;1&quot;}\" data-image-title=\"08 lenguaje claro abogados\" data-image-description=\"\" data-image-caption=\"\" data-large-file=\"https:\/\/www.hoymercedes.com.ar\/principal\/wp-content\/uploads\/2019\/06\/08-lenguaje-claro-abogados.jpg\" src=\"https:\/\/www.hoymercedes.com.ar\/principal\/wp-content\/uploads\/2019\/06\/08-lenguaje-claro-abogados.jpg\" alt=\"\" class=\"wp-image-94736\" srcset=\"https:\/\/www.hoymercedes.com.ar\/principal\/wp-content\/uploads\/2019\/06\/08-lenguaje-claro-abogados.jpg 750w, https:\/\/www.hoymercedes.com.ar\/principal\/wp-content\/uploads\/2019\/06\/08-lenguaje-claro-abogados-150x100.jpg 150w, https:\/\/www.hoymercedes.com.ar\/principal\/wp-content\/uploads\/2019\/06\/08-lenguaje-claro-abogados-630x420.jpg 630w, https:\/\/www.hoymercedes.com.ar\/principal\/wp-content\/uploads\/2019\/06\/08-lenguaje-claro-abogados-720x480.jpg 720w, https:\/\/www.hoymercedes.com.ar\/principal\/wp-content\/uploads\/2019\/06\/08-lenguaje-claro-abogados-360x240.jpg 360w\" sizes=\"auto, (max-width: 750px) 100vw, 750px\" \/><\/figure>\n\n\n\n<p>Con la\npresencia del Dr. Juan Pedro Tunessi, Secretario del Parlamentario del Senado\nde la Naci\u00f3n, y del Dr. N\u00e9stor Fabi\u00e1n Migueliz, Director de Capacitaci\u00f3n\nParlamentaria, la capacitaci\u00f3n dio cuenta de una \u201cjusticia en lenguaje llano\u201d\npara que las personas que no est\u00e1n relacionados con el lenguaje jur\u00eddico\ncomprendan sus derechos y obligaciones, as\u00ed como las sentencias o decisiones\njudiciales, en un leguaje claro y comprensible. <\/p>\n\n\n\n<p>La\npropuesta de la capacitaci\u00f3n para los abogados y letrados fue para que los\nfallos judiciales sean accesibles a la hora de la lectura para la ciudadan\u00eda en\ngeneral. A cargo de la charla estuvieron los Doctores Tunessi y Migueliz,\nadem\u00e1s de la Lic. Natalia Staiano, la Lic. Edith Guillini y la Dra. Jaqueline\nOrtiz, especializadas en ling\u00fc\u00edstica. <\/p>\n","protected":false},"excerpt":{"rendered":"<p>D\u00edas atr\u00e1s en el Colegio de Abogados de Mercedes se llev\u00f3 adelante una Jornada de Capacitaci\u00f3n ante la necesidad y &#8230; <a title=\"Abogados tuvieron una jornada sobre lenguaje claro\" class=\"read-more\" href=\"https:\/\/www.hoymercedes.com.ar\/principal\/2019\/06\/08\/abogados-tuvieron-una-jornada-sobre-lenguaje-claro\/\" aria-label=\"Leer m\u00e1s sobre Abogados tuvieron una jornada sobre lenguaje claro\">Leer m\u00e1s<\/a><\/p>\n","protected":false},"author":1,"featured_media":94736,"comment_status":"closed","ping_status":"open","sticky":false,"template":"","format":"standard","meta":{"_monsterinsights_skip_tracking":false,"_monsterinsights_sitenote_active":false,"_monsterinsights_sitenote_note":"","_monsterinsights_sitenote_category":0,"jetpack_post_was_ever_published":false,"_jetpack_newsletter_access":"","_jetpack_dont_email_post_to_subs":false,"_jetpack_newsletter_tier_id":0,"_jetpack_memberships_contains_paywalled_content":false,"_jetpack_memberships_contains_paid_content":false,"footnotes":"","jetpack_publicize_message":"","jetpack_publicize_feature_enabled":true,"jetpack_social_post_already_shared":true,"jetpack_social_options":{"image_generator_settings":{"template":"highway","default_image_id":0,"font":"","enabled":false},"version":2},"_wpas_customize_per_network":false},"categories":[8],"tags":[9616,928,8985],"class_list":["post-94735","post","type-post","status-publish","format-standard","has-post-thumbnail","hentry","category-sociedad","tag-charlas","tag-colegio-de-abogados","tag-sistema-judicial","generate-columns","tablet-grid-50","mobile-grid-100","grid-parent","grid-50"],"jetpack_publicize_connections":[],"jetpack_featured_media_url":"https:\/\/www.hoymercedes.com.ar\/principal\/wp-content\/uploads\/2019\/06\/08-lenguaje-claro-abogados.jpg","wps_subtitle":"Para hacer m\u00e1s comprensible el lenguaje jur\u00eddico","jetpack_sharing_enabled":true,"_links":{"self":[{"href":"https:\/\/www.hoymercedes.com.ar\/principal\/wp-json\/wp\/v2\/posts\/94735","targetHints":{"allow":["GET"]}}],"collection":[{"href":"https:\/\/www.hoymercedes.com.ar\/principal\/wp-json\/wp\/v2\/posts"}],"about":[{"href":"https:\/\/www.hoymercedes.com.ar\/principal\/wp-json\/wp\/v2\/types\/post"}],"author":[{"embeddable":true,"href":"https:\/\/www.hoymercedes.com.ar\/principal\/wp-json\/wp\/v2\/users\/1"}],"replies":[{"embeddable":true,"href":"https:\/\/www.hoymercedes.com.ar\/principal\/wp-json\/wp\/v2\/comments?post=94735"}],"version-history":[{"count":0,"href":"https:\/\/www.hoymercedes.com.ar\/principal\/wp-json\/wp\/v2\/posts\/94735\/revisions"}],"wp:featuredmedia":[{"embeddable":true,"href":"https:\/\/www.hoymercedes.com.ar\/principal\/wp-json\/wp\/v2\/media\/94736"}],"wp:attachment":[{"href":"https:\/\/www.hoymercedes.com.ar\/principal\/wp-json\/wp\/v2\/media?parent=94735"}],"wp:term":[{"taxonomy":"category","embeddable":true,"href":"https:\/\/www.hoymercedes.com.ar\/principal\/wp-json\/wp\/v2\/categories?post=94735"},{"taxonomy":"post_tag","embeddable":true,"href":"https:\/\/www.hoymercedes.com.ar\/principal\/wp-json\/wp\/v2\/tags?post=94735"}],"curies":[{"name":"wp","href":"https:\/\/api.w.org\/{rel}","templated":true}]}}