{"id":94747,"date":"2019-06-09T11:45:21","date_gmt":"2019-06-09T14:45:21","guid":{"rendered":"http:\/\/www.hoymercedes.com.ar\/principal\/?p=94747"},"modified":"2019-06-09T11:37:16","modified_gmt":"2019-06-09T14:37:16","slug":"dieron-charla-sobre-diversidad-sexual-e-identidad-de-genero","status":"publish","type":"post","link":"https:\/\/www.hoymercedes.com.ar\/principal\/2019\/06\/09\/dieron-charla-sobre-diversidad-sexual-e-identidad-de-genero\/","title":{"rendered":"Dieron charla sobre \u201cDiversidad Sexual e Identidad de G\u00e9nero\u201d"},"content":{"rendered":"\n<p>El Municipio de Mercedes, a trav\u00e9s de la Casa de la Mujer Juana Azurduy, promovieron la charla \u2013 capacitaci\u00f3n titulada: \u201cDiversidad Sexual e Identidad de G\u00e9nero\u201d- La propuesta cont\u00f3 con un sal\u00f3n repleto de j\u00f3venes de 4\u00b0 y 5\u00b0 a\u00f1os del nivel secundario de varias instituciones educativas. <\/p>\n\n\n\n<figure class=\"wp-block-image\"><img loading=\"lazy\" decoding=\"async\" width=\"750\" height=\"500\" data-attachment-id=\"94748\" data-permalink=\"https:\/\/www.hoymercedes.com.ar\/principal\/2019\/06\/09\/dieron-charla-sobre-diversidad-sexual-e-identidad-de-genero\/09-diversidad2\/#main\" data-orig-file=\"https:\/\/www.hoymercedes.com.ar\/principal\/wp-content\/uploads\/2019\/06\/09-Diversidad2.jpg\" data-orig-size=\"750,500\" data-comments-opened=\"0\" data-image-meta=\"{&quot;aperture&quot;:&quot;0&quot;,&quot;credit&quot;:&quot;&quot;,&quot;camera&quot;:&quot;&quot;,&quot;caption&quot;:&quot;&quot;,&quot;created_timestamp&quot;:&quot;0&quot;,&quot;copyright&quot;:&quot;&quot;,&quot;focal_length&quot;:&quot;0&quot;,&quot;iso&quot;:&quot;0&quot;,&quot;shutter_speed&quot;:&quot;0&quot;,&quot;title&quot;:&quot;&quot;,&quot;orientation&quot;:&quot;0&quot;}\" data-image-title=\"09 Diversidad2\" data-image-description=\"\" data-image-caption=\"\" data-large-file=\"https:\/\/www.hoymercedes.com.ar\/principal\/wp-content\/uploads\/2019\/06\/09-Diversidad2.jpg\" src=\"https:\/\/www.hoymercedes.com.ar\/principal\/wp-content\/uploads\/2019\/06\/09-Diversidad2.jpg\" alt=\"\" class=\"wp-image-94748\" srcset=\"https:\/\/www.hoymercedes.com.ar\/principal\/wp-content\/uploads\/2019\/06\/09-Diversidad2.jpg 750w, https:\/\/www.hoymercedes.com.ar\/principal\/wp-content\/uploads\/2019\/06\/09-Diversidad2-150x100.jpg 150w, https:\/\/www.hoymercedes.com.ar\/principal\/wp-content\/uploads\/2019\/06\/09-Diversidad2-630x420.jpg 630w, https:\/\/www.hoymercedes.com.ar\/principal\/wp-content\/uploads\/2019\/06\/09-Diversidad2-720x480.jpg 720w, https:\/\/www.hoymercedes.com.ar\/principal\/wp-content\/uploads\/2019\/06\/09-Diversidad2-360x240.jpg 360w\" sizes=\"auto, (max-width: 750px) 100vw, 750px\" \/><\/figure>\n\n\n\n<p>En la inauguraci\u00f3n de la disertaci\u00f3n de los profesionales, el intendente Juan Ignacio Ustarroz expres\u00f3: \u201cen nuestra sociedad, desgraciadamente, siguen existiendo ciertos pensamientos autoritarios, xen\u00f3fobos, racistas, por eso creo que estas jornadas deben servir para pensar en estas problem\u00e1ticas\u201d.<\/p>\n\n\n\n<p>A lo que agreg\u00f3: \u201cTodos somos seres humanos, tenemos los mimos derechos, obligaciones y es elemental de cualquier sociedad saber respetarse. Siempre debemos ponernos en los zapatos del otro\u201d.<\/p>\n\n\n\n<figure class=\"wp-block-image\"><img loading=\"lazy\" decoding=\"async\" width=\"750\" height=\"499\" data-attachment-id=\"94749\" data-permalink=\"https:\/\/www.hoymercedes.com.ar\/principal\/2019\/06\/09\/dieron-charla-sobre-diversidad-sexual-e-identidad-de-genero\/09-muni-diversidad\/#main\" data-orig-file=\"https:\/\/www.hoymercedes.com.ar\/principal\/wp-content\/uploads\/2019\/06\/09-muni-Diversidad.jpg\" data-orig-size=\"750,499\" data-comments-opened=\"0\" data-image-meta=\"{&quot;aperture&quot;:&quot;0&quot;,&quot;credit&quot;:&quot;&quot;,&quot;camera&quot;:&quot;&quot;,&quot;caption&quot;:&quot;&quot;,&quot;created_timestamp&quot;:&quot;0&quot;,&quot;copyright&quot;:&quot;&quot;,&quot;focal_length&quot;:&quot;0&quot;,&quot;iso&quot;:&quot;0&quot;,&quot;shutter_speed&quot;:&quot;0&quot;,&quot;title&quot;:&quot;&quot;,&quot;orientation&quot;:&quot;0&quot;}\" data-image-title=\"09 muni Diversidad\" data-image-description=\"\" data-image-caption=\"\" data-large-file=\"https:\/\/www.hoymercedes.com.ar\/principal\/wp-content\/uploads\/2019\/06\/09-muni-Diversidad.jpg\" src=\"https:\/\/www.hoymercedes.com.ar\/principal\/wp-content\/uploads\/2019\/06\/09-muni-Diversidad.jpg\" alt=\"\" class=\"wp-image-94749\" srcset=\"https:\/\/www.hoymercedes.com.ar\/principal\/wp-content\/uploads\/2019\/06\/09-muni-Diversidad.jpg 750w, https:\/\/www.hoymercedes.com.ar\/principal\/wp-content\/uploads\/2019\/06\/09-muni-Diversidad-150x100.jpg 150w, https:\/\/www.hoymercedes.com.ar\/principal\/wp-content\/uploads\/2019\/06\/09-muni-Diversidad-630x419.jpg 630w, https:\/\/www.hoymercedes.com.ar\/principal\/wp-content\/uploads\/2019\/06\/09-muni-Diversidad-720x480.jpg 720w, https:\/\/www.hoymercedes.com.ar\/principal\/wp-content\/uploads\/2019\/06\/09-muni-Diversidad-360x240.jpg 360w\" sizes=\"auto, (max-width: 750px) 100vw, 750px\" \/><\/figure>\n\n\n\n<p>Estuvieron presentes tambi\u00e9n los representantes locales de diferentes \u00e1reas e instituciones, como as\u00ed tambi\u00e9n la Secretaria de Seguridad Josefina Kelly, de Desarrollo Social, Jorgelina Silva y la Coordinadora de la Casa de la Mujer, Guadalupe Gonz\u00e1lez que fue la encargada de abrir la jornada y presentar a quien expuso, proveniente de la secretaria de derechos humanos provincial, siendo Alan Prieto.<\/p>\n\n\n\n<p>Fuente: Prensa Municipal<\/p>\n","protected":false},"excerpt":{"rendered":"<p>El Municipio de Mercedes, a trav\u00e9s de la Casa de la Mujer Juana Azurduy, promovieron la charla \u2013 capacitaci\u00f3n titulada: &#8230; <a title=\"Dieron charla sobre \u201cDiversidad Sexual e Identidad de G\u00e9nero\u201d\" class=\"read-more\" href=\"https:\/\/www.hoymercedes.com.ar\/principal\/2019\/06\/09\/dieron-charla-sobre-diversidad-sexual-e-identidad-de-genero\/\" aria-label=\"Leer m\u00e1s sobre Dieron charla sobre \u201cDiversidad Sexual e Identidad de G\u00e9nero\u201d\">Leer m\u00e1s<\/a><\/p>\n","protected":false},"author":1,"featured_media":94749,"comment_status":"closed","ping_status":"open","sticky":false,"template":"","format":"standard","meta":{"_monsterinsights_skip_tracking":false,"_monsterinsights_sitenote_active":false,"_monsterinsights_sitenote_note":"","_monsterinsights_sitenote_category":0,"jetpack_post_was_ever_published":false,"_jetpack_newsletter_access":"","_jetpack_dont_email_post_to_subs":false,"_jetpack_newsletter_tier_id":0,"_jetpack_memberships_contains_paywalled_content":false,"_jetpack_memberships_contains_paid_content":false,"footnotes":"","jetpack_publicize_message":"","jetpack_publicize_feature_enabled":true,"jetpack_social_post_already_shared":true,"jetpack_social_options":{"image_generator_settings":{"template":"highway","default_image_id":0,"font":"","enabled":false},"version":2},"_wpas_customize_per_network":false},"categories":[30],"tags":[11812,47,15286,244],"class_list":["post-94747","post","type-post","status-publish","format-standard","has-post-thumbnail","hentry","category-municipio","tag-diversidad-sexual","tag-educacion-2","tag-identidad-de-genero","tag-municipio-2","generate-columns","tablet-grid-50","mobile-grid-100","grid-parent","grid-50"],"jetpack_publicize_connections":[],"jetpack_featured_media_url":"https:\/\/www.hoymercedes.com.ar\/principal\/wp-content\/uploads\/2019\/06\/09-muni-Diversidad.jpg","wps_subtitle":"El viernes a la ma\u00f1ana","jetpack_sharing_enabled":true,"_links":{"self":[{"href":"https:\/\/www.hoymercedes.com.ar\/principal\/wp-json\/wp\/v2\/posts\/94747","targetHints":{"allow":["GET"]}}],"collection":[{"href":"https:\/\/www.hoymercedes.com.ar\/principal\/wp-json\/wp\/v2\/posts"}],"about":[{"href":"https:\/\/www.hoymercedes.com.ar\/principal\/wp-json\/wp\/v2\/types\/post"}],"author":[{"embeddable":true,"href":"https:\/\/www.hoymercedes.com.ar\/principal\/wp-json\/wp\/v2\/users\/1"}],"replies":[{"embeddable":true,"href":"https:\/\/www.hoymercedes.com.ar\/principal\/wp-json\/wp\/v2\/comments?post=94747"}],"version-history":[{"count":0,"href":"https:\/\/www.hoymercedes.com.ar\/principal\/wp-json\/wp\/v2\/posts\/94747\/revisions"}],"wp:featuredmedia":[{"embeddable":true,"href":"https:\/\/www.hoymercedes.com.ar\/principal\/wp-json\/wp\/v2\/media\/94749"}],"wp:attachment":[{"href":"https:\/\/www.hoymercedes.com.ar\/principal\/wp-json\/wp\/v2\/media?parent=94747"}],"wp:term":[{"taxonomy":"category","embeddable":true,"href":"https:\/\/www.hoymercedes.com.ar\/principal\/wp-json\/wp\/v2\/categories?post=94747"},{"taxonomy":"post_tag","embeddable":true,"href":"https:\/\/www.hoymercedes.com.ar\/principal\/wp-json\/wp\/v2\/tags?post=94747"}],"curies":[{"name":"wp","href":"https:\/\/api.w.org\/{rel}","templated":true}]}}