{"id":94752,"date":"2019-06-09T12:32:04","date_gmt":"2019-06-09T15:32:04","guid":{"rendered":"http:\/\/www.hoymercedes.com.ar\/principal\/?p=94752"},"modified":"2019-06-09T11:36:45","modified_gmt":"2019-06-09T14:36:45","slug":"anunciaron-ganadores-de-concurso-de-fotografia-de-aves","status":"publish","type":"post","link":"https:\/\/www.hoymercedes.com.ar\/principal\/2019\/06\/09\/anunciaron-ganadores-de-concurso-de-fotografia-de-aves\/","title":{"rendered":"Anunciaron ganadores de Concurso de fotograf\u00eda de Aves"},"content":{"rendered":"\n<p>El pasado 5 de junio, en los actos de celebraci\u00f3n por el D\u00eda Mundial del Ambiente se llev\u00f3 adelante la votaci\u00f3n y resoluci\u00f3n del \u00abConcurso de fotograf\u00eda de aves de la Ciudad de Mercedes\u00bb que organiz\u00f3 el \u00e1rea de ambiente de la comuna. Los primeros premios fueron para Diana Russo y Marcos Cirelli. Cada uno gan\u00f3 un par de binoculares y libros que ayudar\u00e1n para continuar con su conocimiento sobre las aves del partido de Mercedes.<\/p>\n\n\n\n<figure class=\"wp-block-image\"><img loading=\"lazy\" decoding=\"async\" width=\"750\" height=\"500\" data-attachment-id=\"94753\" data-permalink=\"https:\/\/www.hoymercedes.com.ar\/principal\/2019\/06\/09\/anunciaron-ganadores-de-concurso-de-fotografia-de-aves\/09-aves-locales\/#main\" data-orig-file=\"https:\/\/www.hoymercedes.com.ar\/principal\/wp-content\/uploads\/2019\/06\/09-aves-locales.jpg\" data-orig-size=\"750,500\" data-comments-opened=\"0\" data-image-meta=\"{&quot;aperture&quot;:&quot;0&quot;,&quot;credit&quot;:&quot;&quot;,&quot;camera&quot;:&quot;&quot;,&quot;caption&quot;:&quot;&quot;,&quot;created_timestamp&quot;:&quot;0&quot;,&quot;copyright&quot;:&quot;&quot;,&quot;focal_length&quot;:&quot;0&quot;,&quot;iso&quot;:&quot;0&quot;,&quot;shutter_speed&quot;:&quot;0&quot;,&quot;title&quot;:&quot;&quot;,&quot;orientation&quot;:&quot;0&quot;}\" data-image-title=\"09 aves locales\" data-image-description=\"\" data-image-caption=\"\" data-large-file=\"https:\/\/www.hoymercedes.com.ar\/principal\/wp-content\/uploads\/2019\/06\/09-aves-locales.jpg\" src=\"https:\/\/www.hoymercedes.com.ar\/principal\/wp-content\/uploads\/2019\/06\/09-aves-locales.jpg\" alt=\"\" class=\"wp-image-94753\" srcset=\"https:\/\/www.hoymercedes.com.ar\/principal\/wp-content\/uploads\/2019\/06\/09-aves-locales.jpg 750w, https:\/\/www.hoymercedes.com.ar\/principal\/wp-content\/uploads\/2019\/06\/09-aves-locales-150x100.jpg 150w, https:\/\/www.hoymercedes.com.ar\/principal\/wp-content\/uploads\/2019\/06\/09-aves-locales-630x420.jpg 630w, https:\/\/www.hoymercedes.com.ar\/principal\/wp-content\/uploads\/2019\/06\/09-aves-locales-720x480.jpg 720w, https:\/\/www.hoymercedes.com.ar\/principal\/wp-content\/uploads\/2019\/06\/09-aves-locales-360x240.jpg 360w\" sizes=\"auto, (max-width: 750px) 100vw, 750px\" \/><\/figure>\n\n\n\n<p>Con la participaci\u00f3n del jurado: Juan Cruz Mend\u00eda, Victoria Odell y Gustavo Bojorge. as\u00ed como tambi\u00e9n la votaci\u00f3n popular por parte de los asistentes al \u00abD\u00eda Mundial del Ambiente\u00bb, se determin\u00f3 que los ganadores, y sus respectivos premios, fueran: <\/p>\n\n\n\n<p>1- Binoculares. Diana Russo&nbsp;<br>2- Binoculares. Marcos Cirelli<br>3- Campera Mercedes Sustentable: Beatriz Games<br>4- Campera Mercedes Sustentable: Juan Pozzi<br>5- Campera Mercedes Sustentable: Silvina Campanari<\/p>\n\n\n\n<p>Todos los dem\u00e1s participantes recibir\u00e1n el libro de Aves de Mercedes de Gustavo Bojorge, editado el a\u00f1o pasado por la Comisi\u00f3n de Patrimonio.<\/p>\n\n\n\n<p>Los premios podr\u00e1n retirarlos a partir de lunes 10 de junio en la oficina del \u00e1rea de ambiente en la calle 36 N\u00b0 467, entre 21 y 19 o comunicarse al tel\u00e9fono 430355. <\/p>\n\n\n\n<p><\/p>\n","protected":false},"excerpt":{"rendered":"<p>El pasado 5 de junio, en los actos de celebraci\u00f3n por el D\u00eda Mundial del Ambiente se llev\u00f3 adelante la &#8230; <a title=\"Anunciaron ganadores de Concurso de fotograf\u00eda de Aves\" class=\"read-more\" href=\"https:\/\/www.hoymercedes.com.ar\/principal\/2019\/06\/09\/anunciaron-ganadores-de-concurso-de-fotografia-de-aves\/\" aria-label=\"Leer m\u00e1s sobre Anunciaron ganadores de Concurso de fotograf\u00eda de Aves\">Leer m\u00e1s<\/a><\/p>\n","protected":false},"author":1,"featured_media":94753,"comment_status":"closed","ping_status":"open","sticky":false,"template":"","format":"standard","meta":{"_monsterinsights_skip_tracking":false,"_monsterinsights_sitenote_active":false,"_monsterinsights_sitenote_note":"","_monsterinsights_sitenote_category":0,"jetpack_post_was_ever_published":false,"_jetpack_newsletter_access":"","_jetpack_dont_email_post_to_subs":false,"_jetpack_newsletter_tier_id":0,"_jetpack_memberships_contains_paywalled_content":false,"_jetpack_memberships_contains_paid_content":false,"footnotes":"","jetpack_publicize_message":"","jetpack_publicize_feature_enabled":true,"jetpack_social_post_already_shared":true,"jetpack_social_options":{"image_generator_settings":{"template":"highway","default_image_id":0,"font":"","enabled":false},"version":2},"_wpas_customize_per_network":false},"categories":[30],"tags":[15285,15284,244],"class_list":["post-94752","post","type-post","status-publish","format-standard","has-post-thumbnail","hentry","category-municipio","tag-concurso-fotografico","tag-dia-mundial-del-ambiente","tag-municipio-2","generate-columns","tablet-grid-50","mobile-grid-100","grid-parent","grid-50"],"jetpack_publicize_connections":[],"jetpack_featured_media_url":"https:\/\/www.hoymercedes.com.ar\/principal\/wp-content\/uploads\/2019\/06\/09-aves-locales.jpg","wps_subtitle":"","jetpack_sharing_enabled":true,"_links":{"self":[{"href":"https:\/\/www.hoymercedes.com.ar\/principal\/wp-json\/wp\/v2\/posts\/94752","targetHints":{"allow":["GET"]}}],"collection":[{"href":"https:\/\/www.hoymercedes.com.ar\/principal\/wp-json\/wp\/v2\/posts"}],"about":[{"href":"https:\/\/www.hoymercedes.com.ar\/principal\/wp-json\/wp\/v2\/types\/post"}],"author":[{"embeddable":true,"href":"https:\/\/www.hoymercedes.com.ar\/principal\/wp-json\/wp\/v2\/users\/1"}],"replies":[{"embeddable":true,"href":"https:\/\/www.hoymercedes.com.ar\/principal\/wp-json\/wp\/v2\/comments?post=94752"}],"version-history":[{"count":0,"href":"https:\/\/www.hoymercedes.com.ar\/principal\/wp-json\/wp\/v2\/posts\/94752\/revisions"}],"wp:featuredmedia":[{"embeddable":true,"href":"https:\/\/www.hoymercedes.com.ar\/principal\/wp-json\/wp\/v2\/media\/94753"}],"wp:attachment":[{"href":"https:\/\/www.hoymercedes.com.ar\/principal\/wp-json\/wp\/v2\/media?parent=94752"}],"wp:term":[{"taxonomy":"category","embeddable":true,"href":"https:\/\/www.hoymercedes.com.ar\/principal\/wp-json\/wp\/v2\/categories?post=94752"},{"taxonomy":"post_tag","embeddable":true,"href":"https:\/\/www.hoymercedes.com.ar\/principal\/wp-json\/wp\/v2\/tags?post=94752"}],"curies":[{"name":"wp","href":"https:\/\/api.w.org\/{rel}","templated":true}]}}